{"id":108857,"date":"2020-04-02T17:27:00","date_gmt":"2020-04-02T20:27:00","guid":{"rendered":"http:\/\/www.hoymercedes.com.ar\/principal\/?p=108857"},"modified":"2020-04-02T17:24:16","modified_gmt":"2020-04-02T20:24:16","slug":"el-gobierno-crea-programa-de-asistencia-de-emergencia-al-trabajo-y-la-produccion","status":"publish","type":"post","link":"https:\/\/www.hoymercedes.com.ar\/principal\/2020\/04\/02\/el-gobierno-crea-programa-de-asistencia-de-emergencia-al-trabajo-y-la-produccion\/","title":{"rendered":"El Gobierno crea Programa de Asistencia de Emergencia al Trabajo y la Producci\u00f3n"},"content":{"rendered":"\n<p> El Gobierno Nacional, mediante el\u00a0<a rel=\"noreferrer noopener\" target=\"_blank\" href=\"http:\/\/km2.bariloche.cc\/lt.php?c=21068&amp;m=12910&amp;nl=1127&amp;s=87178a32470259a83e89250ecea5e162&amp;lid=95979&amp;l=-https--redca.me\/2xJSFPu\">Decreto 332\/2020<\/a>, de crear el Programa de Asistencia de Emergencia al Trabajo y la Producci\u00f3n que tiene por objetivo atenuar el impacto econ\u00f3mico de la emergencia sanitaria por el coronavirus en las peque\u00f1as y medianas empresas. Se desconocen a\u00fan los detalles de su reglamentaci\u00f3n e implementaci\u00f3n, teniendo en cuenta la situaci\u00f3n que vive el sector. <\/p>\n\n\n\n<p> De acuerdo a la informaci\u00f3n provista hasta ahora, el programa cuenta con los siguientes beneficios:<br>&#8211; Postergaci\u00f3n o reducci\u00f3n de hasta el 95% del pago de las contribuciones patronales al Sistema Integrado Previsional Argentino.<br>&#8211; Asignaci\u00f3n Compensatoria al Salario: asignaci\u00f3n abonada por el Estado para todos los trabajadores y las trabajadoras en relaci\u00f3n de dependencia del sector privado, para empresas de hasta 100 empleados.<br>&#8211; REPRO Asistencia por la Emergencia Sanitaria: suma no contributiva respecto al Sistema Integrado Previsional Argentino abonada por el Estado para las y los trabajadores en relaci\u00f3n de dependencia del sector privado, en empleadores y empleadoras que superen los 100 trabajadores y trabajadoras.<br>&#8211; Sistema integral de prestaciones por desempleo: las y los trabajadores que re\u00fanan los requisitos previstos en las Leyes N\u00b0\u00a0<a rel=\"noreferrer noopener\" target=\"_blank\" href=\"http:\/\/km2.bariloche.cc\/lt.php?c=21068&amp;m=12910&amp;nl=1127&amp;s=87178a32470259a83e89250ecea5e162&amp;lid=95980&amp;l=-http--servicios.infoleg.gob.ar\/infolegInternet\/anexos\/0-4999\/412\/texact.htm\">24.013<\/a>\u00a0y\u00a0<a rel=\"noreferrer noopener\" target=\"_blank\" href=\"http:\/\/km2.bariloche.cc\/lt.php?c=21068&amp;m=12910&amp;nl=1127&amp;s=87178a32470259a83e89250ecea5e162&amp;lid=95981&amp;l=-http--servicios.infoleg.gob.ar\/infolegInternet\/verNorma.do--Q-id--E-65583\">25.371<\/a>\u00a0acceder\u00e1n a una prestaci\u00f3n econ\u00f3mica por desempleo. <\/p>\n\n\n\n<p> A su vez, los sujetos alcanzados por la normativa deben cumplir con los siguientes requisitos para acceder a los beneficios:<br>&#8211; Participar en las actividades econ\u00f3micas afectadas en forma cr\u00edtica en las zonas geogr\u00e1ficas donde se desarrollan.<br>&#8211; Cantidad relevante de trabajadores y trabajadoras contagiadas por el COVID-19 o en aislamiento obligatorio o con dispensa laboral por estar en grupo de riesgo u obligaciones de cuidado familiar relacionadas.<br>&#8211; Sustancial reducci\u00f3n en sus ventas con posterioridad al 20 de marzo de 2020. <\/p>\n\n\n\n<p> As\u00ed, los beneficiarios podr\u00e1n acceder a uno de los siguientes beneficios en materia de obligaciones emanadas del sistema de seguridad social como lo es la postergaci\u00f3n de los vencimientos para el pago de las contribuciones patronales al Sistemas Integrado Previsional Argentino y a la reducci\u00f3n de hasta el 95% de las contribuciones patronales al Sistema Integrado Previsional Argentino devengadas durante\u00a0abril del 2020. <\/p>\n\n\n\n<p> Este beneficio ser\u00e1 para empleadores cuyo n\u00famero total de trabajadores en relaci\u00f3n de dependencia, al 29 de febrero de 2020, no supere la cantidad de sesenta (60). Aquellas empresas que superen este n\u00famero deber\u00e1n promover el procedimiento preventivo de crisis para acceder al beneficio. <\/p>\n\n\n\n<p> En relaci\u00f3n a ello,\u00a0la Administraci\u00f3n Federal de Ingresos P\u00fablicos (AFIP) dispondr\u00e1 de los vencimientos especiales para el pago de las contribuciones patronales al Sistema Integrado Previsional Argentino devengadas durante los meses de marzo y abril y las facilidades para el pago de las mismas. <\/p>\n\n\n\n<p> Respecto a la Asignaci\u00f3n Compensatoria al Salario se encuentra dividida seg\u00fan la cantidad de empleados:<br>&#8211; Para los empleadores de hasta 25 trabajadores: 100% del salario bruto, con un valor m\u00e1ximo de un Salario M\u00ednimo Vital y M\u00f3vil vigente de 16.875 pesos.<br>&#8211; Para los empleadores de 26 a 60 trabajadores: 100% del salario bruto, con un valor m\u00e1ximo de hasta un 75% del Salario M\u00ednimo Vital y M\u00f3vil vigente.<br>&#8211; Para los empleadores de 61 a 100 trabajadores: 100% del salario bruto, con un valor m\u00e1ximo de hasta un 50% del Salario M\u00ednimo Vital y M\u00f3vil vigente. <\/p>\n\n\n\n<p> Es importante aclarar que los empleadores y empleadoras que sean beneficiarios por el Programa de Asistencia de Emergencia al Trabajo y la Producci\u00f3n deber\u00e1n acreditar ante la AFIP la n\u00f3mina del personal y su afectaci\u00f3n a las actividades alcanzadas. De esta manera, el Ministerio de Trabajo, Empleo y Seguridad Social considerar\u00e1 la informaci\u00f3n y documentaci\u00f3n remitidas por la empresa, podr\u00e1 relevar datos adicionales y disponer la realizaci\u00f3n de visitas de evaluaci\u00f3n. <\/p>\n\n\n\n<p> Por \u00faltimo, en relaci\u00f3n al Programa REPRO Asistencia por la Emergencia Sanitaria consistir\u00e1 en una asignaci\u00f3n no contributiva respecto al Sistema Integrado Previsional Argentino a trabajadoras y trabajadores a trav\u00e9s del Programa de Recuperaci\u00f3n Productiva. La prestaci\u00f3n por trabajador tendr\u00e1 un m\u00ednimo de PESOS SEIS MIL ($6.000) y un m\u00e1ximo de PESOS DIEZ MIL ($10.000). <\/p>\n\n\n\n<p>Para acceder al Decreto 332\/2020, haga\u00a0<a rel=\"noreferrer noopener\" target=\"_blank\" href=\"http:\/\/km2.bariloche.cc\/lt.php?c=21068&amp;m=12910&amp;nl=1127&amp;s=87178a32470259a83e89250ecea5e162&amp;lid=95979&amp;l=-https--redca.me\/2xJSFPu\">clic aqu\u00ed<\/a>.\u00a0 <\/p>\n","protected":false},"excerpt":{"rendered":"<p>El Gobierno Nacional, mediante el\u00a0Decreto 332\/2020, de crear el Programa de Asistencia de Emergencia al Trabajo y la Producci\u00f3n que &#8230; <a title=\"El Gobierno crea Programa de Asistencia de Emergencia al Trabajo y la Producci\u00f3n\" class=\"read-more\" href=\"https:\/\/www.hoymercedes.com.ar\/principal\/2020\/04\/02\/el-gobierno-crea-programa-de-asistencia-de-emergencia-al-trabajo-y-la-produccion\/\" aria-label=\"Leer m\u00e1s sobre El Gobierno crea Programa de Asistencia de Emergencia al Trabajo y la Producci\u00f3n\">Leer m\u00e1s<\/a><\/p>\n","protected":false},"author":1,"featured_media":108861,"comment_status":"closed","ping_status":"open","sticky":false,"template":"","format":"standard","meta":{"_monsterinsights_skip_tracking":false,"_monsterinsights_sitenote_active":false,"_monsterinsights_sitenote_note":"","_monsterinsights_sitenote_category":0,"jetpack_post_was_ever_published":false,"_jetpack_newsletter_access":"","_jetpack_dont_email_post_to_subs":false,"_jetpack_newsletter_tier_id":0,"_jetpack_memberships_contains_paywalled_content":false,"_jetpack_memberships_contains_paid_content":false,"footnotes":"","jetpack_publicize_message":"","jetpack_publicize_feature_enabled":true,"jetpack_social_post_already_shared":true,"jetpack_social_options":{"image_generator_settings":{"template":"highway","default_image_id":0,"font":"","enabled":false},"version":2},"_wpas_customize_per_network":false},"categories":[5210],"tags":[16175,16313,8786,14861,8912,8911],"class_list":["post-108857","post","type-post","status-publish","format-standard","has-post-thumbnail","hentry","category-politica-nacional","tag-coronavirus","tag-covid-19","tag-economia","tag-gobierno-nacional","tag-produccion","tag-trabajo","generate-columns","tablet-grid-50","mobile-grid-100","grid-parent","grid-50"],"jetpack_publicize_connections":[],"jetpack_featured_media_url":"https:\/\/www.hoymercedes.com.ar\/principal\/wp-content\/uploads\/2020\/04\/02-trabajo-produccion.jpeg","wps_subtitle":"","jetpack_sharing_enabled":true,"_links":{"self":[{"href":"https:\/\/www.hoymercedes.com.ar\/principal\/wp-json\/wp\/v2\/posts\/108857","targetHints":{"allow":["GET"]}}],"collection":[{"href":"https:\/\/www.hoymercedes.com.ar\/principal\/wp-json\/wp\/v2\/posts"}],"about":[{"href":"https:\/\/www.hoymercedes.com.ar\/principal\/wp-json\/wp\/v2\/types\/post"}],"author":[{"embeddable":true,"href":"https:\/\/www.hoymercedes.com.ar\/principal\/wp-json\/wp\/v2\/users\/1"}],"replies":[{"embeddable":true,"href":"https:\/\/www.hoymercedes.com.ar\/principal\/wp-json\/wp\/v2\/comments?post=108857"}],"version-history":[{"count":0,"href":"https:\/\/www.hoymercedes.com.ar\/principal\/wp-json\/wp\/v2\/posts\/108857\/revisions"}],"wp:featuredmedia":[{"embeddable":true,"href":"https:\/\/www.hoymercedes.com.ar\/principal\/wp-json\/wp\/v2\/media\/108861"}],"wp:attachment":[{"href":"https:\/\/www.hoymercedes.com.ar\/principal\/wp-json\/wp\/v2\/media?parent=108857"}],"wp:term":[{"taxonomy":"category","embeddable":true,"href":"https:\/\/www.hoymercedes.com.ar\/principal\/wp-json\/wp\/v2\/categories?post=108857"},{"taxonomy":"post_tag","embeddable":true,"href":"https:\/\/www.hoymercedes.com.ar\/principal\/wp-json\/wp\/v2\/tags?post=108857"}],"curies":[{"name":"wp","href":"https:\/\/api.w.org\/{rel}","templated":true}]}}