{"id":108877,"date":"2020-04-02T22:17:20","date_gmt":"2020-04-03T01:17:20","guid":{"rendered":"http:\/\/www.hoymercedes.com.ar\/principal\/?p=108877"},"modified":"2020-04-02T23:24:50","modified_gmt":"2020-04-03T02:24:50","slug":"coronavirus-132-nuevos-casos-confirmados-en-el-pais","status":"publish","type":"post","link":"https:\/\/www.hoymercedes.com.ar\/principal\/2020\/04\/02\/coronavirus-132-nuevos-casos-confirmados-en-el-pais\/","title":{"rendered":"Coronavirus: 132 nuevos casos confirmados en el pa\u00eds"},"content":{"rendered":"\n<p>En un nuevo informe nacional, se confirmaron nuevos diagn\u00f3sticos de COVID-19. El registro total de personas positivas en el pa\u00eds alcanza las 1265. Adem\u00e1s confirmaron en el d\u00eda de hoy que cuatro personas fallecieron a causa del virus. Entre ellos tres hombres de 73, 61 y 41 a\u00f1os y una mujer de 46. En total desde que se confirm\u00f3 el primer caso, murieron 36 personas. <\/p>\n\n\n\n<p>\ud83d\udcccHoy fueron confirmados 132 nuevos casos de COVID-19. Con estos registros, suman 1.265 positivos en el pa\u00eds. Del total de esos casos, 622 (49,2%) son importados, 398 (31,4%) son contactos estrechos de casos confirmados, 103 (8,14%) son casos de circulaci\u00f3n comunitaria y el resto se encuentra en investigaci\u00f3n epidemiol\u00f3gica.<\/p>\n\n\n\n<p>\ud83d\udcccSe registraron 4 nuevas muertes. Son tres hombres, uno de 73 a\u00f1os, residente en la Provincia de Mendoza; otro de 61 a\u00f1os, de la provincia de Chaco; y otro de 41 a\u00f1os, residente en la provincia de Buenos Aires; y una mujer de 46 a\u00f1os, residente en la provincia de Buenos Aires. Los fallecidos suman un total de 36. <\/p>\n\n\n\n<p>\ud83d\udcccDetalle por provincia (N\u00ba de confirmados | N\u00ba de acumulados):<br>\nBuenos Aires 36 | 316<br>\nCiudad de Buenos Aires 24 | 345<br>\nCatamarca 0 | 0<br>\nChaco 3 | 99<br>\nChubut 0 | 0<br>\nC\u00f3rdoba 16 | 117<br>\nCorrientes 1 | 22<br>\nEntre R\u00edos 2 | 16<br>\nFormosa 0 | 0<br>\nJujuy 2 | 5<br>\nLa Pampa 0 | 3<br>\nLa Rioja 3 | 4<br>\nMendoza 0 | 25<br>\nMisiones 0 | 3<br>\nNeuqu\u00e9n 4 | 28<br>\nR\u00edo Negro 0 | 9<br>\nSalta 0 | 3<br>\nSan Juan 0 | 1<br>\nSan Luis 2 | 9<br>\nSanta Cruz 2 | 21<br>\nSanta Fe 8 | 152<br>\nSantiago del Estero 1 | 3<br>\nTierra del Fuego 24 | 63<br>\nTucum\u00e1n 4 | 21<\/p>\n\n\n\n<p>*Aquellos casos confirmados que no est\u00e1n notificados por residencia, fueron contabilizados por provincia de carga.<\/p>\n\n\n\n<p>Aclaraci\u00f3n: la notificaci\u00f3n de los casos por jurisdicci\u00f3n se realiza teniendo en cuenta la residencia seg\u00fan el Registro Nacional de las Personas y en caso de no estar notificado la provincia de residencia, se asigna la provincia de carga. Pudiendo variar en funci\u00f3n de la investigaci\u00f3n de la jurisdicci\u00f3n<\/p>\n\n\n\n<p>Las autoridades contin\u00faan con las medidas intensivas para reducir la circulaci\u00f3n del virus al pa\u00eds y disminuir su transmisi\u00f3n. En este sentido es clave la estrategia de mitigaci\u00f3n de la mortalidad destinada a personas mayores de 60 a\u00f1os y personas que integren los grupos de riesgo.<\/p>\n\n\n\n<p>Para m\u00e1s informaci\u00f3n sobre la situaci\u00f3n de COVID-19:<br>\nhttps:\/\/www.argentina.gob.ar\/salud\/coronavirus-COVID-19<\/p>\n","protected":false},"excerpt":{"rendered":"<p>En un nuevo informe nacional, se confirmaron nuevos diagn\u00f3sticos de COVID-19. El registro total de personas positivas en el pa\u00eds &#8230; <a title=\"Coronavirus: 132 nuevos casos confirmados en el pa\u00eds\" class=\"read-more\" href=\"https:\/\/www.hoymercedes.com.ar\/principal\/2020\/04\/02\/coronavirus-132-nuevos-casos-confirmados-en-el-pais\/\" aria-label=\"Leer m\u00e1s sobre Coronavirus: 132 nuevos casos confirmados en el pa\u00eds\">Leer m\u00e1s<\/a><\/p>\n","protected":false},"author":1,"featured_media":107707,"comment_status":"closed","ping_status":"open","sticky":false,"template":"","format":"standard","meta":{"_monsterinsights_skip_tracking":false,"_monsterinsights_sitenote_active":false,"_monsterinsights_sitenote_note":"","_monsterinsights_sitenote_category":0,"jetpack_post_was_ever_published":false,"_jetpack_newsletter_access":"","_jetpack_dont_email_post_to_subs":false,"_jetpack_newsletter_tier_id":0,"_jetpack_memberships_contains_paywalled_content":false,"_jetpack_memberships_contains_paid_content":false,"footnotes":"","jetpack_publicize_message":"","jetpack_publicize_feature_enabled":true,"jetpack_social_post_already_shared":true,"jetpack_social_options":{"image_generator_settings":{"template":"highway","default_image_id":0,"font":"","enabled":false},"version":2},"_wpas_customize_per_network":false},"categories":[8],"tags":[16175,16313,15693],"class_list":["post-108877","post","type-post","status-publish","format-standard","has-post-thumbnail","hentry","category-sociedad","tag-coronavirus","tag-covid-19","tag-informe-nacional","generate-columns","tablet-grid-50","mobile-grid-100","grid-parent","grid-50"],"jetpack_publicize_connections":[],"jetpack_featured_media_url":"https:\/\/www.hoymercedes.com.ar\/principal\/wp-content\/uploads\/2020\/03\/covid-coronavirus.jpg","wps_subtitle":"Informe nacional","jetpack_sharing_enabled":true,"_links":{"self":[{"href":"https:\/\/www.hoymercedes.com.ar\/principal\/wp-json\/wp\/v2\/posts\/108877","targetHints":{"allow":["GET"]}}],"collection":[{"href":"https:\/\/www.hoymercedes.com.ar\/principal\/wp-json\/wp\/v2\/posts"}],"about":[{"href":"https:\/\/www.hoymercedes.com.ar\/principal\/wp-json\/wp\/v2\/types\/post"}],"author":[{"embeddable":true,"href":"https:\/\/www.hoymercedes.com.ar\/principal\/wp-json\/wp\/v2\/users\/1"}],"replies":[{"embeddable":true,"href":"https:\/\/www.hoymercedes.com.ar\/principal\/wp-json\/wp\/v2\/comments?post=108877"}],"version-history":[{"count":0,"href":"https:\/\/www.hoymercedes.com.ar\/principal\/wp-json\/wp\/v2\/posts\/108877\/revisions"}],"wp:featuredmedia":[{"embeddable":true,"href":"https:\/\/www.hoymercedes.com.ar\/principal\/wp-json\/wp\/v2\/media\/107707"}],"wp:attachment":[{"href":"https:\/\/www.hoymercedes.com.ar\/principal\/wp-json\/wp\/v2\/media?parent=108877"}],"wp:term":[{"taxonomy":"category","embeddable":true,"href":"https:\/\/www.hoymercedes.com.ar\/principal\/wp-json\/wp\/v2\/categories?post=108877"},{"taxonomy":"post_tag","embeddable":true,"href":"https:\/\/www.hoymercedes.com.ar\/principal\/wp-json\/wp\/v2\/tags?post=108877"}],"curies":[{"name":"wp","href":"https:\/\/api.w.org\/{rel}","templated":true}]}}