{"id":108879,"date":"2020-04-02T23:21:22","date_gmt":"2020-04-03T02:21:22","guid":{"rendered":"http:\/\/www.hoymercedes.com.ar\/principal\/?p=108879"},"modified":"2020-04-02T23:25:35","modified_gmt":"2020-04-03T02:25:35","slug":"coronavirus-ingreso-un-nuevo-caso-sospechoso-al-dubarry","status":"publish","type":"post","link":"https:\/\/www.hoymercedes.com.ar\/principal\/2020\/04\/02\/coronavirus-ingreso-un-nuevo-caso-sospechoso-al-dubarry\/","title":{"rendered":"Coronavirus: Ingres\u00f3 un nuevo caso sospechoso al Dubarry"},"content":{"rendered":"\n<p>A trav\u00e9s de una comunicaci\u00f3n oficial del Hospital Dubarry y el Municipio de Mercedes , informaron que en las \u00faltimas horas de la tarde ingres\u00f3 un nuevo caso sospechoso de coronavirus. En esta oportunidad, se trata de un hombre de 65 a\u00f1os que lleg\u00f3 a la ciudad el 22 de marzo y se mantuvo en cuarentena desde ese d\u00eda. <\/p>\n\n\n\n<p><strong>COMUNICACI\u00d3N OFICIAL<\/strong><\/p>\n\n\n\n<p>Por la presente se informa a la comunidad, que en el d\u00eda de la fecha, ingres\u00f3 al nosocomio un paciente de 65 a\u00f1os como CASO SOSPECHOSO DE COVID-19. <br>El mismo tiene antendendente de viaje a Italia. Lleg\u00f3 a nuestra ciudad el 22\/3 junto a su esposa, sin contactos con terceros.<br>Permanecer\u00e1 internado en aislamiento hasta que se confirme o descarte el caso por pruebas de laboratorio.<br>Se recuerda a la comunidad que la \u00fanica medida eficaz para prevenir los contagios, es el aislamiento social.<\/p>\n","protected":false},"excerpt":{"rendered":"<p>A trav\u00e9s de una comunicaci\u00f3n oficial del Hospital Dubarry y el Municipio de Mercedes , informaron que en las \u00faltimas &#8230; <a title=\"Coronavirus: Ingres\u00f3 un nuevo caso sospechoso al Dubarry\" class=\"read-more\" href=\"https:\/\/www.hoymercedes.com.ar\/principal\/2020\/04\/02\/coronavirus-ingreso-un-nuevo-caso-sospechoso-al-dubarry\/\" aria-label=\"Leer m\u00e1s sobre Coronavirus: Ingres\u00f3 un nuevo caso sospechoso al Dubarry\">Leer m\u00e1s<\/a><\/p>\n","protected":false},"author":1,"featured_media":75439,"comment_status":"closed","ping_status":"open","sticky":false,"template":"","format":"standard","meta":{"_monsterinsights_skip_tracking":false,"_monsterinsights_sitenote_active":false,"_monsterinsights_sitenote_note":"","_monsterinsights_sitenote_category":0,"jetpack_post_was_ever_published":false,"_jetpack_newsletter_access":"","_jetpack_dont_email_post_to_subs":false,"_jetpack_newsletter_tier_id":0,"_jetpack_memberships_contains_paywalled_content":false,"_jetpack_memberships_contains_paid_content":false,"footnotes":"","jetpack_publicize_message":"","jetpack_publicize_feature_enabled":true,"jetpack_social_post_already_shared":true,"jetpack_social_options":{"image_generator_settings":{"template":"highway","default_image_id":0,"font":"","enabled":false},"version":2},"_wpas_customize_per_network":false},"categories":[9791],"tags":[16400,16175,16313,140],"class_list":["post-108879","post","type-post","status-publish","format-standard","has-post-thumbnail","hentry","category-salud","tag-caso-sospechoso","tag-coronavirus","tag-covid-19","tag-hospital-dubarry","generate-columns","tablet-grid-50","mobile-grid-100","grid-parent","grid-50"],"jetpack_publicize_connections":[],"jetpack_featured_media_url":"https:\/\/www.hoymercedes.com.ar\/principal\/wp-content\/uploads\/2018\/05\/06-hospital-dubarry.jpg","wps_subtitle":"Ingres\u00f3 en la noche del jueves","jetpack_sharing_enabled":true,"_links":{"self":[{"href":"https:\/\/www.hoymercedes.com.ar\/principal\/wp-json\/wp\/v2\/posts\/108879","targetHints":{"allow":["GET"]}}],"collection":[{"href":"https:\/\/www.hoymercedes.com.ar\/principal\/wp-json\/wp\/v2\/posts"}],"about":[{"href":"https:\/\/www.hoymercedes.com.ar\/principal\/wp-json\/wp\/v2\/types\/post"}],"author":[{"embeddable":true,"href":"https:\/\/www.hoymercedes.com.ar\/principal\/wp-json\/wp\/v2\/users\/1"}],"replies":[{"embeddable":true,"href":"https:\/\/www.hoymercedes.com.ar\/principal\/wp-json\/wp\/v2\/comments?post=108879"}],"version-history":[{"count":0,"href":"https:\/\/www.hoymercedes.com.ar\/principal\/wp-json\/wp\/v2\/posts\/108879\/revisions"}],"wp:featuredmedia":[{"embeddable":true,"href":"https:\/\/www.hoymercedes.com.ar\/principal\/wp-json\/wp\/v2\/media\/75439"}],"wp:attachment":[{"href":"https:\/\/www.hoymercedes.com.ar\/principal\/wp-json\/wp\/v2\/media?parent=108879"}],"wp:term":[{"taxonomy":"category","embeddable":true,"href":"https:\/\/www.hoymercedes.com.ar\/principal\/wp-json\/wp\/v2\/categories?post=108879"},{"taxonomy":"post_tag","embeddable":true,"href":"https:\/\/www.hoymercedes.com.ar\/principal\/wp-json\/wp\/v2\/tags?post=108879"}],"curies":[{"name":"wp","href":"https:\/\/api.w.org\/{rel}","templated":true}]}}