{"id":108891,"date":"2020-04-03T09:30:00","date_gmt":"2020-04-03T12:30:00","guid":{"rendered":"http:\/\/www.hoymercedes.com.ar\/principal\/?p=108891"},"modified":"2020-04-03T12:06:02","modified_gmt":"2020-04-03T15:06:02","slug":"provincia-prohibe-la-suspension-del-servicio-electrico-y-de-agua","status":"publish","type":"post","link":"https:\/\/www.hoymercedes.com.ar\/principal\/2020\/04\/03\/provincia-prohibe-la-suspension-del-servicio-electrico-y-de-agua\/","title":{"rendered":"Provincia proh\u00edbe la suspensi\u00f3n del servicio el\u00e9ctrico y de agua"},"content":{"rendered":"\n<p>\n\nEn l\u00ednea con lo dispuesto por el Gobierno Nacional en el marco de la emergencia sanitaria, el gobernador de la provincia de Buenos Aires, Axel Kicillof, firm\u00f3 el decreto que establece que no se podr\u00e1n suspender los servicios de energ\u00eda el\u00e9ctrica y de agua potable y desag\u00fces cloacales a los usuarios y usuarias que adeuden hasta tres pagos.<\/p>\n\n\n\n<p>Los vencimientos de las facturas adeudadas deber\u00e1n ser desde el 1\u00b0 de marzo en adelante y los prestadores de estos servicios deber\u00e1n otorgar planes con facilidades de pago para cancelarlas. Adem\u00e1s, la norma establece que \u201cdeber\u00e1n dar adecuada publicidad a lo dispuesto en el presente decreto respecto de los servicios a su cargo\u201d.<\/p>\n\n\n\n<p>Por \u00faltimo, se invita a los municipios de la Provincia a adherir a estas medidas en relaci\u00f3n con los servicios que se encuentren bajo su jurisdicci\u00f3n.<\/p>\n\n\n\n<figure class=\"wp-block-table\"><table class=\"\"><tbody><tr><td><\/td><\/tr><\/tbody><\/table><\/figure>\n","protected":false},"excerpt":{"rendered":"<p>En l\u00ednea con lo dispuesto por el Gobierno Nacional en el marco de la emergencia sanitaria, el gobernador de la &#8230; <a title=\"Provincia proh\u00edbe la suspensi\u00f3n del servicio el\u00e9ctrico y de agua\" class=\"read-more\" href=\"https:\/\/www.hoymercedes.com.ar\/principal\/2020\/04\/03\/provincia-prohibe-la-suspension-del-servicio-electrico-y-de-agua\/\" aria-label=\"Leer m\u00e1s sobre Provincia proh\u00edbe la suspensi\u00f3n del servicio el\u00e9ctrico y de agua\">Leer m\u00e1s<\/a><\/p>\n","protected":false},"author":1,"featured_media":108401,"comment_status":"closed","ping_status":"open","sticky":false,"template":"","format":"standard","meta":{"_monsterinsights_skip_tracking":false,"_monsterinsights_sitenote_active":false,"_monsterinsights_sitenote_note":"","_monsterinsights_sitenote_category":0,"jetpack_post_was_ever_published":false,"_jetpack_newsletter_access":"","_jetpack_dont_email_post_to_subs":false,"_jetpack_newsletter_tier_id":0,"_jetpack_memberships_contains_paywalled_content":false,"_jetpack_memberships_contains_paid_content":false,"footnotes":"","jetpack_publicize_message":"","jetpack_publicize_feature_enabled":true,"jetpack_social_post_already_shared":true,"jetpack_social_options":{"image_generator_settings":{"template":"highway","default_image_id":0,"font":"","enabled":false},"version":2},"_wpas_customize_per_network":false},"categories":[8881],"tags":[16431,1803],"class_list":["post-108891","post","type-post","status-publish","format-standard","has-post-thumbnail","hentry","category-provincia","tag-luz-y-agua","tag-provincia","generate-columns","tablet-grid-50","mobile-grid-100","grid-parent","grid-50"],"jetpack_publicize_connections":[],"jetpack_featured_media_url":"https:\/\/www.hoymercedes.com.ar\/principal\/wp-content\/uploads\/2020\/03\/25-provincia.png","wps_subtitle":"Servicios","jetpack_sharing_enabled":true,"_links":{"self":[{"href":"https:\/\/www.hoymercedes.com.ar\/principal\/wp-json\/wp\/v2\/posts\/108891","targetHints":{"allow":["GET"]}}],"collection":[{"href":"https:\/\/www.hoymercedes.com.ar\/principal\/wp-json\/wp\/v2\/posts"}],"about":[{"href":"https:\/\/www.hoymercedes.com.ar\/principal\/wp-json\/wp\/v2\/types\/post"}],"author":[{"embeddable":true,"href":"https:\/\/www.hoymercedes.com.ar\/principal\/wp-json\/wp\/v2\/users\/1"}],"replies":[{"embeddable":true,"href":"https:\/\/www.hoymercedes.com.ar\/principal\/wp-json\/wp\/v2\/comments?post=108891"}],"version-history":[{"count":0,"href":"https:\/\/www.hoymercedes.com.ar\/principal\/wp-json\/wp\/v2\/posts\/108891\/revisions"}],"wp:featuredmedia":[{"embeddable":true,"href":"https:\/\/www.hoymercedes.com.ar\/principal\/wp-json\/wp\/v2\/media\/108401"}],"wp:attachment":[{"href":"https:\/\/www.hoymercedes.com.ar\/principal\/wp-json\/wp\/v2\/media?parent=108891"}],"wp:term":[{"taxonomy":"category","embeddable":true,"href":"https:\/\/www.hoymercedes.com.ar\/principal\/wp-json\/wp\/v2\/categories?post=108891"},{"taxonomy":"post_tag","embeddable":true,"href":"https:\/\/www.hoymercedes.com.ar\/principal\/wp-json\/wp\/v2\/tags?post=108891"}],"curies":[{"name":"wp","href":"https:\/\/api.w.org\/{rel}","templated":true}]}}