{"id":108902,"date":"2020-04-03T11:44:16","date_gmt":"2020-04-03T14:44:16","guid":{"rendered":"http:\/\/www.hoymercedes.com.ar\/principal\/?p=108902"},"modified":"2020-04-03T12:49:37","modified_gmt":"2020-04-03T15:49:37","slug":"extensas-colas-en-bancos-y-efectivo-si","status":"publish","type":"post","link":"https:\/\/www.hoymercedes.com.ar\/principal\/2020\/04\/03\/extensas-colas-en-bancos-y-efectivo-si\/","title":{"rendered":"Extensas colas en bancos y Efectivo S\u00ed"},"content":{"rendered":"\n<p>Desde las primeras horas de la ma\u00f1ana, minutos en los que la noche dejaba de serlo, comenzaron las colas en los bancos de la ciudad y principalmente en Efectivo S\u00ed, donde la mayor\u00eda de jubilados y pensionado reciben sus pagos previsionales. El Banco Central anunci\u00f3 que los  bancos abrir\u00e1n el s\u00e1bado 4 y el domingo 5, en el horario bancario. <\/p>\n\n\n\n<figure class=\"wp-block-image size-large\"><img loading=\"lazy\" decoding=\"async\" width=\"800\" height=\"534\" data-attachment-id=\"108903\" data-permalink=\"https:\/\/www.hoymercedes.com.ar\/principal\/2020\/04\/03\/extensas-colas-en-bancos-y-efectivo-si\/03-colas-bancos\/#main\" data-orig-file=\"https:\/\/www.hoymercedes.com.ar\/principal\/wp-content\/uploads\/2020\/04\/03-colas-bancos.jpg\" data-orig-size=\"800,534\" data-comments-opened=\"0\" data-image-meta=\"{&quot;aperture&quot;:&quot;0&quot;,&quot;credit&quot;:&quot;&quot;,&quot;camera&quot;:&quot;&quot;,&quot;caption&quot;:&quot;&quot;,&quot;created_timestamp&quot;:&quot;0&quot;,&quot;copyright&quot;:&quot;&quot;,&quot;focal_length&quot;:&quot;0&quot;,&quot;iso&quot;:&quot;0&quot;,&quot;shutter_speed&quot;:&quot;0&quot;,&quot;title&quot;:&quot;&quot;,&quot;orientation&quot;:&quot;0&quot;}\" data-image-title=\"03 colas bancos\" data-image-description=\"\" data-image-caption=\"\" data-large-file=\"https:\/\/www.hoymercedes.com.ar\/principal\/wp-content\/uploads\/2020\/04\/03-colas-bancos.jpg\" src=\"https:\/\/www.hoymercedes.com.ar\/principal\/wp-content\/uploads\/2020\/04\/03-colas-bancos.jpg\" alt=\"\" class=\"wp-image-108903\"\/><\/figure>\n\n\n\n<p>A trav\u00e9s de una comunicaci\u00f3n oficial, el Banco Central de la Rep\u00fablica Argentina  inform\u00f3 que \u00abdesde hoy abren los bancos \u00fanicamente para atender la demanda de las personas que no puedan cobrar sus jubilaciones, pensiones o planes y programas sociales por no contar con su Tarjeta de D\u00e9bito\u00bb. <\/p>\n\n\n\n<p>\u00abLas \u00fanicas operaciones disponibles ser\u00e1n los cobros de jubilaciones, pensiones o programas sociales de qui\u00e9nes no tienen tarjeta de d\u00e9bito. Los bancos no atender\u00e1n al p\u00fablico en general, en ning\u00fan caso.  Las personas jubiladas, pensionadas y beneficiarias de asignaciones sociales que s\u00ed cuenten con su tarjeta de d\u00e9bito deben utilizarla para extraer su dinero de los cajeros. <\/p>\n\n\n\n<p>\u00abDurante toda la cuarentena los bancos estar\u00e1n abiertos y atender\u00e1n a las personas que no puedan cobrar sus jubilaciones, pensiones o planes y programas sociales por no contar con su Tarjeta de D\u00e9bito. Dispusimos un estricto cumplimiento de las normativas sanitarias para preservar la salud de todas las personas, contemplando la provisi\u00f3n de elementos de limpieza y desinfecci\u00f3n\u00bb, agregan.  <\/p>\n\n\n\n<p>Sin embargo, las colas se extendieron porque son muchos los jubilados que no pudieron cobrar sus haberes de marzo, ni pudieron habilitar sus tarjetas de d\u00e9bitos, y otras personas que cobraban el adelanto de los tres mil pesos, m\u00e1s los beneficiarios de los servicios sociales que cobraban el ingreso de emergencia.  <\/p>\n","protected":false},"excerpt":{"rendered":"<p>Desde las primeras horas de la ma\u00f1ana, minutos en los que la noche dejaba de serlo, comenzaron las colas en &#8230; <a title=\"Extensas colas en bancos y Efectivo S\u00ed\" class=\"read-more\" href=\"https:\/\/www.hoymercedes.com.ar\/principal\/2020\/04\/03\/extensas-colas-en-bancos-y-efectivo-si\/\" aria-label=\"Leer m\u00e1s sobre Extensas colas en bancos y Efectivo S\u00ed\">Leer m\u00e1s<\/a><\/p>\n","protected":false},"author":1,"featured_media":108904,"comment_status":"closed","ping_status":"open","sticky":false,"template":"","format":"standard","meta":{"_monsterinsights_skip_tracking":false,"_monsterinsights_sitenote_active":false,"_monsterinsights_sitenote_note":"","_monsterinsights_sitenote_category":0,"jetpack_post_was_ever_published":false,"_jetpack_newsletter_access":"","_jetpack_dont_email_post_to_subs":false,"_jetpack_newsletter_tier_id":0,"_jetpack_memberships_contains_paywalled_content":false,"_jetpack_memberships_contains_paid_content":false,"footnotes":"","jetpack_publicize_message":"","jetpack_publicize_feature_enabled":true,"jetpack_social_post_already_shared":true,"jetpack_social_options":{"image_generator_settings":{"template":"highway","default_image_id":0,"font":"","enabled":false},"version":2},"_wpas_customize_per_network":false},"categories":[8],"tags":[12647,12649,16175,16313,16430],"class_list":["post-108902","post","type-post","status-publish","format-standard","has-post-thumbnail","hentry","category-sociedad","tag-bancos","tag-cobro","tag-coronavirus","tag-covid-19","tag-efectivo-si","generate-columns","tablet-grid-50","mobile-grid-100","grid-parent","grid-50"],"jetpack_publicize_connections":[],"jetpack_featured_media_url":"https:\/\/www.hoymercedes.com.ar\/principal\/wp-content\/uploads\/2020\/04\/03-colas-Efectsi.jpg","wps_subtitle":"Para cobrar jubilaciones e IFE","jetpack_sharing_enabled":true,"_links":{"self":[{"href":"https:\/\/www.hoymercedes.com.ar\/principal\/wp-json\/wp\/v2\/posts\/108902","targetHints":{"allow":["GET"]}}],"collection":[{"href":"https:\/\/www.hoymercedes.com.ar\/principal\/wp-json\/wp\/v2\/posts"}],"about":[{"href":"https:\/\/www.hoymercedes.com.ar\/principal\/wp-json\/wp\/v2\/types\/post"}],"author":[{"embeddable":true,"href":"https:\/\/www.hoymercedes.com.ar\/principal\/wp-json\/wp\/v2\/users\/1"}],"replies":[{"embeddable":true,"href":"https:\/\/www.hoymercedes.com.ar\/principal\/wp-json\/wp\/v2\/comments?post=108902"}],"version-history":[{"count":0,"href":"https:\/\/www.hoymercedes.com.ar\/principal\/wp-json\/wp\/v2\/posts\/108902\/revisions"}],"wp:featuredmedia":[{"embeddable":true,"href":"https:\/\/www.hoymercedes.com.ar\/principal\/wp-json\/wp\/v2\/media\/108904"}],"wp:attachment":[{"href":"https:\/\/www.hoymercedes.com.ar\/principal\/wp-json\/wp\/v2\/media?parent=108902"}],"wp:term":[{"taxonomy":"category","embeddable":true,"href":"https:\/\/www.hoymercedes.com.ar\/principal\/wp-json\/wp\/v2\/categories?post=108902"},{"taxonomy":"post_tag","embeddable":true,"href":"https:\/\/www.hoymercedes.com.ar\/principal\/wp-json\/wp\/v2\/tags?post=108902"}],"curies":[{"name":"wp","href":"https:\/\/api.w.org\/{rel}","templated":true}]}}