{"id":108919,"date":"2020-04-03T14:33:28","date_gmt":"2020-04-03T17:33:28","guid":{"rendered":"http:\/\/www.hoymercedes.com.ar\/principal\/?p=108919"},"modified":"2020-04-03T18:40:49","modified_gmt":"2020-04-03T21:40:49","slug":"coronavirus-nuevas-actividades-exceptuadas-para-trabajar-en-cuarentena","status":"publish","type":"post","link":"https:\/\/www.hoymercedes.com.ar\/principal\/2020\/04\/03\/coronavirus-nuevas-actividades-exceptuadas-para-trabajar-en-cuarentena\/","title":{"rendered":"Coronavirus: Nuevas actividades exceptuadas para trabajar en cuarentena"},"content":{"rendered":"\n<p> El Gobierno Nacional habilit\u00f3 nuevas actividades productivas para que den continuidad a sus procesos de producci\u00f3n y comercial.  A trav\u00e9s de la\u00a0Decisi\u00f3n Administrativa 450\/2020, ampli\u00f3 el listado de actividades y servicios considerados esenciales, como las que se encuentran vinculadas a la construcci\u00f3n, miner\u00eda, fabricaci\u00f3n de maquinaria agr\u00edcola, comercio exterior, mutuales y cooperativas de cr\u00e9dito, entre otras. <\/p>\n\n\n\n<p>Quienes desde ayer est\u00e1n exceptuados son ocho actividades y servicios que fueron declarados esenciales en la cuarentena por la pandemia de coronavirus. Entre ellos:<\/p>\n\n\n\n<ul class=\"wp-block-list\"><li>Venta de insumos y materiales de la construcci\u00f3n provistos por corralones.<\/li><li>Actividades vinculadas con la producci\u00f3n, distribuci\u00f3n y comercializaci\u00f3n forestal y minera.<\/li><li>Curtiembres, aserraderos y f\u00e1bricas de productos de madera, f\u00e1bricas de colchones y f\u00e1bricas de maquinaria vial y agr\u00edcola.<\/li><li>Actividades vinculadas con el comercio exterior: exportaciones de productos ya elaborados e importaciones esenciales para el funcionamiento de la econom\u00eda.<\/li><li>Exploraci\u00f3n, prospecci\u00f3n, producci\u00f3n, transformaci\u00f3n y comercializaci\u00f3n de combustible nuclear.<\/li><li>Servicios esenciales de mantenimiento y fumigaci\u00f3n.<\/li><li>Mutuales y cooperativas de cr\u00e9dito, mediante guardias m\u00ednimas de atenci\u00f3n, al solo efecto de garantizar el funcionamiento del sistema de cr\u00e9ditos y\/o de pagos.<\/li><li>Inscripci\u00f3n, identificaci\u00f3n y documentaci\u00f3n de personas.<br>  <\/li><\/ul>\n\n\n\n<p>Como en el resto de los casos de las actividades consideradas esenciales en el marco de la cuarentena por coronavirus, el personal que las realice deber\u00e1 tramitar el Certificado \u00danico Habilitante para Circulaci\u00f3n &#8211; Coronavirus Covid-19.  <\/p>\n\n\n\n<p>Para acceder a la Decisi\u00f3n Administrativa 450\/2020,\u00a0clic aqu\u00ed. <\/p>\n\n\n\n<div class=\"wp-block-file\"><a href=\"https:\/\/www.hoymercedes.com.ar\/principal\/wp-content\/uploads\/2020\/04\/Decisi\u00f3n-Administrativa-450-2020.pdf\">Decisi\u00f3n-Administrativa-450-2020<\/a><a href=\"https:\/\/www.hoymercedes.com.ar\/principal\/wp-content\/uploads\/2020\/04\/Decisi\u00f3n-Administrativa-450-2020.pdf\" class=\"wp-block-file__button\" download>Descarga<\/a><\/div>\n","protected":false},"excerpt":{"rendered":"<p>El Gobierno Nacional habilit\u00f3 nuevas actividades productivas para que den continuidad a sus procesos de producci\u00f3n y comercial. A trav\u00e9s &#8230; <a title=\"Coronavirus: Nuevas actividades exceptuadas para trabajar en cuarentena\" class=\"read-more\" href=\"https:\/\/www.hoymercedes.com.ar\/principal\/2020\/04\/03\/coronavirus-nuevas-actividades-exceptuadas-para-trabajar-en-cuarentena\/\" aria-label=\"Leer m\u00e1s sobre Coronavirus: Nuevas actividades exceptuadas para trabajar en cuarentena\">Leer m\u00e1s<\/a><\/p>\n","protected":false},"author":1,"featured_media":108921,"comment_status":"closed","ping_status":"open","sticky":false,"template":"","format":"standard","meta":{"_monsterinsights_skip_tracking":false,"_monsterinsights_sitenote_active":false,"_monsterinsights_sitenote_note":"","_monsterinsights_sitenote_category":0,"jetpack_post_was_ever_published":false,"_jetpack_newsletter_access":"","_jetpack_dont_email_post_to_subs":false,"_jetpack_newsletter_tier_id":0,"_jetpack_memberships_contains_paywalled_content":false,"_jetpack_memberships_contains_paid_content":false,"footnotes":"","jetpack_publicize_message":"","jetpack_publicize_feature_enabled":true,"jetpack_social_post_already_shared":true,"jetpack_social_options":{"image_generator_settings":{"template":"highway","default_image_id":0,"font":"","enabled":false},"version":2},"_wpas_customize_per_network":false},"categories":[8],"tags":[16351,16175,16313,9840,16435],"class_list":["post-108919","post","type-post","status-publish","format-standard","has-post-thumbnail","hentry","category-sociedad","tag-aislamiento-obligatorio","tag-coronavirus","tag-covid-19","tag-empresas","tag-excepciones","generate-columns","tablet-grid-50","mobile-grid-100","grid-parent","grid-50"],"jetpack_publicize_connections":[],"jetpack_featured_media_url":"https:\/\/www.hoymercedes.com.ar\/principal\/wp-content\/uploads\/2020\/04\/02-trabajo-produccion.jpg","wps_subtitle":"Disposici\u00f3n nacional","jetpack_sharing_enabled":true,"_links":{"self":[{"href":"https:\/\/www.hoymercedes.com.ar\/principal\/wp-json\/wp\/v2\/posts\/108919","targetHints":{"allow":["GET"]}}],"collection":[{"href":"https:\/\/www.hoymercedes.com.ar\/principal\/wp-json\/wp\/v2\/posts"}],"about":[{"href":"https:\/\/www.hoymercedes.com.ar\/principal\/wp-json\/wp\/v2\/types\/post"}],"author":[{"embeddable":true,"href":"https:\/\/www.hoymercedes.com.ar\/principal\/wp-json\/wp\/v2\/users\/1"}],"replies":[{"embeddable":true,"href":"https:\/\/www.hoymercedes.com.ar\/principal\/wp-json\/wp\/v2\/comments?post=108919"}],"version-history":[{"count":0,"href":"https:\/\/www.hoymercedes.com.ar\/principal\/wp-json\/wp\/v2\/posts\/108919\/revisions"}],"wp:featuredmedia":[{"embeddable":true,"href":"https:\/\/www.hoymercedes.com.ar\/principal\/wp-json\/wp\/v2\/media\/108921"}],"wp:attachment":[{"href":"https:\/\/www.hoymercedes.com.ar\/principal\/wp-json\/wp\/v2\/media?parent=108919"}],"wp:term":[{"taxonomy":"category","embeddable":true,"href":"https:\/\/www.hoymercedes.com.ar\/principal\/wp-json\/wp\/v2\/categories?post=108919"},{"taxonomy":"post_tag","embeddable":true,"href":"https:\/\/www.hoymercedes.com.ar\/principal\/wp-json\/wp\/v2\/tags?post=108919"}],"curies":[{"name":"wp","href":"https:\/\/api.w.org\/{rel}","templated":true}]}}