{"id":108947,"date":"2020-04-03T22:23:39","date_gmt":"2020-04-04T01:23:39","guid":{"rendered":"http:\/\/www.hoymercedes.com.ar\/principal\/?p=108947"},"modified":"2020-04-04T11:32:41","modified_gmt":"2020-04-04T14:32:41","slug":"coronavirus-suman-42-las-personas-fallecidas-en-el-pais-por-el-covid-19","status":"publish","type":"post","link":"https:\/\/www.hoymercedes.com.ar\/principal\/2020\/04\/03\/coronavirus-suman-42-las-personas-fallecidas-en-el-pais-por-el-covid-19\/","title":{"rendered":"Coronavirus: Suman 42 las personas fallecidas en el pa\u00eds por el COVID-19"},"content":{"rendered":"\n<p>En el cierre del d\u00eda, se inform\u00f3 a nivel nacional que se sumaron 88 casos confirmados de personas con el virus que recorre el mundo. Asimismo, se comunic\u00f3 que cinco personas fallecieron en el d\u00eda de hoy a causa del virus COVID-19. En Mercedes, por estos d\u00edas, s\u00f3lo una persona se encuentra internada a la espera de los resultados de los estudios para que confirmen o descarten presencia de coronavirus. <\/p>\n\n\n\n<p>El cierre del d\u00eda, viernes 3 en la ciudad de Mercedes dice que hay: Un vecino internado por sospecha desde el 2 de abril, 61 vecinos y vecinas en seguimiento por la secretar\u00eda de salud tras arribar de viaje al exterior, mientras que 216 vecinos y vecinas de alta en seguimiento por seguimiento tras arribar de viaje al exterior pasan al aislamiento preventivo social y obligatorio para todos los ciudadanos del pa\u00eds, tres causas penales a vecinos por no cumplir la normativa y van 43 Causas iniciadas desde el inicio del aislamiento social, preventivo y obligatorio.<\/p>\n\n\n\n<p>En tanto, el reporte nacional dice: <\/p>\n\n\n\n<p>\ud83d\udcccHoy fueron confirmados 88 nuevos casos de COVID-19. Con estos registros, suman 1.353 positivos en el pa\u00eds.<\/p>\n\n\n\n<p>\ud83d\udcccDel total de esos casos, 656 (48,5%) son importados, 444 (32,8%) son contactos estrechos de casos confirmados, 113 (8,4%) son casos de circulaci\u00f3n comunitaria y el resto se encuentra en investigaci\u00f3n epidemiol\u00f3gica.<\/p>\n\n\n\n<p>\ud83d\udcccSe registraron 5 nuevas muertes. 4 Hombres, dos residentes en la provincia de Buenos Aires de 87 y 72 a\u00f1os; otro de 60 a\u00f1os, residente en la provincia de Chaco; otro de 76 a\u00f1os, de nacionalidad espa\u00f1ola residente en la provincia de Mendoza; y una mujer de 53 a\u00f1os, residente en la provincia de Buenos Aires. Al momento la cantidad de personas fallecidas es 42.<\/p>\n\n\n\n<p>\ud83d\udcccDetalle por provincia (N\u00ba de confirmados | N\u00ba de acumulados) *:<br>\nBuenos Aires 22 | 338<br>\nCiudad de Buenos Aires 28 | 373<br>\nCatamarca 0 | 0<br>\nChaco 8 | 107<br>\nChubut 0 | 0<br>\nC\u00f3rdoba 14 | 131<br>\nCorrientes 0 | 22<br>\nEntre R\u00edos 2 | 18<br>\nFormosa 0 | 0<br>\nJujuy 0 | 5<br>\nLa Pampa 0 | 3<br>\nLa Rioja 0 | 4<br>\nMendoza 2 | 27<br>\nMisiones 0 | 3<br>\nNeuqu\u00e9n 1 | 29<br>\nR\u00edo Negro 1 | 10<br>\nSalta 0 | 3<br>\nSan Juan 0 | 1<br>\nSan Luis 1 | 10<br>\nSanta Cruz 0 | 21<br>\nSanta Fe 8 | 160<br>\nSantiago del Estero 0 | 3<br>\nTierra del Fuego 1 | 64<br>\nTucum\u00e1n 0 | 21<\/p>\n\n\n\n<p>*Aquellos casos confirmados que no est\u00e1n notificados por residencia, fueron contabilizados por provincia de carga.<\/p>\n\n\n\n<p>Aclaraci\u00f3n: la notificaci\u00f3n de los casos por jurisdicci\u00f3n se realiza teniendo en cuenta la residencia seg\u00fan el Registro Nacional de las Personas y en caso de no estar notificado la provincia de residencia, se asigna la provincia de carga. Pudiendo variar en funci\u00f3n de la investigaci\u00f3n de la jurisdicci\u00f3n<\/p>\n\n\n\n<p>Las autoridades contin\u00faan con las medidas intensivas para reducir la circulaci\u00f2n del virus al pa\u00eds y disminuir su transmisi\u00f3n. En este sentido es clave la estrategia de mitigaci\u00f3n de la mortalidad destinada a personas mayores de 60 a\u00f1os y personas que integren los grupos de riesgo.<\/p>\n\n\n\n<p>Para m\u00e1s informaci\u00f3n sobre la situaci\u00f3n de COVID-19:<br>\nhttps:\/\/www.argentina.gob.ar\/salud\/coronavirus-COVID-19<br>\nhttps:\/\/www.who.int\/emergencies\/diseases\/novel-coronavirus-2019<\/p>\n","protected":false},"excerpt":{"rendered":"<p>En el cierre del d\u00eda, se inform\u00f3 a nivel nacional que se sumaron 88 casos confirmados de personas con el &#8230; <a title=\"Coronavirus: Suman 42 las personas fallecidas en el pa\u00eds por el COVID-19\" class=\"read-more\" href=\"https:\/\/www.hoymercedes.com.ar\/principal\/2020\/04\/03\/coronavirus-suman-42-las-personas-fallecidas-en-el-pais-por-el-covid-19\/\" aria-label=\"Leer m\u00e1s sobre Coronavirus: Suman 42 las personas fallecidas en el pa\u00eds por el COVID-19\">Leer m\u00e1s<\/a><\/p>\n","protected":false},"author":1,"featured_media":108136,"comment_status":"closed","ping_status":"open","sticky":false,"template":"","format":"standard","meta":{"_monsterinsights_skip_tracking":false,"_monsterinsights_sitenote_active":false,"_monsterinsights_sitenote_note":"","_monsterinsights_sitenote_category":0,"jetpack_post_was_ever_published":false,"_jetpack_newsletter_access":"","_jetpack_dont_email_post_to_subs":false,"_jetpack_newsletter_tier_id":0,"_jetpack_memberships_contains_paywalled_content":false,"_jetpack_memberships_contains_paid_content":false,"footnotes":"","jetpack_publicize_message":"","jetpack_publicize_feature_enabled":true,"jetpack_social_post_already_shared":true,"jetpack_social_options":{"image_generator_settings":{"template":"highway","default_image_id":0,"font":"","enabled":false},"version":2},"_wpas_customize_per_network":false},"categories":[9791],"tags":[16175,16313,16440,16439],"class_list":["post-108947","post","type-post","status-publish","format-standard","has-post-thumbnail","hentry","category-salud","tag-coronavirus","tag-covid-19","tag-reporte-local","tag-reporte-nacional","generate-columns","tablet-grid-50","mobile-grid-100","grid-parent","grid-50"],"jetpack_publicize_connections":[],"jetpack_featured_media_url":"https:\/\/www.hoymercedes.com.ar\/principal\/wp-content\/uploads\/2020\/03\/2020-covid-coronavirus.jpg","wps_subtitle":"Reporte del d\u00eda","jetpack_sharing_enabled":true,"_links":{"self":[{"href":"https:\/\/www.hoymercedes.com.ar\/principal\/wp-json\/wp\/v2\/posts\/108947","targetHints":{"allow":["GET"]}}],"collection":[{"href":"https:\/\/www.hoymercedes.com.ar\/principal\/wp-json\/wp\/v2\/posts"}],"about":[{"href":"https:\/\/www.hoymercedes.com.ar\/principal\/wp-json\/wp\/v2\/types\/post"}],"author":[{"embeddable":true,"href":"https:\/\/www.hoymercedes.com.ar\/principal\/wp-json\/wp\/v2\/users\/1"}],"replies":[{"embeddable":true,"href":"https:\/\/www.hoymercedes.com.ar\/principal\/wp-json\/wp\/v2\/comments?post=108947"}],"version-history":[{"count":0,"href":"https:\/\/www.hoymercedes.com.ar\/principal\/wp-json\/wp\/v2\/posts\/108947\/revisions"}],"wp:featuredmedia":[{"embeddable":true,"href":"https:\/\/www.hoymercedes.com.ar\/principal\/wp-json\/wp\/v2\/media\/108136"}],"wp:attachment":[{"href":"https:\/\/www.hoymercedes.com.ar\/principal\/wp-json\/wp\/v2\/media?parent=108947"}],"wp:term":[{"taxonomy":"category","embeddable":true,"href":"https:\/\/www.hoymercedes.com.ar\/principal\/wp-json\/wp\/v2\/categories?post=108947"},{"taxonomy":"post_tag","embeddable":true,"href":"https:\/\/www.hoymercedes.com.ar\/principal\/wp-json\/wp\/v2\/tags?post=108947"}],"curies":[{"name":"wp","href":"https:\/\/api.w.org\/{rel}","templated":true}]}}