{"id":108987,"date":"2020-04-04T19:16:17","date_gmt":"2020-04-04T22:16:17","guid":{"rendered":"http:\/\/www.hoymercedes.com.ar\/principal\/?p=108987"},"modified":"2020-04-04T19:19:26","modified_gmt":"2020-04-04T22:19:26","slug":"coronavirus-lujan-suma-nuevos-casos-sospechosos","status":"publish","type":"post","link":"https:\/\/www.hoymercedes.com.ar\/principal\/2020\/04\/04\/coronavirus-lujan-suma-nuevos-casos-sospechosos\/","title":{"rendered":"Coronavirus: Luj\u00e1n suma nuevos casos sospechosos"},"content":{"rendered":"\n<p>La Secretar\u00eda de Salud de la Municipalidad de Luj\u00e1n inform\u00f3 este viernes, minutos despu\u00e9s de las 18.30, que se configur\u00f3 un nuevo caso sospechoso de Coronavirus en el Partido de Luj\u00e1n, el tercero en esta jornada.<\/p>\n\n\n\n<p>En este caso, \u201cse trata de una ni\u00f1a de 14 meses que tras presentar un cuadro de infecci\u00f3n respiratoria aguda grave se configur\u00f3 como un caso sospechoso\u201d, se\u00f1alaron.<\/p>\n\n\n\n<p>Tal como indica el protocolo de actuaci\u00f3n, se realizaron los estudios m\u00e9dicos pertinentes en coordinaci\u00f3n con la Regi\u00f3n Sanitaria 7. La paciente se encuentra internada en el Hospital Municipal, donde es asistida seg\u00fan el protocolo del COVID-19.<\/p>\n\n\n\n<p><strong>Cuatro personas en estudio<\/strong><\/p>\n\n\n\n<p>Este viernes se conoci\u00f3 que\u00a0<a href=\"https:\/\/www.lujanhoy.com.ar\/2020\/04\/03\/dos-nuevos-casos-sospechosos-de-coronavirus-en-lujan\/\" target=\"_blank\" rel=\"noopener\">otras dos personas se encuentran en estudio<\/a>.<br>Se trata de una mujer de 63 a\u00f1os con antecedente de contacto estrecho con un caso positivo y un hombre de 52 a\u00f1os sin antecedentes de viajes al exterior o contacto estrecho con un caso positivo. Uno de los pacientes se encuentra internado en el Hospital y el otro en la Cl\u00ednica G\u00fcemes.<\/p>\n\n\n\n<p>De esta manera, hasta el momento el Partido de Luj\u00e1n registra 3 casos positivos, 5 casos descartados, cuatro casos sospechosos (uno de ellos es\u00a0<a href=\"https:\/\/www.lujanhoy.com.ar\/2020\/04\/02\/coronavirus-dieron-negativo-dos-casos-sospechosos\/\" target=\"_blank\" rel=\"noopener\">una mujer de 43 a\u00f1os proveniente de otro Municipio<\/a>\u00a0con diagn\u00f3stico de infecci\u00f3n respiratoria aguda, quien se encuentra internada en un sanatorio privado) y 1 caso proveniente de otro municipio fallecido por Coronavirus.<\/p>\n\n\n\n<p>Fuente: Luj\u00e1n Hoy<br><\/p>\n","protected":false},"excerpt":{"rendered":"<p>La Secretar\u00eda de Salud de la Municipalidad de Luj\u00e1n inform\u00f3 este viernes, minutos despu\u00e9s de las 18.30, que se configur\u00f3 &#8230; <a title=\"Coronavirus: Luj\u00e1n suma nuevos casos sospechosos\" class=\"read-more\" href=\"https:\/\/www.hoymercedes.com.ar\/principal\/2020\/04\/04\/coronavirus-lujan-suma-nuevos-casos-sospechosos\/\" aria-label=\"Leer m\u00e1s sobre Coronavirus: Luj\u00e1n suma nuevos casos sospechosos\">Leer m\u00e1s<\/a><\/p>\n","protected":false},"author":1,"featured_media":108988,"comment_status":"closed","ping_status":"open","sticky":false,"template":"","format":"standard","meta":{"_monsterinsights_skip_tracking":false,"_monsterinsights_sitenote_active":false,"_monsterinsights_sitenote_note":"","_monsterinsights_sitenote_category":0,"jetpack_post_was_ever_published":false,"_jetpack_newsletter_access":"","_jetpack_dont_email_post_to_subs":false,"_jetpack_newsletter_tier_id":0,"_jetpack_memberships_contains_paywalled_content":false,"_jetpack_memberships_contains_paid_content":false,"footnotes":"","jetpack_publicize_message":"","jetpack_publicize_feature_enabled":true,"jetpack_social_post_already_shared":true,"jetpack_social_options":{"image_generator_settings":{"template":"highway","default_image_id":0,"font":"","enabled":false},"version":2},"_wpas_customize_per_network":false},"categories":[5501],"tags":[16420,16175,16313,9322,134],"class_list":["post-108987","post","type-post","status-publish","format-standard","has-post-thumbnail","hentry","category-region","tag-casos-sospechosos","tag-coronavirus","tag-covid-19","tag-region","tag-salud","generate-columns","tablet-grid-50","mobile-grid-100","grid-parent","grid-50"],"jetpack_publicize_connections":[],"jetpack_featured_media_url":"https:\/\/www.hoymercedes.com.ar\/principal\/wp-content\/uploads\/2020\/04\/HospitalFachada.jpg","wps_subtitle":"Salud regional","jetpack_sharing_enabled":true,"_links":{"self":[{"href":"https:\/\/www.hoymercedes.com.ar\/principal\/wp-json\/wp\/v2\/posts\/108987","targetHints":{"allow":["GET"]}}],"collection":[{"href":"https:\/\/www.hoymercedes.com.ar\/principal\/wp-json\/wp\/v2\/posts"}],"about":[{"href":"https:\/\/www.hoymercedes.com.ar\/principal\/wp-json\/wp\/v2\/types\/post"}],"author":[{"embeddable":true,"href":"https:\/\/www.hoymercedes.com.ar\/principal\/wp-json\/wp\/v2\/users\/1"}],"replies":[{"embeddable":true,"href":"https:\/\/www.hoymercedes.com.ar\/principal\/wp-json\/wp\/v2\/comments?post=108987"}],"version-history":[{"count":0,"href":"https:\/\/www.hoymercedes.com.ar\/principal\/wp-json\/wp\/v2\/posts\/108987\/revisions"}],"wp:featuredmedia":[{"embeddable":true,"href":"https:\/\/www.hoymercedes.com.ar\/principal\/wp-json\/wp\/v2\/media\/108988"}],"wp:attachment":[{"href":"https:\/\/www.hoymercedes.com.ar\/principal\/wp-json\/wp\/v2\/media?parent=108987"}],"wp:term":[{"taxonomy":"category","embeddable":true,"href":"https:\/\/www.hoymercedes.com.ar\/principal\/wp-json\/wp\/v2\/categories?post=108987"},{"taxonomy":"post_tag","embeddable":true,"href":"https:\/\/www.hoymercedes.com.ar\/principal\/wp-json\/wp\/v2\/tags?post=108987"}],"curies":[{"name":"wp","href":"https:\/\/api.w.org\/{rel}","templated":true}]}}