{"id":109013,"date":"2020-04-05T10:44:00","date_gmt":"2020-04-05T13:44:00","guid":{"rendered":"http:\/\/www.hoymercedes.com.ar\/principal\/?p=109013"},"modified":"2020-04-05T13:09:28","modified_gmt":"2020-04-05T16:09:28","slug":"anses-desde-el-lunes-se-podra-continuar-el-tramite-para-el-ife","status":"publish","type":"post","link":"https:\/\/www.hoymercedes.com.ar\/principal\/2020\/04\/05\/anses-desde-el-lunes-se-podra-continuar-el-tramite-para-el-ife\/","title":{"rendered":"ANSES: desde el lunes se podr\u00e1 continuar el tr\u00e1mite para el IFE"},"content":{"rendered":"\n<p>La ANSES comunica que los solicitantes del Ingreso Familiar de Emergencia (IFE) podr\u00e1n conocer, a partir de las 00 horas del lunes 6 de abril, si re\u00fanen los requisitos para poder acceder a esta prestaci\u00f3n extraordinaria de 10.000 pesos que se cobrar\u00e1 en el curso de este mes.<\/p>\n\n\n\n<p>Quienes hayan cumplido con los requisitos exigidos podr\u00e1n continuar con el tr\u00e1mite, siguiendo los pasos que oportunamente le comunique ANSES.<\/p>\n\n\n\n<p>Los solicitantes del IFE deber\u00e1n ingresar a consultar su situaci\u00f3n en la p\u00e1gina Web de la ANSES (<a rel=\"noreferrer noopener\" target=\"_blank\" href=\"http:\/\/www.anses.gob.ar\/\">www.anses.gob.ar<\/a>) de acuerdo con el siguiente cronograma:<\/p>\n\n\n\n<ul class=\"wp-block-list\"><li>DNI terminados en 0 y 1: lunes 6 de abril<\/li><li>DNI terminados en 2 y 3: martes 7 de abril<\/li><li>DNI terminados en 4 y 5: mi\u00e9rcoles 8 de abril<\/li><li>DNI terminados en 6 y 7: jueves 9 de abril<\/li><li>DNI terminados en 8 y 9: viernes 10 de abril<\/li><\/ul>\n","protected":false},"excerpt":{"rendered":"<p>La ANSES comunica que los solicitantes del Ingreso Familiar de Emergencia (IFE) podr\u00e1n conocer, a partir de las 00 horas &#8230; <a title=\"ANSES: desde el lunes se podr\u00e1 continuar el tr\u00e1mite para el IFE\" class=\"read-more\" href=\"https:\/\/www.hoymercedes.com.ar\/principal\/2020\/04\/05\/anses-desde-el-lunes-se-podra-continuar-el-tramite-para-el-ife\/\" aria-label=\"Leer m\u00e1s sobre ANSES: desde el lunes se podr\u00e1 continuar el tr\u00e1mite para el IFE\">Leer m\u00e1s<\/a><\/p>\n","protected":false},"author":1,"featured_media":73507,"comment_status":"closed","ping_status":"open","sticky":false,"template":"","format":"standard","meta":{"_monsterinsights_skip_tracking":false,"_monsterinsights_sitenote_active":false,"_monsterinsights_sitenote_note":"","_monsterinsights_sitenote_category":0,"jetpack_post_was_ever_published":false,"_jetpack_newsletter_access":"","_jetpack_dont_email_post_to_subs":false,"_jetpack_newsletter_tier_id":0,"_jetpack_memberships_contains_paywalled_content":false,"_jetpack_memberships_contains_paid_content":false,"footnotes":"","jetpack_publicize_message":"","jetpack_publicize_feature_enabled":true,"jetpack_social_post_already_shared":true,"jetpack_social_options":{"image_generator_settings":{"template":"highway","default_image_id":0,"font":"","enabled":false},"version":2},"_wpas_customize_per_network":false},"categories":[8],"tags":[4,8618,16416,8668],"class_list":["post-109013","post","type-post","status-publish","format-standard","has-post-thumbnail","hentry","category-sociedad","tag-anses","tag-cronograma","tag-ife","tag-inscripcion","generate-columns","tablet-grid-50","mobile-grid-100","grid-parent","grid-50"],"jetpack_publicize_connections":[],"jetpack_featured_media_url":"https:\/\/www.hoymercedes.com.ar\/principal\/wp-content\/uploads\/2018\/03\/15-anses-logo.jpg","wps_subtitle":"Para quienes se inscribieron","jetpack_sharing_enabled":true,"_links":{"self":[{"href":"https:\/\/www.hoymercedes.com.ar\/principal\/wp-json\/wp\/v2\/posts\/109013","targetHints":{"allow":["GET"]}}],"collection":[{"href":"https:\/\/www.hoymercedes.com.ar\/principal\/wp-json\/wp\/v2\/posts"}],"about":[{"href":"https:\/\/www.hoymercedes.com.ar\/principal\/wp-json\/wp\/v2\/types\/post"}],"author":[{"embeddable":true,"href":"https:\/\/www.hoymercedes.com.ar\/principal\/wp-json\/wp\/v2\/users\/1"}],"replies":[{"embeddable":true,"href":"https:\/\/www.hoymercedes.com.ar\/principal\/wp-json\/wp\/v2\/comments?post=109013"}],"version-history":[{"count":0,"href":"https:\/\/www.hoymercedes.com.ar\/principal\/wp-json\/wp\/v2\/posts\/109013\/revisions"}],"wp:featuredmedia":[{"embeddable":true,"href":"https:\/\/www.hoymercedes.com.ar\/principal\/wp-json\/wp\/v2\/media\/73507"}],"wp:attachment":[{"href":"https:\/\/www.hoymercedes.com.ar\/principal\/wp-json\/wp\/v2\/media?parent=109013"}],"wp:term":[{"taxonomy":"category","embeddable":true,"href":"https:\/\/www.hoymercedes.com.ar\/principal\/wp-json\/wp\/v2\/categories?post=109013"},{"taxonomy":"post_tag","embeddable":true,"href":"https:\/\/www.hoymercedes.com.ar\/principal\/wp-json\/wp\/v2\/tags?post=109013"}],"curies":[{"name":"wp","href":"https:\/\/api.w.org\/{rel}","templated":true}]}}