{"id":109016,"date":"2020-04-05T11:29:00","date_gmt":"2020-04-05T14:29:00","guid":{"rendered":"http:\/\/www.hoymercedes.com.ar\/principal\/?p=109016"},"modified":"2020-04-05T13:09:07","modified_gmt":"2020-04-05T16:09:07","slug":"convocan-a-profesionales-y-estudiantes-avanzados-de-medicina-y-enfermeria","status":"publish","type":"post","link":"https:\/\/www.hoymercedes.com.ar\/principal\/2020\/04\/05\/convocan-a-profesionales-y-estudiantes-avanzados-de-medicina-y-enfermeria\/","title":{"rendered":"Convocan a profesionales y estudiantes avanzados de medicina y enfermer\u00eda"},"content":{"rendered":"\n<p>El Hospital Blas L. Dubarry y la Municipalidad de Mercedes lanzaron la convocatoria a profesionales de la salud como as\u00ed tambi\u00e9n a estudiantes avanzados para cubrir cargos y brindar cuidados que ser\u00e1n sumamente necesarios para salvar vidas con miras al pico de gravedad de la pandemia internacional coronavirus esperado para las pr\u00f3ximas semanas.<\/p>\n\n\n\n<p>\u201cEstamos redoblando esfuerzos en todos los \u00e1mbitos posibles. En salud, seguridad, desarrollo social, servicios p\u00fablicos, educaci\u00f3n\u201d narr\u00f3 el jefe comunal Dr. Juan Ignacio Ustarroz y especific\u00f3 que \u201cahora estamos abriendo una convocatoria para contar con m\u00e1s profesionales y estudiantes avanzados de carreras como medicina, bioqu\u00edmicos y enfermer\u00eda para fortalecer el sistema de salud de la ciudad\u201d<\/p>\n\n\n\n<p>Por su parte, el Dr. Cassiani afirm\u00f3 que \u201cen el hospital hemos reforzado \u00e1reas, ampliado otras, modificado accesos y reorientado su infraestructura, pero necesitamos tambi\u00e9n el denominado recurso humano\u201d y coment\u00f3 \u201cestamos ante un escenario in\u00e9dito en la historia moderna de la humanidad. Afecta a todo el mundo y Mercedes est\u00e1 tomando medidas. Por eso necesitamos el compromiso de aquellos que pueden sumarse\u201d remarc\u00f3.<\/p>\n\n\n\n<p>Para quienes deseen informaci\u00f3n y mandar sus datos pueden escribir a&nbsp;<a rel=\"noreferrer noopener\" target=\"_blank\" href=\"mailto:recursoshumanos@mercedes.gob.ar\">recursoshumanos@mercedes.gob.ar<\/a><\/p>\n\n\n\n<p>Si bien la concentraci\u00f3n de los interesados se har\u00e1 desde la Municipalidad, la tarea se ejecutar\u00e1 en el sistema integrado que se est\u00e1 implementando que incluye los CAPS y el Dubarry.<br><\/p>\n","protected":false},"excerpt":{"rendered":"<p>El Hospital Blas L. Dubarry y la Municipalidad de Mercedes lanzaron la convocatoria a profesionales de la salud como as\u00ed &#8230; <a title=\"Convocan a profesionales y estudiantes avanzados de medicina y enfermer\u00eda\" class=\"read-more\" href=\"https:\/\/www.hoymercedes.com.ar\/principal\/2020\/04\/05\/convocan-a-profesionales-y-estudiantes-avanzados-de-medicina-y-enfermeria\/\" aria-label=\"Leer m\u00e1s sobre Convocan a profesionales y estudiantes avanzados de medicina y enfermer\u00eda\">Leer m\u00e1s<\/a><\/p>\n","protected":false},"author":1,"featured_media":109017,"comment_status":"closed","ping_status":"open","sticky":false,"template":"","format":"standard","meta":{"_monsterinsights_skip_tracking":false,"_monsterinsights_sitenote_active":false,"_monsterinsights_sitenote_note":"","_monsterinsights_sitenote_category":0,"jetpack_post_was_ever_published":false,"_jetpack_newsletter_access":"","_jetpack_dont_email_post_to_subs":false,"_jetpack_newsletter_tier_id":0,"_jetpack_memberships_contains_paywalled_content":false,"_jetpack_memberships_contains_paid_content":false,"footnotes":"","jetpack_publicize_message":"","jetpack_publicize_feature_enabled":true,"jetpack_social_post_already_shared":true,"jetpack_social_options":{"image_generator_settings":{"template":"highway","default_image_id":0,"font":"","enabled":false},"version":2},"_wpas_customize_per_network":false},"categories":[9791],"tags":[9168,624,10,134],"class_list":["post-109016","post","type-post","status-publish","format-standard","has-post-thumbnail","hentry","category-salud","tag-convocatoria","tag-hospital-blas-l-dubarry","tag-mercedes","tag-salud","generate-columns","tablet-grid-50","mobile-grid-100","grid-parent","grid-50"],"jetpack_publicize_connections":[],"jetpack_featured_media_url":"https:\/\/www.hoymercedes.com.ar\/principal\/wp-content\/uploads\/2020\/04\/05-convocatoria-hospi.jpg","wps_subtitle":"Atenci\u00f3n a pacientes","jetpack_sharing_enabled":true,"_links":{"self":[{"href":"https:\/\/www.hoymercedes.com.ar\/principal\/wp-json\/wp\/v2\/posts\/109016","targetHints":{"allow":["GET"]}}],"collection":[{"href":"https:\/\/www.hoymercedes.com.ar\/principal\/wp-json\/wp\/v2\/posts"}],"about":[{"href":"https:\/\/www.hoymercedes.com.ar\/principal\/wp-json\/wp\/v2\/types\/post"}],"author":[{"embeddable":true,"href":"https:\/\/www.hoymercedes.com.ar\/principal\/wp-json\/wp\/v2\/users\/1"}],"replies":[{"embeddable":true,"href":"https:\/\/www.hoymercedes.com.ar\/principal\/wp-json\/wp\/v2\/comments?post=109016"}],"version-history":[{"count":0,"href":"https:\/\/www.hoymercedes.com.ar\/principal\/wp-json\/wp\/v2\/posts\/109016\/revisions"}],"wp:featuredmedia":[{"embeddable":true,"href":"https:\/\/www.hoymercedes.com.ar\/principal\/wp-json\/wp\/v2\/media\/109017"}],"wp:attachment":[{"href":"https:\/\/www.hoymercedes.com.ar\/principal\/wp-json\/wp\/v2\/media?parent=109016"}],"wp:term":[{"taxonomy":"category","embeddable":true,"href":"https:\/\/www.hoymercedes.com.ar\/principal\/wp-json\/wp\/v2\/categories?post=109016"},{"taxonomy":"post_tag","embeddable":true,"href":"https:\/\/www.hoymercedes.com.ar\/principal\/wp-json\/wp\/v2\/tags?post=109016"}],"curies":[{"name":"wp","href":"https:\/\/api.w.org\/{rel}","templated":true}]}}