{"id":109021,"date":"2020-04-05T12:20:00","date_gmt":"2020-04-05T15:20:00","guid":{"rendered":"http:\/\/www.hoymercedes.com.ar\/principal\/?p=109021"},"modified":"2020-04-06T00:58:59","modified_gmt":"2020-04-06T03:58:59","slug":"fallecio-el-ex-concejal-lucas-vicky-gomez","status":"publish","type":"post","link":"https:\/\/www.hoymercedes.com.ar\/principal\/2020\/04\/05\/fallecio-el-ex-concejal-lucas-vicky-gomez\/","title":{"rendered":"Falleci\u00f3 el ex concejal Lucas \u00abVicky\u00bb G\u00f3mez"},"content":{"rendered":"\n<p>En la ma\u00f1ana del domingo 5 de abril se conoci\u00f3 el fallecimiento del pol\u00edtico justicialista y abogado Lucas \u00abVicky\u00bb G\u00f3mez. Jubilado de su profesi\u00f3n era hincha de Racing. Ten\u00eda 81 a\u00f1os. Fue concejal de la ciudad de Mercedes y presidente del bloque PJ, entre los a\u00f1os 1983 y 1994. <\/p>\n\n\n\n<p>En el primer gobierno del Intendente Julio C. Gioscio fue Secretario de Gobierno y con qui\u00e9n enfrent\u00f3 a las mafias de aquellos a\u00f1os, relacionadas con la trata de personas y la prostituci\u00f3n. <\/p>\n\n\n\n<p>En el acto por los 35 a\u00f1os de las eleccciones democr\u00e1ticas de 1983, fue uno de los principales oradores (Foto) y record\u00f3 aquellos a\u00f1os con historias y an\u00e9cdotas con el cuerpo deliberativo de aquellos a\u00f1os que presidi\u00f3 Eduardo Cerulli, fallecido tambi\u00e9n esta semana. <\/p>\n\n\n\n<p>En tiempos de aislamiento obligatorio, el concejal mandato cumplido no fue velado. Su traslado   al cementerio se llev\u00f3 adelante en la ma\u00f1ana del domingo. <\/p>\n","protected":false},"excerpt":{"rendered":"<p>En la ma\u00f1ana del domingo 5 de abril se conoci\u00f3 el fallecimiento del pol\u00edtico justicialista y abogado Lucas \u00abVicky\u00bb G\u00f3mez. &#8230; <a title=\"Falleci\u00f3 el ex concejal Lucas \u00abVicky\u00bb G\u00f3mez\" class=\"read-more\" href=\"https:\/\/www.hoymercedes.com.ar\/principal\/2020\/04\/05\/fallecio-el-ex-concejal-lucas-vicky-gomez\/\" aria-label=\"Leer m\u00e1s sobre Falleci\u00f3 el ex concejal Lucas \u00abVicky\u00bb G\u00f3mez\">Leer m\u00e1s<\/a><\/p>\n","protected":false},"author":1,"featured_media":109022,"comment_status":"closed","ping_status":"open","sticky":false,"template":"","format":"standard","meta":{"_monsterinsights_skip_tracking":false,"_monsterinsights_sitenote_active":false,"_monsterinsights_sitenote_note":"","_monsterinsights_sitenote_category":0,"jetpack_post_was_ever_published":false,"_jetpack_newsletter_access":"","_jetpack_dont_email_post_to_subs":false,"_jetpack_newsletter_tier_id":0,"_jetpack_memberships_contains_paywalled_content":false,"_jetpack_memberships_contains_paid_content":false,"footnotes":"","jetpack_publicize_message":"","jetpack_publicize_feature_enabled":true,"jetpack_social_post_already_shared":true,"jetpack_social_options":{"image_generator_settings":{"template":"highway","default_image_id":0,"font":"","enabled":false},"version":2},"_wpas_customize_per_network":false},"categories":[8],"tags":[8993,8777,15,16447],"class_list":["post-109021","post","type-post","status-publish","format-standard","has-post-thumbnail","hentry","category-sociedad","tag-concejales","tag-fallecimiento","tag-hcd","tag-lucas-gomez","generate-columns","tablet-grid-50","mobile-grid-100","grid-parent","grid-50"],"jetpack_publicize_connections":[],"jetpack_featured_media_url":"https:\/\/www.hoymercedes.com.ar\/principal\/wp-content\/uploads\/2020\/04\/05-lucas-vicky-gomez.jpg","wps_subtitle":"La pol\u00edtica de duelo","jetpack_sharing_enabled":true,"_links":{"self":[{"href":"https:\/\/www.hoymercedes.com.ar\/principal\/wp-json\/wp\/v2\/posts\/109021","targetHints":{"allow":["GET"]}}],"collection":[{"href":"https:\/\/www.hoymercedes.com.ar\/principal\/wp-json\/wp\/v2\/posts"}],"about":[{"href":"https:\/\/www.hoymercedes.com.ar\/principal\/wp-json\/wp\/v2\/types\/post"}],"author":[{"embeddable":true,"href":"https:\/\/www.hoymercedes.com.ar\/principal\/wp-json\/wp\/v2\/users\/1"}],"replies":[{"embeddable":true,"href":"https:\/\/www.hoymercedes.com.ar\/principal\/wp-json\/wp\/v2\/comments?post=109021"}],"version-history":[{"count":0,"href":"https:\/\/www.hoymercedes.com.ar\/principal\/wp-json\/wp\/v2\/posts\/109021\/revisions"}],"wp:featuredmedia":[{"embeddable":true,"href":"https:\/\/www.hoymercedes.com.ar\/principal\/wp-json\/wp\/v2\/media\/109022"}],"wp:attachment":[{"href":"https:\/\/www.hoymercedes.com.ar\/principal\/wp-json\/wp\/v2\/media?parent=109021"}],"wp:term":[{"taxonomy":"category","embeddable":true,"href":"https:\/\/www.hoymercedes.com.ar\/principal\/wp-json\/wp\/v2\/categories?post=109021"},{"taxonomy":"post_tag","embeddable":true,"href":"https:\/\/www.hoymercedes.com.ar\/principal\/wp-json\/wp\/v2\/tags?post=109021"}],"curies":[{"name":"wp","href":"https:\/\/api.w.org\/{rel}","templated":true}]}}