{"id":109033,"date":"2020-04-05T16:34:00","date_gmt":"2020-04-05T19:34:00","guid":{"rendered":"http:\/\/www.hoymercedes.com.ar\/principal\/?p=109033"},"modified":"2020-04-05T16:47:59","modified_gmt":"2020-04-05T19:47:59","slug":"coronavirus-el-caso-sospechoso-de-la-clinica-ingreso-el-viernes","status":"publish","type":"post","link":"https:\/\/www.hoymercedes.com.ar\/principal\/2020\/04\/05\/coronavirus-el-caso-sospechoso-de-la-clinica-ingreso-el-viernes\/","title":{"rendered":"Coronavirus: el caso sospechoso de la Cl\u00ednica ingres\u00f3 el viernes"},"content":{"rendered":"\n<p>En las \u00faltimas horas de la noche del s\u00e1bado se conoci\u00f3 la noticia de que hab\u00eda ingresado a la Cl\u00ednica Nueva Cruz Azul un paciente con s\u00edntomas afines al COVID-19. Esto determin\u00f3 que desde la instituci\u00f3n se active el protocolo para los casos sospechosos. <\/p>\n\n\n\n<p>A lo largo de las horas, se supo que la persona hab\u00eda ingresado en la noche del d\u00eda viernes 3 de abril. Se trata de un hombre de 37 a\u00f1os de edad que desde ese momento se encuentra aislado,  con buena evoluci\u00f3n, buen estado general y con personal exclusivo para brindarle la atenci\u00f3n necesaria.<\/p>\n\n\n\n<p>Tambi\u00e9n se supo que el hisopado fue enviado a un laboratorio privado, autorizado para realizar el an\u00e1lisis de COVID-19. Mientras esperan los resultados de los estudios analizan tambi\u00e9n el nexo epidemiol\u00f3gico para brindar mayor informaci\u00f3n en los pr\u00f3ximos d\u00edas. <\/p>\n\n\n\n<p>Colaboraci\u00f3n: Mariano Oyarz\u00fa. <\/p>\n","protected":false},"excerpt":{"rendered":"<p>En las \u00faltimas horas de la noche del s\u00e1bado se conoci\u00f3 la noticia de que hab\u00eda ingresado a la Cl\u00ednica &#8230; <a title=\"Coronavirus: el caso sospechoso de la Cl\u00ednica ingres\u00f3 el viernes\" class=\"read-more\" href=\"https:\/\/www.hoymercedes.com.ar\/principal\/2020\/04\/05\/coronavirus-el-caso-sospechoso-de-la-clinica-ingreso-el-viernes\/\" aria-label=\"Leer m\u00e1s sobre Coronavirus: el caso sospechoso de la Cl\u00ednica ingres\u00f3 el viernes\">Leer m\u00e1s<\/a><\/p>\n","protected":false},"author":1,"featured_media":108997,"comment_status":"closed","ping_status":"open","sticky":false,"template":"","format":"standard","meta":{"_monsterinsights_skip_tracking":false,"_monsterinsights_sitenote_active":false,"_monsterinsights_sitenote_note":"","_monsterinsights_sitenote_category":0,"jetpack_post_was_ever_published":false,"_jetpack_newsletter_access":"","_jetpack_dont_email_post_to_subs":false,"_jetpack_newsletter_tier_id":0,"_jetpack_memberships_contains_paywalled_content":false,"_jetpack_memberships_contains_paid_content":false,"footnotes":"","jetpack_publicize_message":"","jetpack_publicize_feature_enabled":true,"jetpack_social_post_already_shared":true,"jetpack_social_options":{"image_generator_settings":{"template":"highway","default_image_id":0,"font":"","enabled":false},"version":2},"_wpas_customize_per_network":false},"categories":[9791],"tags":[16448,16175,16313,134],"class_list":["post-109033","post","type-post","status-publish","format-standard","has-post-thumbnail","hentry","category-salud","tag-clinica-nueva-cruz-azul","tag-coronavirus","tag-covid-19","tag-salud","generate-columns","tablet-grid-50","mobile-grid-100","grid-parent","grid-50"],"jetpack_publicize_connections":[],"jetpack_featured_media_url":"https:\/\/www.hoymercedes.com.ar\/principal\/wp-content\/uploads\/2020\/04\/IMG-20200404-WA0069_copy_800x558.jpg","wps_subtitle":"Ampliamos","jetpack_sharing_enabled":true,"_links":{"self":[{"href":"https:\/\/www.hoymercedes.com.ar\/principal\/wp-json\/wp\/v2\/posts\/109033","targetHints":{"allow":["GET"]}}],"collection":[{"href":"https:\/\/www.hoymercedes.com.ar\/principal\/wp-json\/wp\/v2\/posts"}],"about":[{"href":"https:\/\/www.hoymercedes.com.ar\/principal\/wp-json\/wp\/v2\/types\/post"}],"author":[{"embeddable":true,"href":"https:\/\/www.hoymercedes.com.ar\/principal\/wp-json\/wp\/v2\/users\/1"}],"replies":[{"embeddable":true,"href":"https:\/\/www.hoymercedes.com.ar\/principal\/wp-json\/wp\/v2\/comments?post=109033"}],"version-history":[{"count":0,"href":"https:\/\/www.hoymercedes.com.ar\/principal\/wp-json\/wp\/v2\/posts\/109033\/revisions"}],"wp:featuredmedia":[{"embeddable":true,"href":"https:\/\/www.hoymercedes.com.ar\/principal\/wp-json\/wp\/v2\/media\/108997"}],"wp:attachment":[{"href":"https:\/\/www.hoymercedes.com.ar\/principal\/wp-json\/wp\/v2\/media?parent=109033"}],"wp:term":[{"taxonomy":"category","embeddable":true,"href":"https:\/\/www.hoymercedes.com.ar\/principal\/wp-json\/wp\/v2\/categories?post=109033"},{"taxonomy":"post_tag","embeddable":true,"href":"https:\/\/www.hoymercedes.com.ar\/principal\/wp-json\/wp\/v2\/tags?post=109033"}],"curies":[{"name":"wp","href":"https:\/\/api.w.org\/{rel}","templated":true}]}}