{"id":109036,"date":"2020-04-05T18:17:54","date_gmt":"2020-04-05T21:17:54","guid":{"rendered":"http:\/\/www.hoymercedes.com.ar\/principal\/?p=109036"},"modified":"2020-04-06T13:53:55","modified_gmt":"2020-04-06T16:53:55","slug":"control-de-precios-presidente-fernandez-firmara-decreto-para-que-intendentes-puedan-sancionar-especuladores","status":"publish","type":"post","link":"https:\/\/www.hoymercedes.com.ar\/principal\/2020\/04\/05\/control-de-precios-presidente-fernandez-firmara-decreto-para-que-intendentes-puedan-sancionar-especuladores\/","title":{"rendered":"Control de precios: Presidente Fern\u00e1ndez firmar\u00e1 decreto para que intendentes puedan sancionar especuladores"},"content":{"rendered":"\n<figure class=\"wp-block-embed-youtube wp-block-embed is-type-video is-provider-youtube wp-embed-aspect-16-9 wp-has-aspect-ratio\"><div class=\"wp-block-embed__wrapper\">\n<span class=\"embed-youtube\" style=\"text-align:center; display: block;\"><iframe loading=\"lazy\" class=\"youtube-player\" width=\"1200\" height=\"675\" src=\"https:\/\/www.youtube.com\/embed\/8_AW0I_6wa0?version=3&#038;rel=1&#038;showsearch=0&#038;showinfo=1&#038;iv_load_policy=1&#038;fs=1&#038;hl=es-ES&#038;autohide=2&#038;wmode=transparent\" allowfullscreen=\"true\" style=\"border:0;\" sandbox=\"allow-scripts allow-same-origin allow-popups allow-presentation allow-popups-to-escape-sandbox\"><\/iframe><\/span>\n<\/div><\/figure>\n\n\n\n<p><\/p>\n\n\n\n<p>A trav\u00e9s de una decisi\u00f3n del\npresidente Fern\u00e1ndez los intendentes podr\u00e1n tener m\u00e1s control en la aplicaci\u00f3n\nde la ley de defensa del consumidor. Se buscar\u00e1 un control m\u00e1s cercano y\nestricto. La noticia surgi\u00f3 tras una entrevista en el portal \u201cEl Cohete a la\nLuna\u201d y se convirti\u00f3 en uno de los datos del d\u00eda.<\/p>\n\n\n\n<p>El presidente afirmo que los\nfuertes incrementos en los precios no se dan \u00abni en las productoras de\nalimentos ni en los grandes supermercados, sino en los distribuidores y\nnegocios de cercan\u00eda\u00bb.<\/p>\n\n\n\n<p>Se inform\u00f3 que el lunes se\nfirmar\u00e1 el decreto con el cual brinda m\u00e1s poder a los intendentes para\nintervenir y sancionar a nivel local. <\/p>\n","protected":false},"excerpt":{"rendered":"<p>A trav\u00e9s de una decisi\u00f3n del presidente Fern\u00e1ndez los intendentes podr\u00e1n tener m\u00e1s control en la aplicaci\u00f3n de la ley &#8230; <a title=\"Control de precios: Presidente Fern\u00e1ndez firmar\u00e1 decreto para que intendentes puedan sancionar especuladores\" class=\"read-more\" href=\"https:\/\/www.hoymercedes.com.ar\/principal\/2020\/04\/05\/control-de-precios-presidente-fernandez-firmara-decreto-para-que-intendentes-puedan-sancionar-especuladores\/\" aria-label=\"Leer m\u00e1s sobre Control de precios: Presidente Fern\u00e1ndez firmar\u00e1 decreto para que intendentes puedan sancionar especuladores\">Leer m\u00e1s<\/a><\/p>\n","protected":false},"author":1,"featured_media":0,"comment_status":"closed","ping_status":"open","sticky":false,"template":"","format":"standard","meta":{"_monsterinsights_skip_tracking":false,"_monsterinsights_sitenote_active":false,"_monsterinsights_sitenote_note":"","_monsterinsights_sitenote_category":0,"jetpack_post_was_ever_published":false,"_jetpack_newsletter_access":"","_jetpack_dont_email_post_to_subs":false,"_jetpack_newsletter_tier_id":0,"_jetpack_memberships_contains_paywalled_content":false,"_jetpack_memberships_contains_paid_content":false,"footnotes":"","jetpack_publicize_message":"","jetpack_publicize_feature_enabled":true,"jetpack_social_post_already_shared":true,"jetpack_social_options":{"image_generator_settings":{"template":"highway","default_image_id":0,"font":"","enabled":false},"version":2},"_wpas_customize_per_network":false},"categories":[5210],"tags":[16394,8786,185,11760],"class_list":["post-109036","post","type-post","status-publish","format-standard","hentry","category-politica-nacional","tag-control-de-precios","tag-economia","tag-nacion","tag-presidencia","generate-columns","tablet-grid-50","mobile-grid-100","grid-parent","grid-50"],"jetpack_publicize_connections":[],"jetpack_featured_media_url":"","wps_subtitle":"Especulaci\u00f3n comercial","jetpack_sharing_enabled":true,"_links":{"self":[{"href":"https:\/\/www.hoymercedes.com.ar\/principal\/wp-json\/wp\/v2\/posts\/109036","targetHints":{"allow":["GET"]}}],"collection":[{"href":"https:\/\/www.hoymercedes.com.ar\/principal\/wp-json\/wp\/v2\/posts"}],"about":[{"href":"https:\/\/www.hoymercedes.com.ar\/principal\/wp-json\/wp\/v2\/types\/post"}],"author":[{"embeddable":true,"href":"https:\/\/www.hoymercedes.com.ar\/principal\/wp-json\/wp\/v2\/users\/1"}],"replies":[{"embeddable":true,"href":"https:\/\/www.hoymercedes.com.ar\/principal\/wp-json\/wp\/v2\/comments?post=109036"}],"version-history":[{"count":0,"href":"https:\/\/www.hoymercedes.com.ar\/principal\/wp-json\/wp\/v2\/posts\/109036\/revisions"}],"wp:attachment":[{"href":"https:\/\/www.hoymercedes.com.ar\/principal\/wp-json\/wp\/v2\/media?parent=109036"}],"wp:term":[{"taxonomy":"category","embeddable":true,"href":"https:\/\/www.hoymercedes.com.ar\/principal\/wp-json\/wp\/v2\/categories?post=109036"},{"taxonomy":"post_tag","embeddable":true,"href":"https:\/\/www.hoymercedes.com.ar\/principal\/wp-json\/wp\/v2\/tags?post=109036"}],"curies":[{"name":"wp","href":"https:\/\/api.w.org\/{rel}","templated":true}]}}