{"id":109054,"date":"2020-04-05T23:02:44","date_gmt":"2020-04-06T02:02:44","guid":{"rendered":"http:\/\/www.hoymercedes.com.ar\/principal\/?p=109054"},"modified":"2020-04-06T13:51:24","modified_gmt":"2020-04-06T16:51:24","slug":"coronavirus-informe-del-dia-domingo","status":"publish","type":"post","link":"https:\/\/www.hoymercedes.com.ar\/principal\/2020\/04\/05\/coronavirus-informe-del-dia-domingo\/","title":{"rendered":"Coronavirus: informe del d\u00eda domingo"},"content":{"rendered":"\n<p>A nivel nacional y en el orden local, se brindaron sendos informes sobre casos sospechosos y pacientes confirmados positivos con el Covid-19. En la ciudad se espera aun los resultados de los dos casos sospechosos mientras en el pa\u00eds se han confirmado como positivo 103 casos, a lo cual se le suman dos personas que fallecieron a causa del coronavirus.<\/p>\n\n\n\n<p>En Mercedes: <\/p>\n\n\n\n<ul class=\"wp-block-list\"><li>2 Casos sospechosos. Uno en Hospital Dubarry desde el 2 de abril y otro en Cl\u00ednica desde el 3 de abril.<\/li><li>34 vecinos y vecina contin\u00faan en aislamiento con seguimiendo de la Secretar\u00eda de Salud.<\/li><li>243 vecinos y vecinas finalizaron el aislamiento con asistencia de la Secretar\u00eda de Salud y pasan al aislamiento social preventivo obligatorio como cualquier otro ciudadano.<\/li><li>6 Masculinos fueron detenidos y se le inici\u00f3 causa por violar sin motivo el aislamiento.<\/li><li>158 Vecinos y vecinas tienen causa por violar sin motivo el aislamiento sin motivo desde iniciado el mismo.<\/li><\/ul>\n\n\n\n<p>En el pa\u00eds: <\/p>\n\n\n\n<p>\ud83d\udcccHoy fueron confirmados 103 nuevos casos de COVID-19. Con estos registros, suman 1.554 positivos en el pa\u00eds.<\/p>\n\n\n\n<p>\ud83d\udcccDel total de esos casos, 695 (44,7%) son importados, 536 (34,5%) son contactos estrechos de casos confirmados, 148 (9,5%) son casos de circulaci\u00f3n comunitaria y el resto se encuentra en investigaci\u00f3n epidemiol\u00f3gica.<\/p>\n\n\n\n<p>\ud83d\udcccSe registraron 2 nuevas muertes. Dos hombres, uno de 72 a\u00f1os residente en la provincia de Buenos Aires y otro de 66 a\u00f1os residente en la provincia de C\u00f3rdoba. Al momento la cantidad de personas fallecidas es 46.<\/p>\n\n\n\n<p>\ud83d\udcccDetalle por provincia (N\u00ba de confirmados | N\u00ba de acumulados)*:<br>\nBuenos Aires 33 | 397<br>\nCiudad de Buenos Aires 32 | 439<br>\nCatamarca 0 | 0<br>\nChaco 0 | 115<br>\nChubut 0 | 0<br>\nC\u00f3rdoba 5 | 139<br>\nCorrientes 0 | 22<br>\nEntre R\u00edos 1 | 19<br>\nFormosa 0 | 0<br>\nJujuy 0 | 5<br>\nLa Pampa 0 | 3<br>\nLa Rioja 2 | 8<br>\nMendoza 2 | 29<br>\nMisiones 0 | 3<br>\nNeuqu\u00e9n 11 | 44<br>\nR\u00edo Negro 2 | 17<br>\nSalta 0 | 3<br>\nSan Juan 0 | 1<br>\nSan Luis 0 | 10<br>\nSanta Cruz 1 | 23<br>\nSanta Fe 11 | 176<br>\nSantiago del Estero 0 | 4<br>\nTierra del Fuego 3 | 75<br>\nTucum\u00e1n 0 | 22<\/p>\n\n\n\n<p>*Aquellos casos confirmados que no est\u00e1n notificados por residencia, fueron contabilizados por provincia de carga.<\/p>\n\n\n\n<p><\/p>\n","protected":false},"excerpt":{"rendered":"<p>A nivel nacional y en el orden local, se brindaron sendos informes sobre casos sospechosos y pacientes confirmados positivos con &#8230; <a title=\"Coronavirus: informe del d\u00eda domingo\" class=\"read-more\" href=\"https:\/\/www.hoymercedes.com.ar\/principal\/2020\/04\/05\/coronavirus-informe-del-dia-domingo\/\" aria-label=\"Leer m\u00e1s sobre Coronavirus: informe del d\u00eda domingo\">Leer m\u00e1s<\/a><\/p>\n","protected":false},"author":1,"featured_media":108136,"comment_status":"closed","ping_status":"open","sticky":false,"template":"","format":"standard","meta":{"_monsterinsights_skip_tracking":false,"_monsterinsights_sitenote_active":false,"_monsterinsights_sitenote_note":"","_monsterinsights_sitenote_category":0,"jetpack_post_was_ever_published":false,"_jetpack_newsletter_access":"","_jetpack_dont_email_post_to_subs":false,"_jetpack_newsletter_tier_id":0,"_jetpack_memberships_contains_paywalled_content":false,"_jetpack_memberships_contains_paid_content":false,"footnotes":"","jetpack_publicize_message":"","jetpack_publicize_feature_enabled":true,"jetpack_social_post_already_shared":true,"jetpack_social_options":{"image_generator_settings":{"template":"highway","default_image_id":0,"font":"","enabled":false},"version":2},"_wpas_customize_per_network":false},"categories":[9791],"tags":[16175,16313,16456,134],"class_list":["post-109054","post","type-post","status-publish","format-standard","has-post-thumbnail","hentry","category-salud","tag-coronavirus","tag-covid-19","tag-informe-diario","tag-salud","generate-columns","tablet-grid-50","mobile-grid-100","grid-parent","grid-50"],"jetpack_publicize_connections":[],"jetpack_featured_media_url":"https:\/\/www.hoymercedes.com.ar\/principal\/wp-content\/uploads\/2020\/03\/2020-covid-coronavirus.jpg","wps_subtitle":"Informes oficiales","jetpack_sharing_enabled":true,"_links":{"self":[{"href":"https:\/\/www.hoymercedes.com.ar\/principal\/wp-json\/wp\/v2\/posts\/109054","targetHints":{"allow":["GET"]}}],"collection":[{"href":"https:\/\/www.hoymercedes.com.ar\/principal\/wp-json\/wp\/v2\/posts"}],"about":[{"href":"https:\/\/www.hoymercedes.com.ar\/principal\/wp-json\/wp\/v2\/types\/post"}],"author":[{"embeddable":true,"href":"https:\/\/www.hoymercedes.com.ar\/principal\/wp-json\/wp\/v2\/users\/1"}],"replies":[{"embeddable":true,"href":"https:\/\/www.hoymercedes.com.ar\/principal\/wp-json\/wp\/v2\/comments?post=109054"}],"version-history":[{"count":0,"href":"https:\/\/www.hoymercedes.com.ar\/principal\/wp-json\/wp\/v2\/posts\/109054\/revisions"}],"wp:featuredmedia":[{"embeddable":true,"href":"https:\/\/www.hoymercedes.com.ar\/principal\/wp-json\/wp\/v2\/media\/108136"}],"wp:attachment":[{"href":"https:\/\/www.hoymercedes.com.ar\/principal\/wp-json\/wp\/v2\/media?parent=109054"}],"wp:term":[{"taxonomy":"category","embeddable":true,"href":"https:\/\/www.hoymercedes.com.ar\/principal\/wp-json\/wp\/v2\/categories?post=109054"},{"taxonomy":"post_tag","embeddable":true,"href":"https:\/\/www.hoymercedes.com.ar\/principal\/wp-json\/wp\/v2\/tags?post=109054"}],"curies":[{"name":"wp","href":"https:\/\/api.w.org\/{rel}","templated":true}]}}