{"id":10907,"date":"2012-02-14T11:01:54","date_gmt":"2012-02-14T11:01:54","guid":{"rendered":"http:\/\/www.hoymercedes.com.ar\/principal\/?p=10907"},"modified":"2012-02-14T11:01:54","modified_gmt":"2012-02-14T11:01:54","slug":"con-orgullo-el-club-trocha-inauguro-su-gimnasio-cubierto","status":"publish","type":"post","link":"https:\/\/www.hoymercedes.com.ar\/principal\/2012\/02\/14\/con-orgullo-el-club-trocha-inauguro-su-gimnasio-cubierto\/","title":{"rendered":"Con orgullo el club Trocha inaugur\u00f3 su gimnasio cubierto"},"content":{"rendered":"<p><a href=\"https:\/\/www.hoymercedes.com.ar\/principal\/wp-content\/uploads\/2012\/02\/Club-Trocja.jpg\"><img loading=\"lazy\" decoding=\"async\" data-attachment-id=\"10909\" data-permalink=\"https:\/\/www.hoymercedes.com.ar\/principal\/2012\/02\/14\/con-orgullo-el-club-trocha-inauguro-su-gimnasio-cubierto\/club-trocja\/#main\" data-orig-file=\"https:\/\/www.hoymercedes.com.ar\/principal\/wp-content\/uploads\/2012\/02\/Club-Trocja.jpg\" data-orig-size=\"612,459\" data-comments-opened=\"1\" data-image-meta=\"{&quot;aperture&quot;:&quot;2.8&quot;,&quot;credit&quot;:&quot;&quot;,&quot;camera&quot;:&quot;COOLPIX L10&quot;,&quot;caption&quot;:&quot;&quot;,&quot;created_timestamp&quot;:&quot;1328943452&quot;,&quot;copyright&quot;:&quot;Copyright 2006&quot;,&quot;focal_length&quot;:&quot;6.2&quot;,&quot;iso&quot;:&quot;64&quot;,&quot;shutter_speed&quot;:&quot;0.0061690314620605&quot;,&quot;title&quot;:&quot;&quot;}\" data-image-title=\"Club-Trocja\" data-image-description=\"\" data-image-caption=\"\" data-large-file=\"https:\/\/www.hoymercedes.com.ar\/principal\/wp-content\/uploads\/2012\/02\/Club-Trocja.jpg\" class=\"aligncenter size-full wp-image-10909\" title=\"Club-Trocja\" src=\"https:\/\/www.hoymercedes.com.ar\/principal\/wp-content\/uploads\/2012\/02\/Club-Trocja.jpg\" alt=\"\" width=\"612\" height=\"459\" \/><\/a><\/p>\n<p>El acto se llev\u00f3 a cabo el s\u00e1bado pasado con la presencia del intendente Carlos Selva. Se cumple el suelo de muchos directivos y asociados a la entidad de \u201cla carbonilla\u201d<\/p>\n<p>Tal como lo hab\u00eda adelantado hace una semanas su presidente H\u00e9ctor Munarriz, el Club Trocha de nuestra ciudad pudo finalmente el s\u00e1bado pasado dejar inaugurado su gimnasio cubierto ubicado en calle 36 entre 29 y 31 que tantos problemas hab\u00eda generado debido a diferentes quejas que en su momento se hicieron escuchar de parte principalmente de un grupo de personas que residen en las proximidades del lugar<\/p>\n<p>Adem\u00e1s de dirigentes, ex dirigentes, asociados, simpatizantes y amigos del club de \u201cla carbonilla, se hicieron presentes el intendente Carlos Am\u00e9rico Selva, el Director de Deportes Julio C\u00e1mpora, el Coordinador dicha \u00e1rea de gesti\u00f3n municipal Ricardo Palacios el titular del Honorable Concejo Deliberante Ing. Marcelo Den\u00e1pole y el concejal Juan Carlos Ben\u00edtez.<\/p>\n<p>En dicho gimnasio se construy\u00f3 la primera cancha de tenis sobre piso de cemento en nuestra ciudad siendo la superficie total del emprendimiento del Club de la avenida 29 de 640 metros cuadrados.<\/p>\n<p>Durante el acto efectuado se llev\u00f3 a cabo un encuentro exhibici\u00f3n entre cuatros tenistas mercedinos (Fedullo, Pisoni, Pavoni y Ricaldoni).<\/p>\n<p>Cabe consignar que en dicho lugar tambi\u00e9n se puede practicar futbol 5 y f\u00fatbol 7.<\/p>\n<p>Con muchos aplausos, saludos y felicitaciones, el intendente Carlos Selva procedi\u00f3 junto al titular de la entidad H\u00e9ctor Munarriz a cortar la cinta con los colores argentino dejando oficialmente inaugurado el gimnasio y la nueva construcci\u00f3n del piso de cemento.<\/p>\n<p>A la hora de las palabras el presidente de Trocha fue el primero en hacerlo narrando con verdadera emoci\u00f3n en buena parte de su discurso una serie de hechos que se produjeron desde el mismo inicio de las obras y los tremendos esfuerzos que debieron efectuar hasta lograr la finalizaci\u00f3n del emprendimiento.<\/p>\n<p>Luego se dirigi\u00f3 a los presentes el Intendente Carlos Selva quien destaco el trabajo realizado en general por toda la comunidad del Club Atl\u00e9tico Trocha desde sus dirigentes como socios, simpatizantes y amigos al tiempo que agradeci\u00f3 todo el esfuerzo puesto para dicha obra que en definitiva redundar\u00eda en beneficio de la comunidad mercedina por los vecinos del barrio y los integrantes del club.<\/p>\n<p>Ya el gimnasio ha comenzado a funcionar por lo cual los colegios de la ciudad que pretendan utilizar dichas instalaciones para las pr\u00e1ctica de Educaci\u00f3n f\u00edsica deber\u00e1n conectarse con los responsables de la entidad ya sea en la sede social de la avenida 29 o bien en el propio gimnasio en 36 entre 29 y 31.<\/p>\n<p>Recordamos que por un determinado plazo de tiempo el gimnasio ser\u00e1 utilizado sin cargo por qui\u00e9n facilit\u00f3 haciendo un significativo aporte de dinero concluir con las obras, es decir mariano Sheehan y su equipo.<\/p>\n","protected":false},"excerpt":{"rendered":"<p>El acto se llev\u00f3 a cabo el s\u00e1bado pasado con la presencia del intendente Carlos Selva. Se cumple el suelo &#8230; <a title=\"Con orgullo el club Trocha inaugur\u00f3 su gimnasio cubierto\" class=\"read-more\" href=\"https:\/\/www.hoymercedes.com.ar\/principal\/2012\/02\/14\/con-orgullo-el-club-trocha-inauguro-su-gimnasio-cubierto\/\" aria-label=\"Leer m\u00e1s sobre Con orgullo el club Trocha inaugur\u00f3 su gimnasio cubierto\">Leer m\u00e1s<\/a><\/p>\n","protected":false},"author":1,"featured_media":0,"comment_status":"open","ping_status":"open","sticky":false,"template":"","format":"standard","meta":{"_monsterinsights_skip_tracking":false,"_monsterinsights_sitenote_active":false,"_monsterinsights_sitenote_note":"","_monsterinsights_sitenote_category":0,"jetpack_post_was_ever_published":false,"_jetpack_newsletter_access":"","_jetpack_dont_email_post_to_subs":false,"_jetpack_newsletter_tier_id":0,"_jetpack_memberships_contains_paywalled_content":false,"_jetpack_memberships_contains_paid_content":false,"footnotes":"","jetpack_publicize_message":"","jetpack_publicize_feature_enabled":true,"jetpack_social_post_already_shared":false,"jetpack_social_options":{"image_generator_settings":{"template":"highway","default_image_id":0,"font":"","enabled":false},"version":2},"_wpas_customize_per_network":false},"categories":[8],"tags":[1866],"class_list":["post-10907","post","type-post","status-publish","format-standard","hentry","category-sociedad","tag-club-trocha","generate-columns","tablet-grid-50","mobile-grid-100","grid-parent","grid-50"],"jetpack_publicize_connections":[],"jetpack_featured_media_url":"","wps_subtitle":"","jetpack_sharing_enabled":true,"_links":{"self":[{"href":"https:\/\/www.hoymercedes.com.ar\/principal\/wp-json\/wp\/v2\/posts\/10907","targetHints":{"allow":["GET"]}}],"collection":[{"href":"https:\/\/www.hoymercedes.com.ar\/principal\/wp-json\/wp\/v2\/posts"}],"about":[{"href":"https:\/\/www.hoymercedes.com.ar\/principal\/wp-json\/wp\/v2\/types\/post"}],"author":[{"embeddable":true,"href":"https:\/\/www.hoymercedes.com.ar\/principal\/wp-json\/wp\/v2\/users\/1"}],"replies":[{"embeddable":true,"href":"https:\/\/www.hoymercedes.com.ar\/principal\/wp-json\/wp\/v2\/comments?post=10907"}],"version-history":[{"count":0,"href":"https:\/\/www.hoymercedes.com.ar\/principal\/wp-json\/wp\/v2\/posts\/10907\/revisions"}],"wp:attachment":[{"href":"https:\/\/www.hoymercedes.com.ar\/principal\/wp-json\/wp\/v2\/media?parent=10907"}],"wp:term":[{"taxonomy":"category","embeddable":true,"href":"https:\/\/www.hoymercedes.com.ar\/principal\/wp-json\/wp\/v2\/categories?post=10907"},{"taxonomy":"post_tag","embeddable":true,"href":"https:\/\/www.hoymercedes.com.ar\/principal\/wp-json\/wp\/v2\/tags?post=10907"}],"curies":[{"name":"wp","href":"https:\/\/api.w.org\/{rel}","templated":true}]}}