{"id":109086,"date":"2020-04-06T17:45:27","date_gmt":"2020-04-06T20:45:27","guid":{"rendered":"http:\/\/www.hoymercedes.com.ar\/principal\/?p=109086"},"modified":"2020-04-06T18:31:42","modified_gmt":"2020-04-06T21:31:42","slug":"ruta-7-un-fallecido-en-siniestro-vial-entre-s-a-de-giles-y-c-de-areco","status":"publish","type":"post","link":"https:\/\/www.hoymercedes.com.ar\/principal\/2020\/04\/06\/ruta-7-un-fallecido-en-siniestro-vial-entre-s-a-de-giles-y-c-de-areco\/","title":{"rendered":"Ruta 7: un fallecido en siniestro vial entre S.A. de Giles y C. de Areco"},"content":{"rendered":"\n<p>Promediando la tarde de este lunes 6 de abril, se produjo un siniestro vial en la Ruta Nacional N\u00b0 7 que se cobr\u00f3 la vida de una persona. Entre San Andr\u00e9s de Giles y Carmen de Areco, una camioneta impact\u00f3 con la parte trasera de un cami\u00f3n. El conductor del veh\u00edculo menor, muri\u00f3 en el acto.<\/p>\n\n\n\n<figure class=\"wp-block-image size-large\"><img loading=\"lazy\" decoding=\"async\" width=\"696\" height=\"522\" data-attachment-id=\"109087\" data-permalink=\"https:\/\/www.hoymercedes.com.ar\/principal\/2020\/04\/06\/ruta-7-un-fallecido-en-siniestro-vial-entre-s-a-de-giles-y-c-de-areco\/06-siniestro-giles\/#main\" data-orig-file=\"https:\/\/www.hoymercedes.com.ar\/principal\/wp-content\/uploads\/2020\/04\/06-siniestro-giles.jpeg\" data-orig-size=\"696,522\" data-comments-opened=\"0\" data-image-meta=\"{&quot;aperture&quot;:&quot;0&quot;,&quot;credit&quot;:&quot;&quot;,&quot;camera&quot;:&quot;&quot;,&quot;caption&quot;:&quot;&quot;,&quot;created_timestamp&quot;:&quot;0&quot;,&quot;copyright&quot;:&quot;&quot;,&quot;focal_length&quot;:&quot;0&quot;,&quot;iso&quot;:&quot;0&quot;,&quot;shutter_speed&quot;:&quot;0&quot;,&quot;title&quot;:&quot;&quot;,&quot;orientation&quot;:&quot;0&quot;}\" data-image-title=\"06 siniestro giles\" data-image-description=\"\" data-image-caption=\"\" data-large-file=\"https:\/\/www.hoymercedes.com.ar\/principal\/wp-content\/uploads\/2020\/04\/06-siniestro-giles.jpeg\" src=\"https:\/\/www.hoymercedes.com.ar\/principal\/wp-content\/uploads\/2020\/04\/06-siniestro-giles.jpeg\" alt=\"\" class=\"wp-image-109087\"\/><\/figure>\n\n\n\n<p>Seg\u00fan contaron fuentes oficiales, presentes en el lugar del hecho, el cami\u00f3n cargado de soja hab\u00eda subido a la calzada tras dejar un camino rural. A los pocos metros, una camioneta marca Peugeot, modelo Partner de color blanca, embisti\u00f3 al transportista en la parte trasera.<\/p>\n\n\n\n<p>Como consecuencia del impacto, el conductor de la camioneta perdi\u00f3 la vida. Al parecer, la v\u00edctima tendr\u00eda entre 25 y 30 a\u00f1os. Este se dirig\u00eda a Avellaneda, donde est\u00e1 la sede de la empresa Fundosol para la que se encontraba trabajando.<\/p>\n\n\n\n<p>El camionero es oriundo de San Antonio de Areco, y en ese momento estaba emprendiendo la vuelta a su ciudad con la carga de soja. El siniestro fue en el kil\u00f3metro 109 de la AU. 7 sobre la mano que se dirige a Luj\u00e1n.<\/p>\n\n\n\n<p>La Polic\u00eda y el cuerpo de Bomberos Voluntarios de San Andr\u00e9s de Giles interrumpieron el tr\u00e1nsito las actuaciones de la Polic\u00eda Cient\u00edfica.<\/p>\n\n\n\n<p>Fuente:   InfoCiudad de San Andr\u00e9s de Giles. <\/p>\n","protected":false},"excerpt":{"rendered":"<p>Promediando la tarde de este lunes 6 de abril, se produjo un siniestro vial en la Ruta Nacional N\u00b0 7 &#8230; <a title=\"Ruta 7: un fallecido en siniestro vial entre S.A. de Giles y C. de Areco\" class=\"read-more\" href=\"https:\/\/www.hoymercedes.com.ar\/principal\/2020\/04\/06\/ruta-7-un-fallecido-en-siniestro-vial-entre-s-a-de-giles-y-c-de-areco\/\" aria-label=\"Leer m\u00e1s sobre Ruta 7: un fallecido en siniestro vial entre S.A. de Giles y C. de Areco\">Leer m\u00e1s<\/a><\/p>\n","protected":false},"author":1,"featured_media":109087,"comment_status":"closed","ping_status":"open","sticky":false,"template":"","format":"standard","meta":{"_monsterinsights_skip_tracking":false,"_monsterinsights_sitenote_active":false,"_monsterinsights_sitenote_note":"","_monsterinsights_sitenote_category":0,"jetpack_post_was_ever_published":false,"_jetpack_newsletter_access":"","_jetpack_dont_email_post_to_subs":false,"_jetpack_newsletter_tier_id":0,"_jetpack_memberships_contains_paywalled_content":false,"_jetpack_memberships_contains_paid_content":false,"footnotes":"","jetpack_publicize_message":"","jetpack_publicize_feature_enabled":true,"jetpack_social_post_already_shared":true,"jetpack_social_options":{"image_generator_settings":{"template":"highway","default_image_id":0,"font":"","enabled":false},"version":2},"_wpas_customize_per_network":false},"categories":[85],"tags":[1057,16457,2123,10395],"class_list":["post-109086","post","type-post","status-publish","format-standard","has-post-thumbnail","hentry","category-policial","tag-regional","tag-ruta-7","tag-san-andres-de-giles","tag-siniestro-vial","generate-columns","tablet-grid-50","mobile-grid-100","grid-parent","grid-50"],"jetpack_publicize_connections":[],"jetpack_featured_media_url":"https:\/\/www.hoymercedes.com.ar\/principal\/wp-content\/uploads\/2020\/04\/06-siniestro-giles.jpeg","wps_subtitle":"Informaci\u00f3n regional","jetpack_sharing_enabled":true,"_links":{"self":[{"href":"https:\/\/www.hoymercedes.com.ar\/principal\/wp-json\/wp\/v2\/posts\/109086","targetHints":{"allow":["GET"]}}],"collection":[{"href":"https:\/\/www.hoymercedes.com.ar\/principal\/wp-json\/wp\/v2\/posts"}],"about":[{"href":"https:\/\/www.hoymercedes.com.ar\/principal\/wp-json\/wp\/v2\/types\/post"}],"author":[{"embeddable":true,"href":"https:\/\/www.hoymercedes.com.ar\/principal\/wp-json\/wp\/v2\/users\/1"}],"replies":[{"embeddable":true,"href":"https:\/\/www.hoymercedes.com.ar\/principal\/wp-json\/wp\/v2\/comments?post=109086"}],"version-history":[{"count":0,"href":"https:\/\/www.hoymercedes.com.ar\/principal\/wp-json\/wp\/v2\/posts\/109086\/revisions"}],"wp:featuredmedia":[{"embeddable":true,"href":"https:\/\/www.hoymercedes.com.ar\/principal\/wp-json\/wp\/v2\/media\/109087"}],"wp:attachment":[{"href":"https:\/\/www.hoymercedes.com.ar\/principal\/wp-json\/wp\/v2\/media?parent=109086"}],"wp:term":[{"taxonomy":"category","embeddable":true,"href":"https:\/\/www.hoymercedes.com.ar\/principal\/wp-json\/wp\/v2\/categories?post=109086"},{"taxonomy":"post_tag","embeddable":true,"href":"https:\/\/www.hoymercedes.com.ar\/principal\/wp-json\/wp\/v2\/tags?post=109086"}],"curies":[{"name":"wp","href":"https:\/\/api.w.org\/{rel}","templated":true}]}}