{"id":109098,"date":"2020-04-06T20:23:14","date_gmt":"2020-04-06T23:23:14","guid":{"rendered":"http:\/\/www.hoymercedes.com.ar\/principal\/?p=109098"},"modified":"2020-04-07T10:28:39","modified_gmt":"2020-04-07T13:28:39","slug":"violo-el-aislamiento-y-traspaso-el-vallado-de-seguridad","status":"publish","type":"post","link":"https:\/\/www.hoymercedes.com.ar\/principal\/2020\/04\/06\/violo-el-aislamiento-y-traspaso-el-vallado-de-seguridad\/","title":{"rendered":"Viol\u00f3 el aislamiento y traspas\u00f3 el vallado de seguridad"},"content":{"rendered":"\n<p>Por Prensa Municipal &#8211; Una vez m\u00e1s vecinos de la ciudad decidieron no respetar las normas y violentar las vallas de acceso a la ciudad violando, adem\u00e1s, el aislamiento social preventivo obligatorio. La medida socio sanitaria tiene el objetivo de cuidar la vida, aunque algunos no lo comprendan as\u00ed.<\/p>\n\n\n\n<figure class=\"wp-block-image size-large\"><img loading=\"lazy\" decoding=\"async\" width=\"600\" height=\"642\" data-attachment-id=\"109099\" data-permalink=\"https:\/\/www.hoymercedes.com.ar\/principal\/2020\/04\/06\/violo-el-aislamiento-y-traspaso-el-vallado-de-seguridad\/img-20200406-wa0068_copy_600x642\/#main\" data-orig-file=\"https:\/\/www.hoymercedes.com.ar\/principal\/wp-content\/uploads\/2020\/04\/IMG-20200406-WA0068_copy_600x642.jpg\" data-orig-size=\"600,642\" data-comments-opened=\"0\" data-image-meta=\"{&quot;aperture&quot;:&quot;0&quot;,&quot;credit&quot;:&quot;&quot;,&quot;camera&quot;:&quot;&quot;,&quot;caption&quot;:&quot;&quot;,&quot;created_timestamp&quot;:&quot;0&quot;,&quot;copyright&quot;:&quot;&quot;,&quot;focal_length&quot;:&quot;0&quot;,&quot;iso&quot;:&quot;0&quot;,&quot;shutter_speed&quot;:&quot;0&quot;,&quot;title&quot;:&quot;&quot;,&quot;orientation&quot;:&quot;0&quot;}\" data-image-title=\"IMG-20200406-WA0068_copy_600x642\" data-image-description=\"\" data-image-caption=\"\" data-large-file=\"https:\/\/www.hoymercedes.com.ar\/principal\/wp-content\/uploads\/2020\/04\/IMG-20200406-WA0068_copy_600x642.jpg\" src=\"https:\/\/www.hoymercedes.com.ar\/principal\/wp-content\/uploads\/2020\/04\/IMG-20200406-WA0068_copy_600x642.jpg\" alt=\"\" class=\"wp-image-109099\"\/><\/figure>\n\n\n\n<p>Vale recordar que quienes tienen obligaciones laborales pueden circular con la correspondiente autorizaci\u00f3n, por eso ac\u00e1 nos encontramos con una doble falta. La rotura y corrimiento de los per\u00edmetros de seguridad y posiblemente la violaci\u00f3n de la aislaci\u00f3n. <\/p>\n\n\n\n<p>Ahora se logr\u00f3 detectar v\u00eda c\u00e1maras de seguridad un vecino que no tuvo consideraci\u00f3n y pas\u00f3 por alto todos los controles. <\/p>\n\n\n\n<p>Deber\u00e1 rendir cuentas a la justicia.<\/p>\n","protected":false},"excerpt":{"rendered":"<p>Por Prensa Municipal &#8211; Una vez m\u00e1s vecinos de la ciudad decidieron no respetar las normas y violentar las vallas &#8230; <a title=\"Viol\u00f3 el aislamiento y traspas\u00f3 el vallado de seguridad\" class=\"read-more\" href=\"https:\/\/www.hoymercedes.com.ar\/principal\/2020\/04\/06\/violo-el-aislamiento-y-traspaso-el-vallado-de-seguridad\/\" aria-label=\"Leer m\u00e1s sobre Viol\u00f3 el aislamiento y traspas\u00f3 el vallado de seguridad\">Leer m\u00e1s<\/a><\/p>\n","protected":false},"author":1,"featured_media":109099,"comment_status":"closed","ping_status":"open","sticky":false,"template":"","format":"standard","meta":{"_monsterinsights_skip_tracking":false,"_monsterinsights_sitenote_active":false,"_monsterinsights_sitenote_note":"","_monsterinsights_sitenote_category":0,"jetpack_post_was_ever_published":false,"_jetpack_newsletter_access":"","_jetpack_dont_email_post_to_subs":false,"_jetpack_newsletter_tier_id":0,"_jetpack_memberships_contains_paywalled_content":false,"_jetpack_memberships_contains_paid_content":false,"footnotes":"","jetpack_publicize_message":"","jetpack_publicize_feature_enabled":true,"jetpack_social_post_already_shared":true,"jetpack_social_options":{"image_generator_settings":{"template":"highway","default_image_id":0,"font":"","enabled":false},"version":2},"_wpas_customize_per_network":false},"categories":[85],"tags":[16351,96],"class_list":["post-109098","post","type-post","status-publish","format-standard","has-post-thumbnail","hentry","category-policial","tag-aislamiento-obligatorio","tag-policial-2","generate-columns","tablet-grid-50","mobile-grid-100","grid-parent","grid-50"],"jetpack_publicize_connections":[],"jetpack_featured_media_url":"https:\/\/www.hoymercedes.com.ar\/principal\/wp-content\/uploads\/2020\/04\/IMG-20200406-WA0068_copy_600x642.jpg","wps_subtitle":"","jetpack_sharing_enabled":true,"_links":{"self":[{"href":"https:\/\/www.hoymercedes.com.ar\/principal\/wp-json\/wp\/v2\/posts\/109098","targetHints":{"allow":["GET"]}}],"collection":[{"href":"https:\/\/www.hoymercedes.com.ar\/principal\/wp-json\/wp\/v2\/posts"}],"about":[{"href":"https:\/\/www.hoymercedes.com.ar\/principal\/wp-json\/wp\/v2\/types\/post"}],"author":[{"embeddable":true,"href":"https:\/\/www.hoymercedes.com.ar\/principal\/wp-json\/wp\/v2\/users\/1"}],"replies":[{"embeddable":true,"href":"https:\/\/www.hoymercedes.com.ar\/principal\/wp-json\/wp\/v2\/comments?post=109098"}],"version-history":[{"count":0,"href":"https:\/\/www.hoymercedes.com.ar\/principal\/wp-json\/wp\/v2\/posts\/109098\/revisions"}],"wp:featuredmedia":[{"embeddable":true,"href":"https:\/\/www.hoymercedes.com.ar\/principal\/wp-json\/wp\/v2\/media\/109099"}],"wp:attachment":[{"href":"https:\/\/www.hoymercedes.com.ar\/principal\/wp-json\/wp\/v2\/media?parent=109098"}],"wp:term":[{"taxonomy":"category","embeddable":true,"href":"https:\/\/www.hoymercedes.com.ar\/principal\/wp-json\/wp\/v2\/categories?post=109098"},{"taxonomy":"post_tag","embeddable":true,"href":"https:\/\/www.hoymercedes.com.ar\/principal\/wp-json\/wp\/v2\/tags?post=109098"}],"curies":[{"name":"wp","href":"https:\/\/api.w.org\/{rel}","templated":true}]}}