{"id":109110,"date":"2020-04-07T07:29:00","date_gmt":"2020-04-07T10:29:00","guid":{"rendered":"http:\/\/www.hoymercedes.com.ar\/principal\/?p=109110"},"modified":"2020-04-07T14:25:32","modified_gmt":"2020-04-07T17:25:32","slug":"analisis-de-sangre-a-45-mil-bonaerenses","status":"publish","type":"post","link":"https:\/\/www.hoymercedes.com.ar\/principal\/2020\/04\/07\/analisis-de-sangre-a-45-mil-bonaerenses\/","title":{"rendered":"An\u00e1lisis de sangre a 45 mil bonaerenses"},"content":{"rendered":"\n<p>El ministro de Justicia y Derechos Humanos, Julio Alak, firm\u00f3 este lunes un convenio de colaboraci\u00f3n con la Universidad Nacional de La Plata (UNLP), y con el Sindicato de Salud P\u00fablica de la Provincia, con el objetivo de incorporar bioqu\u00edmicos, t\u00e9cnicos de laboratorio y enfermeros, para llevar adelante an\u00e1lisis de sangre a los 45 mil internos da las unidades penitenciarias de la Provincia.<\/p>\n\n\n\n<p>Estas acciones comenzar\u00e1n a desarrollarse desde el d\u00eda martes en las Unidades 1 y 22 de Lisandro Olmos, partido de La Plata, y progresivamente se extender\u00e1 a las 63 unidades penitenciarias de la provincia de Buenos Aires.<\/p>\n\n\n\n<p>La Subsecretar\u00eda de Salud Penitenciaria llevar\u00e1 adelante este testeo masivo a trav\u00e9s de los jefes de \u00e1rea y de sanidad de las unidades, junto a m\u00e9dicos, enfermeros, y el personal adicional proveniente de la Facultad de Ciencias Exactas de la UNLP y el Sindicado de Salud P\u00fablica.<\/p>\n\n\n\n<p>Es la primera vez en la historia que el SPB realiza un control sanitario de estas caracter\u00edsticas, con el objetivo de priorizar la atenci\u00f3n integral y la detecci\u00f3n precoz y oportuna de patolog\u00edas dentro de las unidades dependientes penitenciarias.<\/p>\n\n\n\n<p>Firmaron el convenio el vicepresidente de la UNLP, Mart\u00edn L\u00f3pez Armengol; el Decano de la Facultad de Ciencias Exactas, doctor Mauricio ERBEN; y el secretario general del Sindicato, Miguel \u00c1ngel Zubieta.\n\n<\/p>\n","protected":false},"excerpt":{"rendered":"<p>El ministro de Justicia y Derechos Humanos, Julio Alak, firm\u00f3 este lunes un convenio de colaboraci\u00f3n con la Universidad Nacional &#8230; <a title=\"An\u00e1lisis de sangre a 45 mil bonaerenses\" class=\"read-more\" href=\"https:\/\/www.hoymercedes.com.ar\/principal\/2020\/04\/07\/analisis-de-sangre-a-45-mil-bonaerenses\/\" aria-label=\"Leer m\u00e1s sobre An\u00e1lisis de sangre a 45 mil bonaerenses\">Leer m\u00e1s<\/a><\/p>\n","protected":false},"author":1,"featured_media":109111,"comment_status":"closed","ping_status":"open","sticky":false,"template":"","format":"standard","meta":{"_monsterinsights_skip_tracking":false,"_monsterinsights_sitenote_active":false,"_monsterinsights_sitenote_note":"","_monsterinsights_sitenote_category":0,"jetpack_post_was_ever_published":false,"_jetpack_newsletter_access":"","_jetpack_dont_email_post_to_subs":false,"_jetpack_newsletter_tier_id":0,"_jetpack_memberships_contains_paywalled_content":false,"_jetpack_memberships_contains_paid_content":false,"footnotes":"","jetpack_publicize_message":"","jetpack_publicize_feature_enabled":true,"jetpack_social_post_already_shared":true,"jetpack_social_options":{"image_generator_settings":{"template":"highway","default_image_id":0,"font":"","enabled":false},"version":2},"_wpas_customize_per_network":false},"categories":[8],"tags":[1011,10114],"class_list":["post-109110","post","type-post","status-publish","format-standard","has-post-thumbnail","hentry","category-sociedad","tag-carcel","tag-servicio-penitenciario","generate-columns","tablet-grid-50","mobile-grid-100","grid-parent","grid-50"],"jetpack_publicize_connections":[],"jetpack_featured_media_url":"https:\/\/www.hoymercedes.com.ar\/principal\/wp-content\/uploads\/2020\/04\/07-carcel-sangre.jpg","wps_subtitle":"","jetpack_sharing_enabled":true,"_links":{"self":[{"href":"https:\/\/www.hoymercedes.com.ar\/principal\/wp-json\/wp\/v2\/posts\/109110","targetHints":{"allow":["GET"]}}],"collection":[{"href":"https:\/\/www.hoymercedes.com.ar\/principal\/wp-json\/wp\/v2\/posts"}],"about":[{"href":"https:\/\/www.hoymercedes.com.ar\/principal\/wp-json\/wp\/v2\/types\/post"}],"author":[{"embeddable":true,"href":"https:\/\/www.hoymercedes.com.ar\/principal\/wp-json\/wp\/v2\/users\/1"}],"replies":[{"embeddable":true,"href":"https:\/\/www.hoymercedes.com.ar\/principal\/wp-json\/wp\/v2\/comments?post=109110"}],"version-history":[{"count":0,"href":"https:\/\/www.hoymercedes.com.ar\/principal\/wp-json\/wp\/v2\/posts\/109110\/revisions"}],"wp:featuredmedia":[{"embeddable":true,"href":"https:\/\/www.hoymercedes.com.ar\/principal\/wp-json\/wp\/v2\/media\/109111"}],"wp:attachment":[{"href":"https:\/\/www.hoymercedes.com.ar\/principal\/wp-json\/wp\/v2\/media?parent=109110"}],"wp:term":[{"taxonomy":"category","embeddable":true,"href":"https:\/\/www.hoymercedes.com.ar\/principal\/wp-json\/wp\/v2\/categories?post=109110"},{"taxonomy":"post_tag","embeddable":true,"href":"https:\/\/www.hoymercedes.com.ar\/principal\/wp-json\/wp\/v2\/tags?post=109110"}],"curies":[{"name":"wp","href":"https:\/\/api.w.org\/{rel}","templated":true}]}}