{"id":109113,"date":"2020-04-07T11:32:14","date_gmt":"2020-04-07T14:32:14","guid":{"rendered":"http:\/\/www.hoymercedes.com.ar\/principal\/?p=109113"},"modified":"2020-04-07T14:15:07","modified_gmt":"2020-04-07T17:15:07","slug":"coronavirus-el-dubarry-se-prepara-para-la-atencion-de-pacientes","status":"publish","type":"post","link":"https:\/\/www.hoymercedes.com.ar\/principal\/2020\/04\/07\/coronavirus-el-dubarry-se-prepara-para-la-atencion-de-pacientes\/","title":{"rendered":"Coronavirus: El Dubarry se prepara para la atenci\u00f3n de pacientes"},"content":{"rendered":"\n<p>El oto\u00f1o y los primeros fr\u00edos empiezan con mayor intensidad, y el potencial crecimientos de pacientes con el COVID-19, hacen que se acondicionen las salas del Hospital Blas L. Dubarry de las obras iniciadas el a\u00f1o pasado. Es as\u00ed que se dispusieron de nuevos espacios e instalaron se\u00f1al\u00e9ticas para orientar y ordenar a los pacientes que vayan al nosocomio de calle 12. <\/p>\n\n\n\n<p>\u201cVamos a tener un ingreso, pero inmediatamente se dividir\u00e1 la atenci\u00f3n seg\u00fan sean consultas generales o espec\u00edficas del coronavirus\u201d afirm\u00f3 el Dr. Pablo Cassiani, Director del Hospital Dubarry, y coment\u00f3 que \u201cluego se actuar\u00e1n con protocolos espec\u00edficos para cada necesidad\u201d destac\u00f3.<\/p>\n\n\n\n<p>D\u00edas atr\u00e1s, el hospital recibi\u00f3 diez camas e insumos por parte del gobernador Axel Kicillof y una donaci\u00f3n de la Sociedad Rural. Adem\u00e1s, desde la Regi\u00f3n Sanitaria X se distribuyeron otros insumos, medicaci\u00f3n y vacunas. <\/p>\n\n\n\n<p>\u00abAc\u00e1 ninguna actividad es menos. Desde los insumos m\u00e1s complejos al m\u00ednimo cambio para estar organizados. Se vendr\u00e1n d\u00edas muy duros, in\u00e9ditos, y por eso es fundamental el cumplimiento de las normas socio sanitarias por parte de la poblaci\u00f3n. No nos cansamos de decirlo, por ahora, la \u00fanica vacuna existente es el distanciamiento social, no afectivo, sino f\u00edsico\u201d asegur\u00f3 el Dr. Cassiani.<\/p>\n\n\n\n<figure class=\"wp-block-embed-facebook wp-block-embed is-type-video is-provider-facebook\"><div class=\"wp-block-embed__wrapper\">\n<div class=\"fb-video\" data-allowfullscreen=\"true\" data-href=\"https:\/\/www.facebook.com\/hospitaldubarry\/videos\/1065755340469835\/\" style=\"background-color: #fff; display: inline-block;\"><\/div>\n<\/div><\/figure>\n","protected":false},"excerpt":{"rendered":"<p>El oto\u00f1o y los primeros fr\u00edos empiezan con mayor intensidad, y el potencial crecimientos de pacientes con el COVID-19, hacen &#8230; <a title=\"Coronavirus: El Dubarry se prepara para la atenci\u00f3n de pacientes\" class=\"read-more\" href=\"https:\/\/www.hoymercedes.com.ar\/principal\/2020\/04\/07\/coronavirus-el-dubarry-se-prepara-para-la-atencion-de-pacientes\/\" aria-label=\"Leer m\u00e1s sobre Coronavirus: El Dubarry se prepara para la atenci\u00f3n de pacientes\">Leer m\u00e1s<\/a><\/p>\n","protected":false},"author":1,"featured_media":109115,"comment_status":"closed","ping_status":"open","sticky":false,"template":"","format":"standard","meta":{"_monsterinsights_skip_tracking":false,"_monsterinsights_sitenote_active":false,"_monsterinsights_sitenote_note":"","_monsterinsights_sitenote_category":0,"jetpack_post_was_ever_published":false,"_jetpack_newsletter_access":"","_jetpack_dont_email_post_to_subs":false,"_jetpack_newsletter_tier_id":0,"_jetpack_memberships_contains_paywalled_content":false,"_jetpack_memberships_contains_paid_content":false,"footnotes":"","jetpack_publicize_message":"","jetpack_publicize_feature_enabled":true,"jetpack_social_post_already_shared":true,"jetpack_social_options":{"image_generator_settings":{"template":"highway","default_image_id":0,"font":"","enabled":false},"version":2},"_wpas_customize_per_network":false},"categories":[9791],"tags":[16446,5947,134],"class_list":["post-109113","post","type-post","status-publish","format-standard","has-post-thumbnail","hentry","category-salud","tag-hospital-blas-l-dubarry-2","tag-obras-publicas","tag-salud","generate-columns","tablet-grid-50","mobile-grid-100","grid-parent","grid-50"],"jetpack_publicize_connections":[],"jetpack_featured_media_url":"https:\/\/www.hoymercedes.com.ar\/principal\/wp-content\/uploads\/2020\/04\/07-hospital.jpg","wps_subtitle":"Acondicionando los puntos de atenci\u00f3n","jetpack_sharing_enabled":true,"_links":{"self":[{"href":"https:\/\/www.hoymercedes.com.ar\/principal\/wp-json\/wp\/v2\/posts\/109113","targetHints":{"allow":["GET"]}}],"collection":[{"href":"https:\/\/www.hoymercedes.com.ar\/principal\/wp-json\/wp\/v2\/posts"}],"about":[{"href":"https:\/\/www.hoymercedes.com.ar\/principal\/wp-json\/wp\/v2\/types\/post"}],"author":[{"embeddable":true,"href":"https:\/\/www.hoymercedes.com.ar\/principal\/wp-json\/wp\/v2\/users\/1"}],"replies":[{"embeddable":true,"href":"https:\/\/www.hoymercedes.com.ar\/principal\/wp-json\/wp\/v2\/comments?post=109113"}],"version-history":[{"count":0,"href":"https:\/\/www.hoymercedes.com.ar\/principal\/wp-json\/wp\/v2\/posts\/109113\/revisions"}],"wp:featuredmedia":[{"embeddable":true,"href":"https:\/\/www.hoymercedes.com.ar\/principal\/wp-json\/wp\/v2\/media\/109115"}],"wp:attachment":[{"href":"https:\/\/www.hoymercedes.com.ar\/principal\/wp-json\/wp\/v2\/media?parent=109113"}],"wp:term":[{"taxonomy":"category","embeddable":true,"href":"https:\/\/www.hoymercedes.com.ar\/principal\/wp-json\/wp\/v2\/categories?post=109113"},{"taxonomy":"post_tag","embeddable":true,"href":"https:\/\/www.hoymercedes.com.ar\/principal\/wp-json\/wp\/v2\/tags?post=109113"}],"curies":[{"name":"wp","href":"https:\/\/api.w.org\/{rel}","templated":true}]}}