{"id":109149,"date":"2020-04-08T00:15:04","date_gmt":"2020-04-08T03:15:04","guid":{"rendered":"http:\/\/www.hoymercedes.com.ar\/principal\/?p=109149"},"modified":"2020-04-08T12:16:42","modified_gmt":"2020-04-08T15:16:42","slug":"coronavirus-cierra-el-dia-con-seis-nuevos-fallecidos","status":"publish","type":"post","link":"https:\/\/www.hoymercedes.com.ar\/principal\/2020\/04\/08\/coronavirus-cierra-el-dia-con-seis-nuevos-fallecidos\/","title":{"rendered":"Coronavirus: cierra el d\u00eda con seis nuevos fallecidos"},"content":{"rendered":"\n<p><em>CIERRE DEL D\u00cdA &#8211; 07.04.2020<\/em><\/p>\n\n\n\n<ul class=\"wp-block-list\"><li>Caso dado de alta: el vecino que estaba aislado en el Dubary desde el 2 de abril tras viaje a Italia. Los resultados de laboratorio descartaron covid-29.<\/li><li>17 vecinos y vecinas en seguimiento de aislamiento por la Secretar\u00eda de Salud tras haber viajado al exterior. <\/li><li>261 vecinos y vecinas tienen el alta en seguimiento por viaje al exterior y pasan al aislamiento preventivo aplicado a toda la ciudadan\u00eda. <\/li><li>7 vecinos y vecinas fueron detenidos y se le iniciaron causas por violar el aislamiento social preventivo obligatorio sin motivo. <\/li><li>175 vecinos y vecinas tienen causas por violar el aislamiento social preventivo obligatorio sin motivo desde iniciada la medida.<\/li><\/ul>\n\n\n\n<p>REPORTE DIARIO VESPERTINO NRO 48  | SITUACI\u00d3N DE COVID-19 EN ARGENTINA<\/p>\n\n\n\n<p>\ud83d\udcccHoy fueron confirmados 87 nuevos casos de COVID-19. Con estos registros, suman 1.715 positivos en el pa\u00eds.<\/p>\n\n\n\n<p>\ud83d\udcccDel total de esos casos, 738 (43%) son importados, 588 (34%) son contactos estrechos de casos confirmados, 205 (12%) son casos de circulaci\u00f3n comunitaria y el resto se encuentra en investigaci\u00f3n epidemiol\u00f3gica.<\/p>\n\n\n\n<p>\ud83d\udcccSe registraron 6 nuevas muertes. Todos hombres, tres de ellos residentes en la provincia de Buenos Aires, de 66, 51 y 82 a\u00f1os; otros dos residentes en la ciudad de Buenos Aires (CABA), 80 y 68 a\u00f1os;  y otro de 44 a\u00f1os residente en la provincia de Mendoza. Al momento la cantidad de personas fallecidas es 60.<\/p>\n\n\n\n<p>\ud83d\udcccDetalle por provincia (N\u00ba de confirmados | N\u00ba de acumulados)<em>:\nBuenos Aires 34 | 443\nCiudad de Buenos Aires 24 | 480\nCatamarca 0 | 0\nChaco 4 | 123\nChubut 0 | 0\nC\u00f3rdoba 4 | 150\nCorrientes 0 | 24\nEntre R\u00edos 1 | 20\nFormosa 0 | 0\nJujuy 0 | 5\nLa Pampa 0 | 3\nLa Rioja 0 | 9\nMendoza 2 | 32\nMisiones 0 | 3\nNeuqu\u00e9n 3 | 53\nR\u00edo Negro 2 | 21\nSalta 0 | 3\nSan Juan 0 | 1\nSan Luis 0 | 11\nSanta Cruz 8 | 31\nSanta Fe 3 | 187\nSantiago del Estero -1<\/em>* | 9<br>\nTierra del Fuego 2 | 79<br>\nTucum\u00e1n 1 | 28<\/p>\n\n\n\n<p>*Aquellos casos confirmados que no est\u00e1n notificados por residencia, fueron contabilizados por provincia de carga.<br>\n**Fue un caso reclasificado por la jurisdicci\u00f3n.<\/p>\n","protected":false},"excerpt":{"rendered":"<p>CIERRE DEL D\u00cdA &#8211; 07.04.2020 Caso dado de alta: el vecino que estaba aislado en el Dubary desde el 2 &#8230; <a title=\"Coronavirus: cierra el d\u00eda con seis nuevos fallecidos\" class=\"read-more\" href=\"https:\/\/www.hoymercedes.com.ar\/principal\/2020\/04\/08\/coronavirus-cierra-el-dia-con-seis-nuevos-fallecidos\/\" aria-label=\"Leer m\u00e1s sobre Coronavirus: cierra el d\u00eda con seis nuevos fallecidos\">Leer m\u00e1s<\/a><\/p>\n","protected":false},"author":1,"featured_media":108136,"comment_status":"closed","ping_status":"open","sticky":false,"template":"","format":"standard","meta":{"_monsterinsights_skip_tracking":false,"_monsterinsights_sitenote_active":false,"_monsterinsights_sitenote_note":"","_monsterinsights_sitenote_category":0,"jetpack_post_was_ever_published":false,"_jetpack_newsletter_access":"","_jetpack_dont_email_post_to_subs":false,"_jetpack_newsletter_tier_id":0,"_jetpack_memberships_contains_paywalled_content":false,"_jetpack_memberships_contains_paid_content":false,"footnotes":"","jetpack_publicize_message":"","jetpack_publicize_feature_enabled":true,"jetpack_social_post_already_shared":true,"jetpack_social_options":{"image_generator_settings":{"template":"highway","default_image_id":0,"font":"","enabled":false},"version":2},"_wpas_customize_per_network":false},"categories":[9791],"tags":[16175,16313,15693],"class_list":["post-109149","post","type-post","status-publish","format-standard","has-post-thumbnail","hentry","category-salud","tag-coronavirus","tag-covid-19","tag-informe-nacional","generate-columns","tablet-grid-50","mobile-grid-100","grid-parent","grid-50"],"jetpack_publicize_connections":[],"jetpack_featured_media_url":"https:\/\/www.hoymercedes.com.ar\/principal\/wp-content\/uploads\/2020\/03\/2020-covid-coronavirus.jpg","wps_subtitle":"Informe oficial","jetpack_sharing_enabled":true,"_links":{"self":[{"href":"https:\/\/www.hoymercedes.com.ar\/principal\/wp-json\/wp\/v2\/posts\/109149","targetHints":{"allow":["GET"]}}],"collection":[{"href":"https:\/\/www.hoymercedes.com.ar\/principal\/wp-json\/wp\/v2\/posts"}],"about":[{"href":"https:\/\/www.hoymercedes.com.ar\/principal\/wp-json\/wp\/v2\/types\/post"}],"author":[{"embeddable":true,"href":"https:\/\/www.hoymercedes.com.ar\/principal\/wp-json\/wp\/v2\/users\/1"}],"replies":[{"embeddable":true,"href":"https:\/\/www.hoymercedes.com.ar\/principal\/wp-json\/wp\/v2\/comments?post=109149"}],"version-history":[{"count":0,"href":"https:\/\/www.hoymercedes.com.ar\/principal\/wp-json\/wp\/v2\/posts\/109149\/revisions"}],"wp:featuredmedia":[{"embeddable":true,"href":"https:\/\/www.hoymercedes.com.ar\/principal\/wp-json\/wp\/v2\/media\/108136"}],"wp:attachment":[{"href":"https:\/\/www.hoymercedes.com.ar\/principal\/wp-json\/wp\/v2\/media?parent=109149"}],"wp:term":[{"taxonomy":"category","embeddable":true,"href":"https:\/\/www.hoymercedes.com.ar\/principal\/wp-json\/wp\/v2\/categories?post=109149"},{"taxonomy":"post_tag","embeddable":true,"href":"https:\/\/www.hoymercedes.com.ar\/principal\/wp-json\/wp\/v2\/tags?post=109149"}],"curies":[{"name":"wp","href":"https:\/\/api.w.org\/{rel}","templated":true}]}}