{"id":109155,"date":"2020-04-08T09:20:00","date_gmt":"2020-04-08T12:20:00","guid":{"rendered":"http:\/\/www.hoymercedes.com.ar\/principal\/?p=109155"},"modified":"2020-04-08T11:16:02","modified_gmt":"2020-04-08T14:16:02","slug":"desinfectan-espacios-publicos-y-contenedores","status":"publish","type":"post","link":"https:\/\/www.hoymercedes.com.ar\/principal\/2020\/04\/08\/desinfectan-espacios-publicos-y-contenedores\/","title":{"rendered":"Desinfectan espacios p\u00fablicos y contenedores"},"content":{"rendered":"\n<p>El Municipio de Mercedes refuerza las acciones y medidas de limpieza e higiene a lo largo de la ciudad a fin de disminuir el contagio de la enfermedad. Durante las \u00faltimos d\u00edas efectuaron limpieza en los contenedores de basura y espacios p\u00fablicos.<\/p>\n\n\n\n<div class=\"wp-block-image\"><figure class=\"aligncenter size-large\"><img loading=\"lazy\" decoding=\"async\" width=\"800\" height=\"600\" data-attachment-id=\"109157\" data-permalink=\"https:\/\/www.hoymercedes.com.ar\/principal\/2020\/04\/08\/desinfectan-espacios-publicos-y-contenedores\/08-muni-desinfecta-1\/#main\" data-orig-file=\"https:\/\/www.hoymercedes.com.ar\/principal\/wp-content\/uploads\/2020\/04\/08-muni-desinfecta-1.jpeg\" data-orig-size=\"800,600\" data-comments-opened=\"0\" data-image-meta=\"{&quot;aperture&quot;:&quot;0&quot;,&quot;credit&quot;:&quot;&quot;,&quot;camera&quot;:&quot;&quot;,&quot;caption&quot;:&quot;&quot;,&quot;created_timestamp&quot;:&quot;0&quot;,&quot;copyright&quot;:&quot;&quot;,&quot;focal_length&quot;:&quot;0&quot;,&quot;iso&quot;:&quot;0&quot;,&quot;shutter_speed&quot;:&quot;0&quot;,&quot;title&quot;:&quot;&quot;,&quot;orientation&quot;:&quot;0&quot;}\" data-image-title=\"08 muni desinfecta 1\" data-image-description=\"\" data-image-caption=\"\" data-large-file=\"https:\/\/www.hoymercedes.com.ar\/principal\/wp-content\/uploads\/2020\/04\/08-muni-desinfecta-1.jpeg\" src=\"https:\/\/www.hoymercedes.com.ar\/principal\/wp-content\/uploads\/2020\/04\/08-muni-desinfecta-1.jpeg\" alt=\"\" class=\"wp-image-109157\"\/><\/figure><\/div>\n\n\n\n<p>Tambi\u00e9n se estableci\u00f3 un protocolo local de acci\u00f3n que incluye medidas de limpieza, cuidado y prevenci\u00f3n ante posibles casos de contagio en todos los espacios y oficinas municipales, especialmente en aquellas de atenci\u00f3n al p\u00fablico.<\/p>\n\n\n\n<p>De esta manera, el Subsecretario de Servicios P\u00fablicos, Luis Ponce apunt\u00f3 \u201clo que queremos es darle tranquilidad a la gente, y comunicarles que tanto la ciudad como los distintos espacios p\u00fablicos van a seguir estando de la misma forma, en condiciones y, que adem\u00e1s, estamos mejorando la limpieza y la higiene en la ciudad para entre todos combatir esta pandemia que tanto nos preocupa\u201d.<\/p>\n\n\n\n<p>En este sentido, Ponce solicit\u00f3 \u201cLo que le pedimos a la poblaci\u00f3n es que tengamos conciencia y que colaboremos para mantener la ciudad limpia, ya que debido a esta problem\u00e1tica mundial y salvaguardando la salud de los trabajadores -personas mayores de 60, embarazadas, trabajadores con diferentes afecciones de salud, etc- existe una reducci\u00f3n de personal por licencia\u201d y manifest\u00f3 \u201cestamos reorganizando y acomod\u00e1ndonos para que ning\u00fan servicio se vea afectado\u201d.<\/p>\n\n\n\n<p>\u201cLo que le estamos pidiendo a la gente es que si bien muchos van a&nbsp;&nbsp;estar m\u00e1s tiempo en sus casas no hagan tareas, por ejemplo, de jardiner\u00eda, sacar ramas o mugre a la calle\u201d apunt\u00f3 Luis Ponce y remarc\u00f3 \u201cnosotros vamos a continuar trabajar en los horarios estipulados de 08:00 a 14:00 donde tambi\u00e9n vamos a estar cubriendo la recolecci\u00f3n de basura, es ah\u00ed donde les pedimos que saquen la basura a partir de las 19:00 horas, que no lo saquen en cualquier horario para que la misma no est\u00e9 tirada en los contenedores o en los diferentes lugares, tiradas todo el d\u00eda\u201d.<\/p>\n\n\n\n<p>Conjuntamente Ponce subray\u00f3 \u201clo que le pedimos a la sociedad en este momento es que nos ayuden con la organizaci\u00f3n, nosotros tenemos horarios estipulados de recolecci\u00f3n -20:00 horas- por eso les pedimos que los saquen a las 19:00 horas para que en el menor tiempo posible sean recolectados y no est\u00e9n 5 o 6 horas desbordados o amontonados en los contenedores\u201d y destac\u00f3 \u201ctodos los que son los servicios del corral\u00f3n van a estar abocados a la higiene y a la limpieza de la ciudad constantemente\u201d.<\/p>\n\n\n\n<div class=\"wp-block-image\"><figure class=\"aligncenter size-large\"><img loading=\"lazy\" decoding=\"async\" width=\"800\" height=\"600\" data-attachment-id=\"109156\" data-permalink=\"https:\/\/www.hoymercedes.com.ar\/principal\/2020\/04\/08\/desinfectan-espacios-publicos-y-contenedores\/08-muni-desinfecta-2\/#main\" data-orig-file=\"https:\/\/www.hoymercedes.com.ar\/principal\/wp-content\/uploads\/2020\/04\/08-muni-desinfecta-2.jpeg\" data-orig-size=\"800,600\" data-comments-opened=\"0\" data-image-meta=\"{&quot;aperture&quot;:&quot;0&quot;,&quot;credit&quot;:&quot;&quot;,&quot;camera&quot;:&quot;&quot;,&quot;caption&quot;:&quot;&quot;,&quot;created_timestamp&quot;:&quot;0&quot;,&quot;copyright&quot;:&quot;&quot;,&quot;focal_length&quot;:&quot;0&quot;,&quot;iso&quot;:&quot;0&quot;,&quot;shutter_speed&quot;:&quot;0&quot;,&quot;title&quot;:&quot;&quot;,&quot;orientation&quot;:&quot;0&quot;}\" data-image-title=\"08 muni desinfecta 2\" data-image-description=\"\" data-image-caption=\"\" data-large-file=\"https:\/\/www.hoymercedes.com.ar\/principal\/wp-content\/uploads\/2020\/04\/08-muni-desinfecta-2.jpeg\" src=\"https:\/\/www.hoymercedes.com.ar\/principal\/wp-content\/uploads\/2020\/04\/08-muni-desinfecta-2.jpeg\" alt=\"\" class=\"wp-image-109156\"\/><\/figure><\/div>\n\n\n\n<p>En cuanto a las distintas cooperativas que todos los d\u00edas desempe\u00f1an tareas de barrido y limpieza en la ciudad, el subsecretario se\u00f1al\u00f3 \u201cmoment\u00e1neamente hasta el 31 de marzo -como est\u00e1 dispuesto a nivel Nacional, provincial y municipal- muchas mam\u00e1s que trabajan en las cooperativas van a tener que cuidar de sus hijitos entonces tambi\u00e9n en cierta medida van a&nbsp;&nbsp;estar reducido el servicio del barrido, por eso le pedimos a los vecinos que si barren sus veredas o sus calles que embolsen y lo dejen en su cord\u00f3n que todos los d\u00edas \u2013durante la ma\u00f1ana- vamos a tener equipos especiales juntado las bolsas\u201d y agreg\u00f3 \u201cdurante la noche las dos barredoras y los tres camiones de barredoras estar\u00e1n limpiando la ciudad\u201d.&nbsp;&nbsp;&nbsp;<\/p>\n\n\n\n<p>Por otro lado, con respecto al cuidado de los trabajadores municipales indic\u00f3 \u201cya hemos dispuesto todo tipo de materiales, ya sea alcohol en gel, guantes, cloro, jab\u00f3n l\u00edquido para las distintas dependencias que tenemos para que nuestros trabajadores puedan tener la tranquilidad al momento de realizar sus trabajos y que sepan que tambi\u00e9n estamos pensando en ellos\u201d.&nbsp;&nbsp;<\/p>\n\n\n\n<p>Cualquier inquietud o inconveniente los vecinos pueden llamar al 147 \u201cnosotros todo el tiempo estamos viendo y registrando las llamadas y los reclamos de cada una de las \u00e1reas que compete al servicio p\u00fablico, siempre a disposici\u00f3n de la sociedad\u201d.<\/p>\n\n\n\n<p>Fuente: Prensa Municipal<\/p>\n\n\n\n<figure class=\"wp-block-embed-facebook aligncenter wp-block-embed is-type-video is-provider-facebook\"><div class=\"wp-block-embed__wrapper\">\n<div class=\"fb-video\" data-allowfullscreen=\"true\" data-href=\"https:\/\/www.facebook.com\/193608827975259\/videos\/1054347724942613\/\" style=\"background-color: #fff; display: inline-block;\"><\/div>\n<\/div><\/figure>\n","protected":false},"excerpt":{"rendered":"<p>El Municipio de Mercedes refuerza las acciones y medidas de limpieza e higiene a lo largo de la ciudad a &#8230; <a title=\"Desinfectan espacios p\u00fablicos y contenedores\" class=\"read-more\" href=\"https:\/\/www.hoymercedes.com.ar\/principal\/2020\/04\/08\/desinfectan-espacios-publicos-y-contenedores\/\" aria-label=\"Leer m\u00e1s sobre Desinfectan espacios p\u00fablicos y contenedores\">Leer m\u00e1s<\/a><\/p>\n","protected":false},"author":1,"featured_media":109157,"comment_status":"closed","ping_status":"open","sticky":false,"template":"","format":"standard","meta":{"_monsterinsights_skip_tracking":false,"_monsterinsights_sitenote_active":false,"_monsterinsights_sitenote_note":"","_monsterinsights_sitenote_category":0,"jetpack_post_was_ever_published":false,"_jetpack_newsletter_access":"","_jetpack_dont_email_post_to_subs":false,"_jetpack_newsletter_tier_id":0,"_jetpack_memberships_contains_paywalled_content":false,"_jetpack_memberships_contains_paid_content":false,"footnotes":"","jetpack_publicize_message":"","jetpack_publicize_feature_enabled":true,"jetpack_social_post_already_shared":true,"jetpack_social_options":{"image_generator_settings":{"template":"highway","default_image_id":0,"font":"","enabled":false},"version":2},"_wpas_customize_per_network":false},"categories":[30],"tags":[16379,244,8756],"class_list":["post-109155","post","type-post","status-publish","format-standard","has-post-thumbnail","hentry","category-municipio","tag-desinfeccion","tag-municipio-2","tag-prevencion","generate-columns","tablet-grid-50","mobile-grid-100","grid-parent","grid-50"],"jetpack_publicize_connections":[],"jetpack_featured_media_url":"https:\/\/www.hoymercedes.com.ar\/principal\/wp-content\/uploads\/2020\/04\/08-muni-desinfecta-1.jpeg","wps_subtitle":"Prevenci\u00f3n","jetpack_sharing_enabled":true,"_links":{"self":[{"href":"https:\/\/www.hoymercedes.com.ar\/principal\/wp-json\/wp\/v2\/posts\/109155","targetHints":{"allow":["GET"]}}],"collection":[{"href":"https:\/\/www.hoymercedes.com.ar\/principal\/wp-json\/wp\/v2\/posts"}],"about":[{"href":"https:\/\/www.hoymercedes.com.ar\/principal\/wp-json\/wp\/v2\/types\/post"}],"author":[{"embeddable":true,"href":"https:\/\/www.hoymercedes.com.ar\/principal\/wp-json\/wp\/v2\/users\/1"}],"replies":[{"embeddable":true,"href":"https:\/\/www.hoymercedes.com.ar\/principal\/wp-json\/wp\/v2\/comments?post=109155"}],"version-history":[{"count":0,"href":"https:\/\/www.hoymercedes.com.ar\/principal\/wp-json\/wp\/v2\/posts\/109155\/revisions"}],"wp:featuredmedia":[{"embeddable":true,"href":"https:\/\/www.hoymercedes.com.ar\/principal\/wp-json\/wp\/v2\/media\/109157"}],"wp:attachment":[{"href":"https:\/\/www.hoymercedes.com.ar\/principal\/wp-json\/wp\/v2\/media?parent=109155"}],"wp:term":[{"taxonomy":"category","embeddable":true,"href":"https:\/\/www.hoymercedes.com.ar\/principal\/wp-json\/wp\/v2\/categories?post=109155"},{"taxonomy":"post_tag","embeddable":true,"href":"https:\/\/www.hoymercedes.com.ar\/principal\/wp-json\/wp\/v2\/tags?post=109155"}],"curies":[{"name":"wp","href":"https:\/\/api.w.org\/{rel}","templated":true}]}}