{"id":109188,"date":"2020-04-08T20:45:42","date_gmt":"2020-04-08T23:45:42","guid":{"rendered":"http:\/\/www.hoymercedes.com.ar\/principal\/?p=109188"},"modified":"2020-04-09T11:37:30","modified_gmt":"2020-04-09T14:37:30","slug":"preparan-centro-de-aislamiento-sanitario-en-zumerland","status":"publish","type":"post","link":"https:\/\/www.hoymercedes.com.ar\/principal\/2020\/04\/08\/preparan-centro-de-aislamiento-sanitario-en-zumerland\/","title":{"rendered":"Preparan Centro de Aislamiento Sanitario en Zumerland"},"content":{"rendered":"\n<p>El Municipio de Mercedes prepara en las instalaciones de la Colonia Zumerland un centro sanitario para atender pacientes con coronavirus leve que no necesiten internaci\u00f3n hospitalaria, como as\u00ed tambi\u00e9n casos sospechosos. Este ser\u00e1 un espacio de aislamiento que intentar\u00e1 descomprimir el hospital u otra locaci\u00f3n preparada.<\/p>\n\n\n\n<div class=\"wp-block-image\"><figure class=\"aligncenter size-large\"><img loading=\"lazy\" decoding=\"async\" width=\"800\" height=\"533\" data-attachment-id=\"109189\" data-permalink=\"https:\/\/www.hoymercedes.com.ar\/principal\/2020\/04\/08\/preparan-centro-de-aislamiento-sanitario-en-zumerland\/08-colonia-zumerland\/#main\" data-orig-file=\"https:\/\/www.hoymercedes.com.ar\/principal\/wp-content\/uploads\/2020\/04\/08-colonia-zumerland.jpeg\" data-orig-size=\"800,533\" data-comments-opened=\"0\" data-image-meta=\"{&quot;aperture&quot;:&quot;0&quot;,&quot;credit&quot;:&quot;&quot;,&quot;camera&quot;:&quot;&quot;,&quot;caption&quot;:&quot;&quot;,&quot;created_timestamp&quot;:&quot;0&quot;,&quot;copyright&quot;:&quot;&quot;,&quot;focal_length&quot;:&quot;0&quot;,&quot;iso&quot;:&quot;0&quot;,&quot;shutter_speed&quot;:&quot;0&quot;,&quot;title&quot;:&quot;&quot;,&quot;orientation&quot;:&quot;0&quot;}\" data-image-title=\"08 colonia zumerland\" data-image-description=\"\" data-image-caption=\"\" data-large-file=\"https:\/\/www.hoymercedes.com.ar\/principal\/wp-content\/uploads\/2020\/04\/08-colonia-zumerland.jpeg\" src=\"https:\/\/www.hoymercedes.com.ar\/principal\/wp-content\/uploads\/2020\/04\/08-colonia-zumerland.jpeg\" alt=\"\" class=\"wp-image-109189\"\/><\/figure><\/div>\n\n\n\n<p>\u201cQueremos expresar nuestro profundo agradecimiento a la comunidad Sholem de Buenos Aires quienes desde el primer momento de la pandemia han puesto a disposici\u00f3n de la ciudad de Mercedes la colonia Zumerland\u201d y subray\u00f3 \u201cluego de recorrer estas magn\u00edficas instalaciones junto a nuestros equipos, hemos decidido realizar el primer centro de aislamiento sanitario de la ciudad\u201d expres\u00f3 el intendente Ustarroz.<\/p>\n\n\n\n<p>Asimismo, el Dr. Ustarroz indic\u00f3 \u201ceste ser\u00e1 un dispositivo fundamental para abordar la problem\u00e1tica del coronavirus, por lo cual estamos muy contentos y agradecidos con esta importante incorporaci\u00f3n sanitaria\u201d y agreg\u00f3 \u201cvan a funcionar m\u00e1s de 150 camas con todas las comodidades para poder suplir las necesidades en funci\u00f3n de esta realidad que se avecina\u201d.<\/p>\n\n\n\n<p>Conjuntamente, el intendente Ustarroz destac\u00f3 \u201ces importante para la etapa de mitigaci\u00f3n de la pandemia contar con estos centros de aislamiento para que las personas enfermas, que no requieran de internaci\u00f3n en el hospital Blas L. Dubarry, puedan realizar este aislamiento sanitario en un lugar en \u00f3ptimas condiciones como es la colonia Zumerland\u201d.<\/p>\n\n\n\n<p>Por su parte, el director de Protecci\u00f3n Civil, Esteban Chal\u00e1 manifest\u00f3 \u201cestamos diagramando y viendo como va a ser todo el circuito para internaci\u00f3n de pacientes con coronavirus o casos sospechosos\u201d y a\u00f1adi\u00f3 \u201cplanificamos una zona verde que tiene que ver con servicios y prestaciones y la zona roja que ser\u00e1 la parte de internaci\u00f3n, alojamiento, esparcimiento y descanso de los pacientes\u201d.<\/p>\n\n\n\n<p>Esta colonia est\u00e1 situada en el Km 90 a 1000 metros de la ruta 5 (ruta a Tom\u00e1s Jofr\u00e9) fue fundada en 1950 y consta de 11 hect\u00e1reas de grandes espacios verdes y frondosa arboleda.<\/p>\n\n\n\n<p>Fuente: Prensa Municipal<\/p>\n\n\n\n<figure class=\"wp-block-embed-youtube wp-block-embed is-type-video is-provider-youtube wp-embed-aspect-16-9 wp-has-aspect-ratio\"><div class=\"wp-block-embed__wrapper\">\n<span class=\"embed-youtube\" style=\"text-align:center; display: block;\"><iframe loading=\"lazy\" class=\"youtube-player\" width=\"1200\" height=\"675\" src=\"https:\/\/www.youtube.com\/embed\/TzVFF3FYbXM?version=3&#038;rel=1&#038;showsearch=0&#038;showinfo=1&#038;iv_load_policy=1&#038;fs=1&#038;hl=es-ES&#038;autohide=2&#038;wmode=transparent\" allowfullscreen=\"true\" style=\"border:0;\" sandbox=\"allow-scripts allow-same-origin allow-popups allow-presentation allow-popups-to-escape-sandbox\"><\/iframe><\/span>\n<\/div><\/figure>\n","protected":false},"excerpt":{"rendered":"<p>El Municipio de Mercedes prepara en las instalaciones de la Colonia Zumerland un centro sanitario para atender pacientes con coronavirus &#8230; <a title=\"Preparan Centro de Aislamiento Sanitario en Zumerland\" class=\"read-more\" href=\"https:\/\/www.hoymercedes.com.ar\/principal\/2020\/04\/08\/preparan-centro-de-aislamiento-sanitario-en-zumerland\/\" aria-label=\"Leer m\u00e1s sobre Preparan Centro de Aislamiento Sanitario en Zumerland\">Leer m\u00e1s<\/a><\/p>\n","protected":false},"author":1,"featured_media":109189,"comment_status":"closed","ping_status":"open","sticky":false,"template":"","format":"standard","meta":{"_monsterinsights_skip_tracking":false,"_monsterinsights_sitenote_active":false,"_monsterinsights_sitenote_note":"","_monsterinsights_sitenote_category":0,"jetpack_post_was_ever_published":false,"_jetpack_newsletter_access":"","_jetpack_dont_email_post_to_subs":false,"_jetpack_newsletter_tier_id":0,"_jetpack_memberships_contains_paywalled_content":false,"_jetpack_memberships_contains_paid_content":false,"footnotes":"","jetpack_publicize_message":"","jetpack_publicize_feature_enabled":true,"jetpack_social_post_already_shared":true,"jetpack_social_options":{"image_generator_settings":{"template":"highway","default_image_id":0,"font":"","enabled":false},"version":2},"_wpas_customize_per_network":false},"categories":[30],"tags":[16466,1767,244],"class_list":["post-109188","post","type-post","status-publish","format-standard","has-post-thumbnail","hentry","category-municipio","tag-centro-de-aislamiento-sanitario","tag-colonia-zumerland","tag-municipio-2","generate-columns","tablet-grid-50","mobile-grid-100","grid-parent","grid-50"],"jetpack_publicize_connections":[],"jetpack_featured_media_url":"https:\/\/www.hoymercedes.com.ar\/principal\/wp-content\/uploads\/2020\/04\/08-colonia-zumerland.jpeg","wps_subtitle":"","jetpack_sharing_enabled":true,"_links":{"self":[{"href":"https:\/\/www.hoymercedes.com.ar\/principal\/wp-json\/wp\/v2\/posts\/109188","targetHints":{"allow":["GET"]}}],"collection":[{"href":"https:\/\/www.hoymercedes.com.ar\/principal\/wp-json\/wp\/v2\/posts"}],"about":[{"href":"https:\/\/www.hoymercedes.com.ar\/principal\/wp-json\/wp\/v2\/types\/post"}],"author":[{"embeddable":true,"href":"https:\/\/www.hoymercedes.com.ar\/principal\/wp-json\/wp\/v2\/users\/1"}],"replies":[{"embeddable":true,"href":"https:\/\/www.hoymercedes.com.ar\/principal\/wp-json\/wp\/v2\/comments?post=109188"}],"version-history":[{"count":0,"href":"https:\/\/www.hoymercedes.com.ar\/principal\/wp-json\/wp\/v2\/posts\/109188\/revisions"}],"wp:featuredmedia":[{"embeddable":true,"href":"https:\/\/www.hoymercedes.com.ar\/principal\/wp-json\/wp\/v2\/media\/109189"}],"wp:attachment":[{"href":"https:\/\/www.hoymercedes.com.ar\/principal\/wp-json\/wp\/v2\/media?parent=109188"}],"wp:term":[{"taxonomy":"category","embeddable":true,"href":"https:\/\/www.hoymercedes.com.ar\/principal\/wp-json\/wp\/v2\/categories?post=109188"},{"taxonomy":"post_tag","embeddable":true,"href":"https:\/\/www.hoymercedes.com.ar\/principal\/wp-json\/wp\/v2\/tags?post=109188"}],"curies":[{"name":"wp","href":"https:\/\/api.w.org\/{rel}","templated":true}]}}