{"id":109191,"date":"2020-04-09T07:27:00","date_gmt":"2020-04-09T10:27:00","guid":{"rendered":"http:\/\/www.hoymercedes.com.ar\/principal\/?p=109191"},"modified":"2020-04-09T11:37:46","modified_gmt":"2020-04-09T14:37:46","slug":"municipio-y-bomberos-continuan-las-desinfeccion","status":"publish","type":"post","link":"https:\/\/www.hoymercedes.com.ar\/principal\/2020\/04\/09\/municipio-y-bomberos-continuan-las-desinfeccion\/","title":{"rendered":"Municipio y Bomberos contin\u00faan las desinfecci\u00f3n"},"content":{"rendered":"\n<p>Se multiplican en nuestra ciudad las acciones que tienen como objetivo el cuidado de los vecinos frente a la pandemia desatada en todo el mundo por el COVID \u2013 19. Es as\u00ed como los bomberos voluntarios y el Municipio de Mercedes est\u00e1n llevando adelante desinfecciones de espacios p\u00fablicos, como as\u00ed tambi\u00e9n, los lugares m\u00e1s frecuentados por los vecinos, para evitar as\u00ed el contagio de este flagelo sanitario denominado coronavirus. <\/p>\n\n\n\n<p>\u201cPara nosotros es un honor muy grande poder trabajar junto a los bomberos voluntarios en busca del cuidado de nuestros vecinos\u201d expres\u00f3 el intendente Juan Ignacio Ustarroz.<\/p>\n\n\n\n<p>Enfocado en el cuidado de la poblaci\u00f3n, el intendente Ustarroz indic\u00f3 \u201choy se suman los bomberos a todos los que ya participan, colaboran y forman parte de este trabajo en conjunto que se est\u00e1 haciendo entre toda la comunidad, instituciones y el municipio para resguardar al vecino\u201d y agreg\u00f3 \u201ctenemos que cuidarnos entre todos de esta pandemia que tanto mal est\u00e1 generando en el mundo\u201d.<\/p>\n\n\n\n<p>Asimismo, el Dr. Ustarroz aconsej\u00f3 \u201cque la gente se cuide, que tome todas las medidas de precauci\u00f3n, porque si bien vamos a reforzar toda la limpieza en los lugares de mayor tr\u00e1nsito de personas, necesitamos tambi\u00e9n el compromiso y la conciencia de los vecinos\u201d y subray\u00f3 \u201ccreo que la ciudad m\u00e1s all\u00e1 de alguna dificultad, est\u00e1 bien, hay mucha colaboraci\u00f3n de diferentes instituciones y eso nos hace muy bien a todos y nos da fuerzas para seguir adelante\u201d.<\/p>\n\n\n\n<p>\u201cLes agradecemos a los bomberos voluntarios por el trabajo de todos los d\u00edas y en particular por este acompa\u00f1amiento frente a esta pandemia\u201d finaliz\u00f3 el intendente Ustarroz.&nbsp;&nbsp;&nbsp;<\/p>\n\n\n\n<p>El director de Protecci\u00f3n Civil, Esteban Chal\u00e1 quien junto al corral\u00f3n municipal est\u00e1n coordinando y planificando las zonas a desinfectar, se\u00f1al\u00f3 \u201cel objetivo es salir a hacer desinfecci\u00f3n junto a los bomberos de nuestra ciudad, en todo lo que tiene que ver con la v\u00eda p\u00fablica, bancos, cajeros, supermercados, plazas, paradas de colectivos, etc\u201d es decir \u201ctodos los lugares que tienen movimiento de p\u00fablico o donde los vecinos transitan diariamente\u201d.<\/p>\n\n\n\n<p>Desde bomberos, el jefe del cuartel Mario Quaglia manifest\u00f3 \u201cestamos viviendo momentos at\u00edpicos que nos afectan a todos, por eso desde nuestra instituci\u00f3n brindamos todo lo que est\u00e9 a nuestro alcance y a disposici\u00f3n para poder erradicar esta pandemia\u201d.\u00a0<\/p>\n\n\n\n<figure class=\"wp-block-embed-youtube wp-block-embed is-type-video is-provider-youtube wp-embed-aspect-16-9 wp-has-aspect-ratio\"><div class=\"wp-block-embed__wrapper\">\n<span class=\"embed-youtube\" style=\"text-align:center; display: block;\"><iframe loading=\"lazy\" class=\"youtube-player\" width=\"1200\" height=\"675\" src=\"https:\/\/www.youtube.com\/embed\/dIqpqyd3ca8?version=3&#038;rel=1&#038;showsearch=0&#038;showinfo=1&#038;iv_load_policy=1&#038;fs=1&#038;hl=es-ES&#038;autohide=2&#038;wmode=transparent\" allowfullscreen=\"true\" style=\"border:0;\" sandbox=\"allow-scripts allow-same-origin allow-popups allow-presentation allow-popups-to-escape-sandbox\"><\/iframe><\/span>\n<\/div><\/figure>\n","protected":false},"excerpt":{"rendered":"<p>Se multiplican en nuestra ciudad las acciones que tienen como objetivo el cuidado de los vecinos frente a la pandemia &#8230; <a title=\"Municipio y Bomberos contin\u00faan las desinfecci\u00f3n\" class=\"read-more\" href=\"https:\/\/www.hoymercedes.com.ar\/principal\/2020\/04\/09\/municipio-y-bomberos-continuan-las-desinfeccion\/\" aria-label=\"Leer m\u00e1s sobre Municipio y Bomberos contin\u00faan las desinfecci\u00f3n\">Leer m\u00e1s<\/a><\/p>\n","protected":false},"author":1,"featured_media":109192,"comment_status":"closed","ping_status":"open","sticky":false,"template":"","format":"standard","meta":{"_monsterinsights_skip_tracking":false,"_monsterinsights_sitenote_active":false,"_monsterinsights_sitenote_note":"","_monsterinsights_sitenote_category":0,"jetpack_post_was_ever_published":false,"_jetpack_newsletter_access":"","_jetpack_dont_email_post_to_subs":false,"_jetpack_newsletter_tier_id":0,"_jetpack_memberships_contains_paywalled_content":false,"_jetpack_memberships_contains_paid_content":false,"footnotes":"","jetpack_publicize_message":"","jetpack_publicize_feature_enabled":true,"jetpack_social_post_already_shared":true,"jetpack_social_options":{"image_generator_settings":{"template":"highway","default_image_id":0,"font":"","enabled":false},"version":2},"_wpas_customize_per_network":false},"categories":[30],"tags":[4128,16379,244],"class_list":["post-109191","post","type-post","status-publish","format-standard","has-post-thumbnail","hentry","category-municipio","tag-bomberos","tag-desinfeccion","tag-municipio-2","generate-columns","tablet-grid-50","mobile-grid-100","grid-parent","grid-50"],"jetpack_publicize_connections":[],"jetpack_featured_media_url":"https:\/\/www.hoymercedes.com.ar\/principal\/wp-content\/uploads\/2020\/04\/09-muni-bomberos.jpg","wps_subtitle":"","jetpack_sharing_enabled":true,"_links":{"self":[{"href":"https:\/\/www.hoymercedes.com.ar\/principal\/wp-json\/wp\/v2\/posts\/109191","targetHints":{"allow":["GET"]}}],"collection":[{"href":"https:\/\/www.hoymercedes.com.ar\/principal\/wp-json\/wp\/v2\/posts"}],"about":[{"href":"https:\/\/www.hoymercedes.com.ar\/principal\/wp-json\/wp\/v2\/types\/post"}],"author":[{"embeddable":true,"href":"https:\/\/www.hoymercedes.com.ar\/principal\/wp-json\/wp\/v2\/users\/1"}],"replies":[{"embeddable":true,"href":"https:\/\/www.hoymercedes.com.ar\/principal\/wp-json\/wp\/v2\/comments?post=109191"}],"version-history":[{"count":0,"href":"https:\/\/www.hoymercedes.com.ar\/principal\/wp-json\/wp\/v2\/posts\/109191\/revisions"}],"wp:featuredmedia":[{"embeddable":true,"href":"https:\/\/www.hoymercedes.com.ar\/principal\/wp-json\/wp\/v2\/media\/109192"}],"wp:attachment":[{"href":"https:\/\/www.hoymercedes.com.ar\/principal\/wp-json\/wp\/v2\/media?parent=109191"}],"wp:term":[{"taxonomy":"category","embeddable":true,"href":"https:\/\/www.hoymercedes.com.ar\/principal\/wp-json\/wp\/v2\/categories?post=109191"},{"taxonomy":"post_tag","embeddable":true,"href":"https:\/\/www.hoymercedes.com.ar\/principal\/wp-json\/wp\/v2\/tags?post=109191"}],"curies":[{"name":"wp","href":"https:\/\/api.w.org\/{rel}","templated":true}]}}