{"id":109194,"date":"2020-04-08T23:37:20","date_gmt":"2020-04-09T02:37:20","guid":{"rendered":"http:\/\/www.hoymercedes.com.ar\/principal\/?p=109194"},"modified":"2020-04-09T11:36:09","modified_gmt":"2020-04-09T14:36:09","slug":"coronavirus-fallecio-un-hombre-de-83-anos-en-lujan","status":"publish","type":"post","link":"https:\/\/www.hoymercedes.com.ar\/principal\/2020\/04\/08\/coronavirus-fallecio-un-hombre-de-83-anos-en-lujan\/","title":{"rendered":"Coronavirus: falleci\u00f3 un hombre de 83 a\u00f1os en Luj\u00e1n"},"content":{"rendered":"\n<p>Este mi\u00e9rcoles por la noche la Secretar\u00eda de Salud de la Municipalidad de Luj\u00e1n inform\u00f3 que un hombre de 83 a\u00f1os que hab\u00eda dado positivo al estudio por Covid 19, falleci\u00f3 en la jornada de hoy. El paciente se encontraba internado en terapia intensiva en un sanatorio privado del Partido de Luj\u00e1n, con s\u00edntomas de insuficiencia card\u00edaca y neumon\u00eda aspirativa.<\/p>\n\n\n\n<figure class=\"wp-block-image size-large\"><img loading=\"lazy\" decoding=\"async\" width=\"696\" height=\"405\" data-attachment-id=\"109196\" data-permalink=\"https:\/\/www.hoymercedes.com.ar\/principal\/2020\/04\/08\/coronavirus-fallecio-un-hombre-de-83-anos-en-lujan\/08-clinica-san-jose-obrero-jauregui-696x405\/#main\" data-orig-file=\"https:\/\/www.hoymercedes.com.ar\/principal\/wp-content\/uploads\/2020\/04\/08-Clinica-San-Jos\u00e9-Obrero-J\u00e1uregui-696x405-1.jpg\" data-orig-size=\"696,405\" data-comments-opened=\"0\" data-image-meta=\"{&quot;aperture&quot;:&quot;0&quot;,&quot;credit&quot;:&quot;&quot;,&quot;camera&quot;:&quot;&quot;,&quot;caption&quot;:&quot;&quot;,&quot;created_timestamp&quot;:&quot;0&quot;,&quot;copyright&quot;:&quot;&quot;,&quot;focal_length&quot;:&quot;0&quot;,&quot;iso&quot;:&quot;0&quot;,&quot;shutter_speed&quot;:&quot;0&quot;,&quot;title&quot;:&quot;&quot;,&quot;orientation&quot;:&quot;0&quot;}\" data-image-title=\"08 Clinica-San-Jos\u00e9-Obrero-J\u00e1uregui-696&amp;#215;405\" data-image-description=\"\" data-image-caption=\"\" data-large-file=\"https:\/\/www.hoymercedes.com.ar\/principal\/wp-content\/uploads\/2020\/04\/08-Clinica-San-Jos\u00e9-Obrero-J\u00e1uregui-696x405-1.jpg\" src=\"https:\/\/www.hoymercedes.com.ar\/principal\/wp-content\/uploads\/2020\/04\/08-Clinica-San-Jos\u00e9-Obrero-J\u00e1uregui-696x405-1.jpg\" alt=\"\" class=\"wp-image-109196\"\/><\/figure>\n\n\n\n<p>Desde la Secretar\u00eda de Salud lujanense hab\u00edan informado horas antes que dieron positivo dos casos sospechosos de coronavirus. \u201cSe trata de dos hombres, uno de 83 a\u00f1os y el otro de 52 a\u00f1os, que se hab\u00edan configurado como sospechosos los d\u00edas martes y lunes, respectivamente. Tal como indica el protocolo de actuaci\u00f3n, se realizaron los estudios m\u00e9dicos pertinentes y en ambos casos dieron positivo\u201d, se\u00f1alaron.<\/p>\n\n\n\n<p>Por su parte, comunicaron que \u201ceste mi\u00e9rcoles dieron negativo dos de los casos sospechosos. Uno es una mujer de 42 a\u00f1os que estaba siendo tratada en un nosocomio de otra localidad. Y el otro es un hombre de 55 a\u00f1os. Los casos fueron asistidos seg\u00fan el protocolo de COVID-19 y, tal como indica el mismo, se les realizaron los estudios m\u00e9dicos pertinentes, los cuales en ambos casos dieron negativo\u201d.<\/p>\n\n\n\n<p>De los cinco positivos del Partido de Luj\u00e1n, uno falleci\u00f3, uno se encuentra internado y los otros tres fueron dados de alta.  El hombre fallecido es la segunda v\u00edctima registrada en dicha ciudad por coronavirus, ya que semana atr\u00e1s falleci\u00f3 una mujer que era oriunda de San Andr\u00e9s de Giles. <\/p>\n\n\n\n<p>Adem\u00e1s, hasta el momento se registran 13 casos descartados, un caso positivo fallecido y un caso proveniente de otro municipio fallecido por Coronavirus.<\/p>\n\n\n\n<p>Fuente: Luj\u00e1n Hoy y Luj\u00e1n en L\u00ednea<\/p>\n\n\n\n<p>NdR: Originalmente una de las fuentes citadas aseguraba que era en la Cl\u00ednica G\u00fcemes. Luego confirm\u00f3 que la atenci\u00f3n del paciente fue en Jauregui.  <\/p>\n","protected":false},"excerpt":{"rendered":"<p>Este mi\u00e9rcoles por la noche la Secretar\u00eda de Salud de la Municipalidad de Luj\u00e1n inform\u00f3 que un hombre de 83 &#8230; <a title=\"Coronavirus: falleci\u00f3 un hombre de 83 a\u00f1os en Luj\u00e1n\" class=\"read-more\" href=\"https:\/\/www.hoymercedes.com.ar\/principal\/2020\/04\/08\/coronavirus-fallecio-un-hombre-de-83-anos-en-lujan\/\" aria-label=\"Leer m\u00e1s sobre Coronavirus: falleci\u00f3 un hombre de 83 a\u00f1os en Luj\u00e1n\">Leer m\u00e1s<\/a><\/p>\n","protected":false},"author":1,"featured_media":109196,"comment_status":"closed","ping_status":"open","sticky":false,"template":"","format":"standard","meta":{"_monsterinsights_skip_tracking":false,"_monsterinsights_sitenote_active":false,"_monsterinsights_sitenote_note":"","_monsterinsights_sitenote_category":0,"jetpack_post_was_ever_published":false,"_jetpack_newsletter_access":"","_jetpack_dont_email_post_to_subs":false,"_jetpack_newsletter_tier_id":0,"_jetpack_memberships_contains_paywalled_content":false,"_jetpack_memberships_contains_paid_content":false,"footnotes":"","jetpack_publicize_message":"","jetpack_publicize_feature_enabled":true,"jetpack_social_post_already_shared":true,"jetpack_social_options":{"image_generator_settings":{"template":"highway","default_image_id":0,"font":"","enabled":false},"version":2},"_wpas_customize_per_network":false},"categories":[5501],"tags":[16175,134],"class_list":["post-109194","post","type-post","status-publish","format-standard","has-post-thumbnail","hentry","category-region","tag-coronavirus","tag-salud","generate-columns","tablet-grid-50","mobile-grid-100","grid-parent","grid-50"],"jetpack_publicize_connections":[],"jetpack_featured_media_url":"https:\/\/www.hoymercedes.com.ar\/principal\/wp-content\/uploads\/2020\/04\/08-Clinica-San-Jos\u00e9-Obrero-J\u00e1uregui-696x405-1.jpg","wps_subtitle":"Informaci\u00f3n regional","jetpack_sharing_enabled":true,"_links":{"self":[{"href":"https:\/\/www.hoymercedes.com.ar\/principal\/wp-json\/wp\/v2\/posts\/109194","targetHints":{"allow":["GET"]}}],"collection":[{"href":"https:\/\/www.hoymercedes.com.ar\/principal\/wp-json\/wp\/v2\/posts"}],"about":[{"href":"https:\/\/www.hoymercedes.com.ar\/principal\/wp-json\/wp\/v2\/types\/post"}],"author":[{"embeddable":true,"href":"https:\/\/www.hoymercedes.com.ar\/principal\/wp-json\/wp\/v2\/users\/1"}],"replies":[{"embeddable":true,"href":"https:\/\/www.hoymercedes.com.ar\/principal\/wp-json\/wp\/v2\/comments?post=109194"}],"version-history":[{"count":0,"href":"https:\/\/www.hoymercedes.com.ar\/principal\/wp-json\/wp\/v2\/posts\/109194\/revisions"}],"wp:featuredmedia":[{"embeddable":true,"href":"https:\/\/www.hoymercedes.com.ar\/principal\/wp-json\/wp\/v2\/media\/109196"}],"wp:attachment":[{"href":"https:\/\/www.hoymercedes.com.ar\/principal\/wp-json\/wp\/v2\/media?parent=109194"}],"wp:term":[{"taxonomy":"category","embeddable":true,"href":"https:\/\/www.hoymercedes.com.ar\/principal\/wp-json\/wp\/v2\/categories?post=109194"},{"taxonomy":"post_tag","embeddable":true,"href":"https:\/\/www.hoymercedes.com.ar\/principal\/wp-json\/wp\/v2\/tags?post=109194"}],"curies":[{"name":"wp","href":"https:\/\/api.w.org\/{rel}","templated":true}]}}