{"id":109199,"date":"2020-04-09T12:00:15","date_gmt":"2020-04-09T15:00:15","guid":{"rendered":"http:\/\/www.hoymercedes.com.ar\/principal\/?p=109199"},"modified":"2020-04-09T18:26:09","modified_gmt":"2020-04-09T21:26:09","slug":"se-extendio-el-plazo-para-presentar-proyectos-del-concurso-potenciar","status":"publish","type":"post","link":"https:\/\/www.hoymercedes.com.ar\/principal\/2020\/04\/09\/se-extendio-el-plazo-para-presentar-proyectos-del-concurso-potenciar\/","title":{"rendered":"Se extendi\u00f3 el plazo para presentar proyectos del concurso Potenciar"},"content":{"rendered":"\n<p> La nueva fecha de cierre para la presentaci\u00f3n de propuestas es el 15 de abril de 2020 inclusive <\/p>\n\n\n\n<p> Ante la propagaci\u00f3n del coronavirus y considerando las medidas de \u201caislamiento social, preventivo y obligatorio\u201d, el Ministerio de Desarrollo Social de la Naci\u00f3n extendi\u00f3 la fecha l\u00edmite para presentar proyectos en el marco del Concurso Nacional Potenciar, que originalmente estaba prevista para el 31 de marzo de 2020. El nuevo plazo de cierre ser\u00e1 hasta el 15 de abril de 2020 inclusive. <\/p>\n\n\n\n<p>En la decisi\u00f3n se tuvo en cuenta que la presentaci\u00f3n de las distintas propuestas requiere de gestiones que se ven obstaculizadas por la imposibilidad de trasladarse y el cierre temporario de muchas de las organizaciones sin fines de lucro. A su vez, que muchas de las personas participantes requieren de asistencia t\u00e9cnica o de distintas consultas que se ven demoradas por la situaci\u00f3n socio-sanitaria imperante. <\/p>\n\n\n\n<p><strong>Concurso Potenciar<\/strong><\/p>\n\n\n\n<p> El concurso Potenciar premia con m\u00e1quinas y herramientas a los mejores proyectos individuales o colectivos de trabajadores y trabajadoras en oficios mayores de 40 a\u00f1os, que se encuentren sin empleo. <\/p>\n\n\n\n<p>Se puede obtener maquinarias y herramientas para poner en marcha un emprendimiento en los rubros construcci\u00f3n, carpinter\u00eda, herrer\u00eda, gomer\u00eda, gastronom\u00eda, textil, calzado y jardiner\u00eda. <\/p>\n\n\n\n<p>Durante 120 d\u00edas, el que resulte seleccionado debe comprometerse a donar el 20% de tu producci\u00f3n u 8 horas mensuales de trabajo (si el emprendimiento es de servicios), a una instituci\u00f3n sin fines de lucro. <\/p>\n\n\n\n<p> El Ministerio de Desarrollo Social de la Naci\u00f3n seleccionar\u00e1 500 ganadores y los mejores 250 proyectos recibir\u00e1n adem\u00e1s una Tablet Tit\u00e1n Modelo PC7099ME o una Notebook ACER Modelo Aspire E 15, seg\u00fan disponibilidad en stock. <\/p>\n\n\n\n<p>Se deber\u00e1 completar v\u00eda web, una gu\u00eda de presentaci\u00f3n de proyectos que en el caso de que no se disponga de los medios para completarla, se puede asistir al Centro de Referencia del Ministerio de Desarrollo Social de la Naci\u00f3n m\u00e1s cercano y utilizar las instalaciones. <\/p>\n\n\n\n<p>El criterio de selecci\u00f3n estar\u00e1 dado por la pertinencia a la tipolog\u00eda establecida, los antecedentes e idoneidad en el rubro, si se tienen realizados curso de formaci\u00f3n, tambi\u00e9n se valorar\u00e1 su justificaci\u00f3n y la coherencia en los plazos previstos para su ejecuci\u00f3n. <\/p>\n\n\n\n<p>Una vez presentados, la Comisi\u00f3n tendr\u00e1 hasta 30 (treinta) d\u00edas h\u00e1biles posteriores al cierre de presentaci\u00f3n de los proyectos, para elegir a los ganadores. Con posterioridad, el Ministerio de Desarrollo Social de la Naci\u00f3n publicar\u00e1 la n\u00f3mina de los proyectos aprobados y dichas decisiones son inapelables. Tambi\u00e9n podr\u00e1 modificar la composici\u00f3n de los kits de maquinarias y herramientas, con la debida justificaci\u00f3n y expresa conformidad del o la responsable del proyecto. <\/p>\n\n\n\n<p>Los proyectos ganadores que no hayan cumplido con la entrega de la documentaci\u00f3n necesaria dentro de los 30 (treinta) d\u00edas corridos posteriores a la notificaci\u00f3n de su elecci\u00f3n, ser\u00e1n dados de baja a trav\u00e9s del acto administrativo pertinente en el que consten los motivos del mismo. El proyecto siguiente en orden de m\u00e9rito que haya sido seleccionado, pasar\u00e1 a ocupar ese lugar. <\/p>\n\n\n\n<p>Los y las responsables de los proyectos ganadores tendr\u00e1n un plazo m\u00e1ximo de 30 (treinta) d\u00edas corridos desde la publicaci\u00f3n de los resultados, para presentarse, con DNI vigente, ante el Centro de Referencia del Ministerio de Desarrollo Social de la Naci\u00f3n m\u00e1s cercano. <\/p>\n","protected":false},"excerpt":{"rendered":"<p>La nueva fecha de cierre para la presentaci\u00f3n de propuestas es el 15 de abril de 2020 inclusive Ante la &#8230; <a title=\"Se extendi\u00f3 el plazo para presentar proyectos del concurso Potenciar\" class=\"read-more\" href=\"https:\/\/www.hoymercedes.com.ar\/principal\/2020\/04\/09\/se-extendio-el-plazo-para-presentar-proyectos-del-concurso-potenciar\/\" aria-label=\"Leer m\u00e1s sobre Se extendi\u00f3 el plazo para presentar proyectos del concurso Potenciar\">Leer m\u00e1s<\/a><\/p>\n","protected":false},"author":1,"featured_media":106859,"comment_status":"closed","ping_status":"open","sticky":false,"template":"","format":"standard","meta":{"_monsterinsights_skip_tracking":false,"_monsterinsights_sitenote_active":false,"_monsterinsights_sitenote_note":"","_monsterinsights_sitenote_category":0,"jetpack_post_was_ever_published":false,"_jetpack_newsletter_access":"","_jetpack_dont_email_post_to_subs":false,"_jetpack_newsletter_tier_id":0,"_jetpack_memberships_contains_paywalled_content":false,"_jetpack_memberships_contains_paid_content":false,"footnotes":"","jetpack_publicize_message":"","jetpack_publicize_feature_enabled":true,"jetpack_social_post_already_shared":true,"jetpack_social_options":{"image_generator_settings":{"template":"highway","default_image_id":0,"font":"","enabled":false},"version":2},"_wpas_customize_per_network":false},"categories":[8],"tags":[8753,16469,1089],"class_list":["post-109199","post","type-post","status-publish","format-standard","has-post-thumbnail","hentry","category-sociedad","tag-cdr","tag-concurso-potenciar","tag-ministerio-de-desarrollo-social","generate-columns","tablet-grid-50","mobile-grid-100","grid-parent","grid-50"],"jetpack_publicize_connections":[],"jetpack_featured_media_url":"https:\/\/www.hoymercedes.com.ar\/principal\/wp-content\/uploads\/2020\/03\/02-pro-CDR.jpg","wps_subtitle":"Informaci\u00f3n del Centro de Referencia","jetpack_sharing_enabled":true,"_links":{"self":[{"href":"https:\/\/www.hoymercedes.com.ar\/principal\/wp-json\/wp\/v2\/posts\/109199","targetHints":{"allow":["GET"]}}],"collection":[{"href":"https:\/\/www.hoymercedes.com.ar\/principal\/wp-json\/wp\/v2\/posts"}],"about":[{"href":"https:\/\/www.hoymercedes.com.ar\/principal\/wp-json\/wp\/v2\/types\/post"}],"author":[{"embeddable":true,"href":"https:\/\/www.hoymercedes.com.ar\/principal\/wp-json\/wp\/v2\/users\/1"}],"replies":[{"embeddable":true,"href":"https:\/\/www.hoymercedes.com.ar\/principal\/wp-json\/wp\/v2\/comments?post=109199"}],"version-history":[{"count":0,"href":"https:\/\/www.hoymercedes.com.ar\/principal\/wp-json\/wp\/v2\/posts\/109199\/revisions"}],"wp:featuredmedia":[{"embeddable":true,"href":"https:\/\/www.hoymercedes.com.ar\/principal\/wp-json\/wp\/v2\/media\/106859"}],"wp:attachment":[{"href":"https:\/\/www.hoymercedes.com.ar\/principal\/wp-json\/wp\/v2\/media?parent=109199"}],"wp:term":[{"taxonomy":"category","embeddable":true,"href":"https:\/\/www.hoymercedes.com.ar\/principal\/wp-json\/wp\/v2\/categories?post=109199"},{"taxonomy":"post_tag","embeddable":true,"href":"https:\/\/www.hoymercedes.com.ar\/principal\/wp-json\/wp\/v2\/tags?post=109199"}],"curies":[{"name":"wp","href":"https:\/\/api.w.org\/{rel}","templated":true}]}}