{"id":109232,"date":"2020-04-09T21:40:00","date_gmt":"2020-04-10T00:40:00","guid":{"rendered":"http:\/\/www.hoymercedes.com.ar\/principal\/?p=109232"},"modified":"2020-04-09T21:41:57","modified_gmt":"2020-04-10T00:41:57","slug":"comite-de-crisis-analizo-medidas-y-lo-que-sera-el-centro-de-aislamiento-sanitario-i","status":"publish","type":"post","link":"https:\/\/www.hoymercedes.com.ar\/principal\/2020\/04\/09\/comite-de-crisis-analizo-medidas-y-lo-que-sera-el-centro-de-aislamiento-sanitario-i\/","title":{"rendered":"Comit\u00e9 de Crisis analiz\u00f3 medidas y lo que ser\u00e1 el Centro de Aislamiento Sanitario I"},"content":{"rendered":"\n<p>El intendente  Juan Ignacio  Ustarroz encabez\u00f3 una nueva reuni\u00f3n del Comit\u00e9 de Crisis Covid-19. Hubo un detallado informe de situaci\u00f3n y se explic\u00f3 c\u00f3mo ser\u00e1 el Centro de Aislamiento Sanitario I y eventualmente su expansi\u00f3n en m\u00e1s locaciones de agravarse la situaci\u00f3n. Tambi\u00e9n se narr\u00f3 las herramientas y dispositivos de los CAPS, Dubarry, Cl\u00ednica Nueva Cruz Azul, Protecci\u00f3n Civil, y otras intervenciones con diversas fuerzas.<\/p>\n\n\n\n<figure class=\"wp-block-image size-large\"><img loading=\"lazy\" decoding=\"async\" width=\"800\" height=\"533\" data-attachment-id=\"109234\" data-permalink=\"https:\/\/www.hoymercedes.com.ar\/principal\/2020\/04\/09\/comite-de-crisis-analizo-medidas-y-lo-que-sera-el-centro-de-aislamiento-sanitario-i\/09-comite-de-crisis2\/#main\" data-orig-file=\"https:\/\/www.hoymercedes.com.ar\/principal\/wp-content\/uploads\/2020\/04\/09-comite-de-crisis2.jpg\" data-orig-size=\"800,533\" data-comments-opened=\"0\" data-image-meta=\"{&quot;aperture&quot;:&quot;0&quot;,&quot;credit&quot;:&quot;&quot;,&quot;camera&quot;:&quot;&quot;,&quot;caption&quot;:&quot;&quot;,&quot;created_timestamp&quot;:&quot;0&quot;,&quot;copyright&quot;:&quot;&quot;,&quot;focal_length&quot;:&quot;0&quot;,&quot;iso&quot;:&quot;0&quot;,&quot;shutter_speed&quot;:&quot;0&quot;,&quot;title&quot;:&quot;&quot;,&quot;orientation&quot;:&quot;0&quot;}\" data-image-title=\"09 comite de crisis2\" data-image-description=\"\" data-image-caption=\"\" data-large-file=\"https:\/\/www.hoymercedes.com.ar\/principal\/wp-content\/uploads\/2020\/04\/09-comite-de-crisis2.jpg\" src=\"https:\/\/www.hoymercedes.com.ar\/principal\/wp-content\/uploads\/2020\/04\/09-comite-de-crisis2.jpg\" alt=\"\" class=\"wp-image-109234\"\/><\/figure>\n\n\n\n<p>&nbsp;\u201cLos objetivos del comit\u00e9 de Emergencia son el abordaje de la pandemia COVID-19 entre todos los actores de nuestra comunidad\u201d expres\u00f3 el intendente Ustarroz.<\/p>\n\n\n\n<p>En ese sentido, Ustarroz manifest\u00f3: \u201cen esta oportunidad habl\u00f3 el director del hospital y dio a conocer c\u00f3mo se est\u00e1 reorganizando y cual ser\u00e1 el nuevo dispositivo del hospital para atender a los pacientes que tengan coronavirus, c\u00f3mo ser\u00e1 el circuito de ingreso, su ubicaci\u00f3n, es decir, todo lo referente al diagrama de atenci\u00f3n e internaci\u00f3n. Esteban Chal\u00e1 nos cont\u00f3 c\u00f3mo se est\u00e1 acondicionando la colonia Zumerland que va a tener 150 camas para pacientes leves de coronavirus que no tengan criterio de internaci\u00f3n hospitalaria, como as\u00ed tambi\u00e9n, el presidente de colegios de m\u00e9dicos plante\u00f3 el tema del uso de los barbijos tratando de dar m\u00e1s certezas sobre este tema\u201d.<\/p>\n\n\n\n<p>Conjuntamente, Ustarroz se\u00f1al\u00f3 \u201cY en el sentido m\u00e1s general de esta problem\u00e1tica se encuentra la cuesti\u00f3n econ\u00f3mica, nosotros el lunes vamos a estar abriendo en el municipio el sector de cobro\/recaudaci\u00f3n para que los vecinos puedan venir a pagara las tasas, porque estamos viendo la necesidad imperiosa de contar con esos fondos. Todo este parate de la econom\u00eda afecta a todos, Pymes, trabajadores, profesionales, como as\u00ed tambi\u00e9n al Estado Nacional, Provincial y Municipal\u201d y destac\u00f3 \u201cla ca\u00edda de la coparticipaci\u00f3n es muy fuerte, de ah\u00ed que tenemos que afrontar este momento con todos los recursos tanto humanos, econ\u00f3micos como institucionales\u201d.<\/p>\n\n\n\n<p>\u201cSiempre sirve juntase, escucharse, esta es una medida muy din\u00e1mica donde los protocoles de ingreso, protecci\u00f3n y contenci\u00f3n van cambiando y hay que estar informado y adecuarse\u201d apunt\u00f3 Juan Ignacio Ustarroz.\u00a0\u00a0<\/p>\n\n\n\n<figure class=\"wp-block-image size-large\"><img loading=\"lazy\" decoding=\"async\" width=\"800\" height=\"533\" data-attachment-id=\"109233\" data-permalink=\"https:\/\/www.hoymercedes.com.ar\/principal\/2020\/04\/09\/comite-de-crisis-analizo-medidas-y-lo-que-sera-el-centro-de-aislamiento-sanitario-i\/09-comite-de-crisis\/#main\" data-orig-file=\"https:\/\/www.hoymercedes.com.ar\/principal\/wp-content\/uploads\/2020\/04\/09-comite-de-crisis.jpg\" data-orig-size=\"800,533\" data-comments-opened=\"0\" data-image-meta=\"{&quot;aperture&quot;:&quot;0&quot;,&quot;credit&quot;:&quot;&quot;,&quot;camera&quot;:&quot;&quot;,&quot;caption&quot;:&quot;&quot;,&quot;created_timestamp&quot;:&quot;0&quot;,&quot;copyright&quot;:&quot;&quot;,&quot;focal_length&quot;:&quot;0&quot;,&quot;iso&quot;:&quot;0&quot;,&quot;shutter_speed&quot;:&quot;0&quot;,&quot;title&quot;:&quot;&quot;,&quot;orientation&quot;:&quot;0&quot;}\" data-image-title=\"09 comite de crisis\" data-image-description=\"\" data-image-caption=\"\" data-large-file=\"https:\/\/www.hoymercedes.com.ar\/principal\/wp-content\/uploads\/2020\/04\/09-comite-de-crisis.jpg\" src=\"https:\/\/www.hoymercedes.com.ar\/principal\/wp-content\/uploads\/2020\/04\/09-comite-de-crisis.jpg\" alt=\"\" class=\"wp-image-109233\"\/><\/figure>\n\n\n\n<p><strong>Presencia<\/strong><\/p>\n\n\n\n<p>Con todas las medidas de seguridad correspondientes a este tipo de reuni\u00f3n, pero a sabiendas que es fundamental el encuentro, hubo una importante cantidad de representantes institucionales. Entre ellos la Polic\u00eda Comunal, Polic\u00eda Federal, Gendarmer\u00eda Nacional, Bomberos, CTA, ATE, CICOP, Centro M\u00e9dico, Cl\u00ednica Nueva Cruz Azul, PAMI, Anses, Protecci\u00f3n Civil, presidente del bloque de Frente de Todos, Juntos por el Cambio, Partido Fe, Presidencia del Concejo Deliberante, Adultos Mayores, Consejo Escolar, Departamento ejecutivo con varios de sus funcionarios, secretar\u00eda de seguridad, representaci\u00f3n de los CAPS y Direcci\u00f3n de Dubarry.<\/p>\n\n\n\n<p>Fuente: Prensa Municipal<\/p>\n","protected":false},"excerpt":{"rendered":"<p>El intendente Juan Ignacio Ustarroz encabez\u00f3 una nueva reuni\u00f3n del Comit\u00e9 de Crisis Covid-19. Hubo un detallado informe de situaci\u00f3n &#8230; <a title=\"Comit\u00e9 de Crisis analiz\u00f3 medidas y lo que ser\u00e1 el Centro de Aislamiento Sanitario I\" class=\"read-more\" href=\"https:\/\/www.hoymercedes.com.ar\/principal\/2020\/04\/09\/comite-de-crisis-analizo-medidas-y-lo-que-sera-el-centro-de-aislamiento-sanitario-i\/\" aria-label=\"Leer m\u00e1s sobre Comit\u00e9 de Crisis analiz\u00f3 medidas y lo que ser\u00e1 el Centro de Aislamiento Sanitario I\">Leer m\u00e1s<\/a><\/p>\n","protected":false},"author":1,"featured_media":109233,"comment_status":"closed","ping_status":"open","sticky":false,"template":"","format":"standard","meta":{"_monsterinsights_skip_tracking":false,"_monsterinsights_sitenote_active":false,"_monsterinsights_sitenote_note":"","_monsterinsights_sitenote_category":0,"jetpack_post_was_ever_published":false,"_jetpack_newsletter_access":"","_jetpack_dont_email_post_to_subs":false,"_jetpack_newsletter_tier_id":0,"_jetpack_memberships_contains_paywalled_content":false,"_jetpack_memberships_contains_paid_content":false,"footnotes":"","jetpack_publicize_message":"","jetpack_publicize_feature_enabled":true,"jetpack_social_post_already_shared":false,"jetpack_social_options":{"image_generator_settings":{"template":"highway","default_image_id":0,"font":"","enabled":false},"version":2},"_wpas_customize_per_network":false},"categories":[30],"tags":[16345,16175,16313,16472,244],"class_list":["post-109232","post","type-post","status-publish","format-standard","has-post-thumbnail","hentry","category-municipio","tag-comite-de-crisis","tag-coronavirus","tag-covid-19","tag-medidas-preventivas","tag-municipio-2","generate-columns","tablet-grid-50","mobile-grid-100","grid-parent","grid-50"],"jetpack_publicize_connections":[],"jetpack_featured_media_url":"https:\/\/www.hoymercedes.com.ar\/principal\/wp-content\/uploads\/2020\/04\/09-comite-de-crisis.jpg","wps_subtitle":"An\u00e1lisis para el pr\u00f3ximo lunes","jetpack_sharing_enabled":true,"_links":{"self":[{"href":"https:\/\/www.hoymercedes.com.ar\/principal\/wp-json\/wp\/v2\/posts\/109232","targetHints":{"allow":["GET"]}}],"collection":[{"href":"https:\/\/www.hoymercedes.com.ar\/principal\/wp-json\/wp\/v2\/posts"}],"about":[{"href":"https:\/\/www.hoymercedes.com.ar\/principal\/wp-json\/wp\/v2\/types\/post"}],"author":[{"embeddable":true,"href":"https:\/\/www.hoymercedes.com.ar\/principal\/wp-json\/wp\/v2\/users\/1"}],"replies":[{"embeddable":true,"href":"https:\/\/www.hoymercedes.com.ar\/principal\/wp-json\/wp\/v2\/comments?post=109232"}],"version-history":[{"count":0,"href":"https:\/\/www.hoymercedes.com.ar\/principal\/wp-json\/wp\/v2\/posts\/109232\/revisions"}],"wp:featuredmedia":[{"embeddable":true,"href":"https:\/\/www.hoymercedes.com.ar\/principal\/wp-json\/wp\/v2\/media\/109233"}],"wp:attachment":[{"href":"https:\/\/www.hoymercedes.com.ar\/principal\/wp-json\/wp\/v2\/media?parent=109232"}],"wp:term":[{"taxonomy":"category","embeddable":true,"href":"https:\/\/www.hoymercedes.com.ar\/principal\/wp-json\/wp\/v2\/categories?post=109232"},{"taxonomy":"post_tag","embeddable":true,"href":"https:\/\/www.hoymercedes.com.ar\/principal\/wp-json\/wp\/v2\/tags?post=109232"}],"curies":[{"name":"wp","href":"https:\/\/api.w.org\/{rel}","templated":true}]}}