{"id":109246,"date":"2020-04-10T10:00:00","date_gmt":"2020-04-10T13:00:00","guid":{"rendered":"http:\/\/www.hoymercedes.com.ar\/principal\/?p=109246"},"modified":"2020-04-10T11:05:35","modified_gmt":"2020-04-10T14:05:35","slug":"a-cuatro-amigos-de-paseo-se-le-inicio-causa-por-incumplir-el-aislamiento","status":"publish","type":"post","link":"https:\/\/www.hoymercedes.com.ar\/principal\/2020\/04\/10\/a-cuatro-amigos-de-paseo-se-le-inicio-causa-por-incumplir-el-aislamiento\/","title":{"rendered":"A cuatro amigos \u00abde paseo\u00bb se le inici\u00f3 causa por incumplir el aislamiento"},"content":{"rendered":"\n<p><em>Le iniciaron causas a las cuatro personas y secuestraron el veh\u00edculo, un Ford K, mientras \u00abpaseaban\u00bb por la avenida 29. <\/em><\/p>\n\n\n\n<figure class=\"wp-block-image size-large\"><img loading=\"lazy\" decoding=\"async\" width=\"800\" height=\"600\" data-attachment-id=\"109247\" data-permalink=\"https:\/\/www.hoymercedes.com.ar\/principal\/2020\/04\/10\/a-cuatro-amigos-de-paseo-se-le-inicio-causa-por-incumplir-el-aislamiento\/10-secuetro-auto\/#main\" data-orig-file=\"https:\/\/www.hoymercedes.com.ar\/principal\/wp-content\/uploads\/2020\/04\/10-secuetro-auto.jpg\" data-orig-size=\"800,600\" data-comments-opened=\"0\" data-image-meta=\"{&quot;aperture&quot;:&quot;0&quot;,&quot;credit&quot;:&quot;&quot;,&quot;camera&quot;:&quot;&quot;,&quot;caption&quot;:&quot;&quot;,&quot;created_timestamp&quot;:&quot;0&quot;,&quot;copyright&quot;:&quot;&quot;,&quot;focal_length&quot;:&quot;0&quot;,&quot;iso&quot;:&quot;0&quot;,&quot;shutter_speed&quot;:&quot;0&quot;,&quot;title&quot;:&quot;&quot;,&quot;orientation&quot;:&quot;0&quot;}\" data-image-title=\"10 secuetro auto\" data-image-description=\"\" data-image-caption=\"\" data-large-file=\"https:\/\/www.hoymercedes.com.ar\/principal\/wp-content\/uploads\/2020\/04\/10-secuetro-auto.jpg\" src=\"https:\/\/www.hoymercedes.com.ar\/principal\/wp-content\/uploads\/2020\/04\/10-secuetro-auto.jpg\" alt=\"\" class=\"wp-image-109247\"\/><\/figure>\n\n\n\n<p>Los equipos de trabajo multiagencial contin\u00faan realizando actividades de control y prevenci\u00f3n y, especialmente, verificando el cumplimiento del aislamiento. Todo aquel que no tenga un motivo fidedigno para circular es detenido y se le inicia una causa penal. <\/p>\n\n\n\n<p>Un caso llam\u00f3 la atenci\u00f3n y fue el de cuatro amigos que circulaban por la ciudad en un Ford K \u00abde manera muy tranquila\u00bb. Al alertarlo las fuerzas de seguridad detectan que, tras exponer diversas excusas, simplemente \u00abestaban de paseo\u00bb. <\/p>\n\n\n\n<p>Tras las actuaciones del protocolo de seguridad correspondientes se procedi\u00f3 a secuestrar el automotor e iniciar causas a sus ocupantes. <\/p>\n\n\n\n<p>El Secretario de Seguridad, Dr. Gast\u00f3n Arenas, aprovech\u00f3 la ocasi\u00f3n para agradecer y felicitar a todas las fuerzas participantes por continuar haciendo \u201cuna ardua tarea en el cuidado de nuestros vecinos y el respeto de las normas socio sanitarias\u201d<\/p>\n\n\n\n<p>Fuente: Prensa Municipal<\/p>\n","protected":false},"excerpt":{"rendered":"<p>Le iniciaron causas a las cuatro personas y secuestraron el veh\u00edculo, un Ford K, mientras \u00abpaseaban\u00bb por la avenida 29. &#8230; <a title=\"A cuatro amigos \u00abde paseo\u00bb se le inici\u00f3 causa por incumplir el aislamiento\" class=\"read-more\" href=\"https:\/\/www.hoymercedes.com.ar\/principal\/2020\/04\/10\/a-cuatro-amigos-de-paseo-se-le-inicio-causa-por-incumplir-el-aislamiento\/\" aria-label=\"Leer m\u00e1s sobre A cuatro amigos \u00abde paseo\u00bb se le inici\u00f3 causa por incumplir el aislamiento\">Leer m\u00e1s<\/a><\/p>\n","protected":false},"author":1,"featured_media":109247,"comment_status":"closed","ping_status":"open","sticky":false,"template":"","format":"standard","meta":{"_monsterinsights_skip_tracking":false,"_monsterinsights_sitenote_active":false,"_monsterinsights_sitenote_note":"","_monsterinsights_sitenote_category":0,"jetpack_post_was_ever_published":false,"_jetpack_newsletter_access":"","_jetpack_dont_email_post_to_subs":false,"_jetpack_newsletter_tier_id":0,"_jetpack_memberships_contains_paywalled_content":false,"_jetpack_memberships_contains_paid_content":false,"footnotes":"","jetpack_publicize_message":"","jetpack_publicize_feature_enabled":true,"jetpack_social_post_already_shared":true,"jetpack_social_options":{"image_generator_settings":{"template":"highway","default_image_id":0,"font":"","enabled":false},"version":2},"_wpas_customize_per_network":false},"categories":[30],"tags":[16353,244,96,802],"class_list":["post-109246","post","type-post","status-publish","format-standard","has-post-thumbnail","hentry","category-municipio","tag-aislamiento-social-obligatorio","tag-municipio-2","tag-policial-2","tag-seguridad","generate-columns","tablet-grid-50","mobile-grid-100","grid-parent","grid-50"],"jetpack_publicize_connections":[],"jetpack_featured_media_url":"https:\/\/www.hoymercedes.com.ar\/principal\/wp-content\/uploads\/2020\/04\/10-secuetro-auto.jpg","wps_subtitle":"Actuaci\u00f3n policial","jetpack_sharing_enabled":true,"_links":{"self":[{"href":"https:\/\/www.hoymercedes.com.ar\/principal\/wp-json\/wp\/v2\/posts\/109246","targetHints":{"allow":["GET"]}}],"collection":[{"href":"https:\/\/www.hoymercedes.com.ar\/principal\/wp-json\/wp\/v2\/posts"}],"about":[{"href":"https:\/\/www.hoymercedes.com.ar\/principal\/wp-json\/wp\/v2\/types\/post"}],"author":[{"embeddable":true,"href":"https:\/\/www.hoymercedes.com.ar\/principal\/wp-json\/wp\/v2\/users\/1"}],"replies":[{"embeddable":true,"href":"https:\/\/www.hoymercedes.com.ar\/principal\/wp-json\/wp\/v2\/comments?post=109246"}],"version-history":[{"count":0,"href":"https:\/\/www.hoymercedes.com.ar\/principal\/wp-json\/wp\/v2\/posts\/109246\/revisions"}],"wp:featuredmedia":[{"embeddable":true,"href":"https:\/\/www.hoymercedes.com.ar\/principal\/wp-json\/wp\/v2\/media\/109247"}],"wp:attachment":[{"href":"https:\/\/www.hoymercedes.com.ar\/principal\/wp-json\/wp\/v2\/media?parent=109246"}],"wp:term":[{"taxonomy":"category","embeddable":true,"href":"https:\/\/www.hoymercedes.com.ar\/principal\/wp-json\/wp\/v2\/categories?post=109246"},{"taxonomy":"post_tag","embeddable":true,"href":"https:\/\/www.hoymercedes.com.ar\/principal\/wp-json\/wp\/v2\/tags?post=109246"}],"curies":[{"name":"wp","href":"https:\/\/api.w.org\/{rel}","templated":true}]}}