{"id":109281,"date":"2020-04-11T19:04:22","date_gmt":"2020-04-11T22:04:22","guid":{"rendered":"http:\/\/www.hoymercedes.com.ar\/principal\/?p=109281"},"modified":"2020-04-11T21:31:21","modified_gmt":"2020-04-12T00:31:21","slug":"coronavirus-informan-un-segundo-caso-sospechoso-en-la-clinica","status":"publish","type":"post","link":"https:\/\/www.hoymercedes.com.ar\/principal\/2020\/04\/11\/coronavirus-informan-un-segundo-caso-sospechoso-en-la-clinica\/","title":{"rendered":"Coronavirus: informan un segundo caso sospechoso en la Cl\u00ednica"},"content":{"rendered":"\n<p>En la tarde del s\u00e1bado, la Cl\u00ednica Nueva Cruz Azul de Mercedes inform\u00f3 que lleg\u00f3 a la instituci\u00f3n el viernes 10 de abril un hombre de 74 a\u00f1os fiebre e infecci\u00f3n respiratoria aguda baja (IRAB), por lo cual se activ\u00f3 el protocolo para los casos sospechosos de COVID-19. <\/p>\n\n\n\n<p>\u00abEl paciente ingresa a Cl\u00ednica Nueva Cruz Azul a trav\u00e9s de servicio de ambulancia derivado de hospital local. Institucionalizado en hogar geri\u00e1trico, diab\u00e9tico, insulino requiriente, hipertenso, ex tabaquista. Se activa protocolo para caso sospechoso COVID-19&nbsp; por presentar: fiebre + IRAB (Infecci\u00f3n Respiratoria Aguda Baja) + edad (a\u00f1oso). Ingresa a zona de aislamiento cumpliendo con las normas establecidas por el Ministerio de Salud, para la seguridad del paciente y del personal a cargo. Se haya a la fecha estable, sin requerimiento de oxigeno. Se solicita hisopado para PCR. Se env\u00eda muestra el d\u00eda 11 de abril\u00bb, expresa el informe enviado por la Cl\u00ednica Nueva Cruz Azul. <\/p>\n\n\n\n<p>Asimismo, explicaron que el primer caso sospechoso ingresado el 3 de abril, el hombre de 37 a\u00f1os, \u00abingresa desde la guardia como caso sospechoso por IRAB m\u00e1s fiebre, niega contactos con casos confirmados y no viaje al exterior. Se activa el protocolo de aislamiento de contacto, transmisi\u00f3n por aerosolizaci\u00f3n y medidas de protecci\u00f3n personal. Internado en la zona denominada \u201csucia\u201d destinada a pacientes con sospecha de Covid cumpliendo con todas las normas establecidas por el Ministerio de Salud, se encuentra estable y sin requerimiento de oxigeno, en buen estado general. Se realiza toma de muestra hisopado nasofar\u00edngeo y orofar\u00edngeo el d\u00eda 4 de abril, actualmente a la espera de resultado\u00bb.<\/p>\n\n\n\n<p>A modo de aclaraci\u00f3n, la instituci\u00f3n m\u00e9dica de Avenida 29 y calle 16, comunica que \u00abel resultado de la muestra del hisopado realizado para el caso 1 a\u00fan se haya pendiente debido a que en su momento debi\u00f3&nbsp; ser enviado por v\u00eda privada al Hospital Malbran. Por la gran demora en el mismo Instituto y la saturaci\u00f3n en el n\u00famero de muestras, nos informan ante los varios reclamos, que los mismos estar\u00edan en las pr\u00f3ximas 48 horas. Por dichos acontecimientos que demoran la agilizaci\u00f3n&nbsp; del proceso se comenzar\u00e1 a enviar las muestras de hisopados para PCR a otro Instituto para procesamiento, lo mismo puede ser realizado a trav\u00e9s del Hospital Local, HECHO QUE PREVIAMENTE NO ESTABAN AUTORIZADAS A REALIZAR LAS INSTITUCIONES PRIVADAS\u00bb.<\/p>\n","protected":false},"excerpt":{"rendered":"<p>En la tarde del s\u00e1bado, la Cl\u00ednica Nueva Cruz Azul de Mercedes inform\u00f3 que lleg\u00f3 a la instituci\u00f3n el viernes &#8230; <a title=\"Coronavirus: informan un segundo caso sospechoso en la Cl\u00ednica\" class=\"read-more\" href=\"https:\/\/www.hoymercedes.com.ar\/principal\/2020\/04\/11\/coronavirus-informan-un-segundo-caso-sospechoso-en-la-clinica\/\" aria-label=\"Leer m\u00e1s sobre Coronavirus: informan un segundo caso sospechoso en la Cl\u00ednica\">Leer m\u00e1s<\/a><\/p>\n","protected":false},"author":1,"featured_media":108997,"comment_status":"closed","ping_status":"open","sticky":false,"template":"","format":"standard","meta":{"_monsterinsights_skip_tracking":false,"_monsterinsights_sitenote_active":false,"_monsterinsights_sitenote_note":"","_monsterinsights_sitenote_category":0,"jetpack_post_was_ever_published":false,"_jetpack_newsletter_access":"","_jetpack_dont_email_post_to_subs":false,"_jetpack_newsletter_tier_id":0,"_jetpack_memberships_contains_paywalled_content":false,"_jetpack_memberships_contains_paid_content":false,"footnotes":"","jetpack_publicize_message":"","jetpack_publicize_feature_enabled":true,"jetpack_social_post_already_shared":true,"jetpack_social_options":{"image_generator_settings":{"template":"highway","default_image_id":0,"font":"","enabled":false},"version":2},"_wpas_customize_per_network":false},"categories":[9791],"tags":[16400,16448,16175,16313,134],"class_list":["post-109281","post","type-post","status-publish","format-standard","has-post-thumbnail","hentry","category-salud","tag-caso-sospechoso","tag-clinica-nueva-cruz-azul","tag-coronavirus","tag-covid-19","tag-salud","generate-columns","tablet-grid-50","mobile-grid-100","grid-parent","grid-50"],"jetpack_publicize_connections":[],"jetpack_featured_media_url":"https:\/\/www.hoymercedes.com.ar\/principal\/wp-content\/uploads\/2020\/04\/IMG-20200404-WA0069_copy_800x558.jpg","wps_subtitle":"Informaci\u00f3n oficial","jetpack_sharing_enabled":true,"_links":{"self":[{"href":"https:\/\/www.hoymercedes.com.ar\/principal\/wp-json\/wp\/v2\/posts\/109281","targetHints":{"allow":["GET"]}}],"collection":[{"href":"https:\/\/www.hoymercedes.com.ar\/principal\/wp-json\/wp\/v2\/posts"}],"about":[{"href":"https:\/\/www.hoymercedes.com.ar\/principal\/wp-json\/wp\/v2\/types\/post"}],"author":[{"embeddable":true,"href":"https:\/\/www.hoymercedes.com.ar\/principal\/wp-json\/wp\/v2\/users\/1"}],"replies":[{"embeddable":true,"href":"https:\/\/www.hoymercedes.com.ar\/principal\/wp-json\/wp\/v2\/comments?post=109281"}],"version-history":[{"count":0,"href":"https:\/\/www.hoymercedes.com.ar\/principal\/wp-json\/wp\/v2\/posts\/109281\/revisions"}],"wp:featuredmedia":[{"embeddable":true,"href":"https:\/\/www.hoymercedes.com.ar\/principal\/wp-json\/wp\/v2\/media\/108997"}],"wp:attachment":[{"href":"https:\/\/www.hoymercedes.com.ar\/principal\/wp-json\/wp\/v2\/media?parent=109281"}],"wp:term":[{"taxonomy":"category","embeddable":true,"href":"https:\/\/www.hoymercedes.com.ar\/principal\/wp-json\/wp\/v2\/categories?post=109281"},{"taxonomy":"post_tag","embeddable":true,"href":"https:\/\/www.hoymercedes.com.ar\/principal\/wp-json\/wp\/v2\/tags?post=109281"}],"curies":[{"name":"wp","href":"https:\/\/api.w.org\/{rel}","templated":true}]}}