{"id":109312,"date":"2020-04-12T18:39:26","date_gmt":"2020-04-12T21:39:26","guid":{"rendered":"http:\/\/www.hoymercedes.com.ar\/principal\/?p=109312"},"modified":"2020-04-12T19:39:52","modified_gmt":"2020-04-12T22:39:52","slug":"nuevos-horarios-en-el-servicio-de-trenes-mercedes-moreno","status":"publish","type":"post","link":"https:\/\/www.hoymercedes.com.ar\/principal\/2020\/04\/12\/nuevos-horarios-en-el-servicio-de-trenes-mercedes-moreno\/","title":{"rendered":"Nuevos horarios en el servicio  de trenes Mercedes-Moreno"},"content":{"rendered":"\n<p>A partir de  este lunes 13 de abril, hay nuevos horarios en los Trenes Argentinos.  Hasta el domingo 26 de abril los servicios circular\u00e1n con\u00a0cronograma especial. Entre ellos, el ramal que une las estaciones Mercedes-Moreno. El servicio seguir\u00e1 siendo solo para pasajeros exceptuados y con el permiso correspondiente.  Podes ver los horarios haciendo <a href=\"https:\/\/www.argentina.gob.ar\/transporte\/trenes-argentinos\/horarios-tarifas-y-recorridos\/areametropolitana\/lineasarmiento\/moreno-mercedes\" target=\"_blank\" rel=\"noreferrer noopener\" aria-label=\"click aqu\u00ed. (se abre en una nueva pesta\u00f1a)\">click aqu\u00ed.<\/a> <\/p>\n\n\n\n<figure class=\"wp-block-image size-large\"><img loading=\"lazy\" decoding=\"async\" width=\"740\" height=\"1200\" data-attachment-id=\"109313\" data-permalink=\"https:\/\/www.hoymercedes.com.ar\/principal\/2020\/04\/12\/nuevos-horarios-en-el-servicio-de-trenes-mercedes-moreno\/12-horarios-trenes-abril\/#main\" data-orig-file=\"https:\/\/www.hoymercedes.com.ar\/principal\/wp-content\/uploads\/2020\/04\/12-horarios-trenes-abril.jpg\" data-orig-size=\"740,1200\" data-comments-opened=\"0\" data-image-meta=\"{&quot;aperture&quot;:&quot;0&quot;,&quot;credit&quot;:&quot;&quot;,&quot;camera&quot;:&quot;&quot;,&quot;caption&quot;:&quot;&quot;,&quot;created_timestamp&quot;:&quot;0&quot;,&quot;copyright&quot;:&quot;&quot;,&quot;focal_length&quot;:&quot;0&quot;,&quot;iso&quot;:&quot;0&quot;,&quot;shutter_speed&quot;:&quot;0&quot;,&quot;title&quot;:&quot;&quot;,&quot;orientation&quot;:&quot;0&quot;}\" data-image-title=\"12-horarios-trenes-abril\" data-image-description=\"\" data-image-caption=\"\" data-large-file=\"https:\/\/www.hoymercedes.com.ar\/principal\/wp-content\/uploads\/2020\/04\/12-horarios-trenes-abril.jpg\" src=\"https:\/\/www.hoymercedes.com.ar\/principal\/wp-content\/uploads\/2020\/04\/12-horarios-trenes-abril.jpg\" alt=\"\" class=\"wp-image-109313\"\/><\/figure>\n\n\n\n<h5 class=\"wp-block-heading\">Servicios de Larga Distancia y Regionales<\/h5>\n\n\n\n<p>Seg\u00fan lo dispuesto por el Ministerio de Transporte,\u00a0todos los servicios de Larga Distancia y Regionales se encuentran cancelados hasta el 26 de abril inclusive. Si compraste tu pasaje de Larga Distancia por la web, pod\u00e9s devolverlo por el mismo medio. Si lo hiciste por boleter\u00eda, acercate al mismo punto de venta para solicitar la devoluci\u00f3n.<\/p>\n","protected":false},"excerpt":{"rendered":"<p>A partir de este lunes 13 de abril, hay nuevos horarios en los Trenes Argentinos. Hasta el domingo 26 de &#8230; <a title=\"Nuevos horarios en el servicio  de trenes Mercedes-Moreno\" class=\"read-more\" href=\"https:\/\/www.hoymercedes.com.ar\/principal\/2020\/04\/12\/nuevos-horarios-en-el-servicio-de-trenes-mercedes-moreno\/\" aria-label=\"Leer m\u00e1s sobre Nuevos horarios en el servicio  de trenes Mercedes-Moreno\">Leer m\u00e1s<\/a><\/p>\n","protected":false},"author":1,"featured_media":69902,"comment_status":"closed","ping_status":"open","sticky":false,"template":"","format":"standard","meta":{"_monsterinsights_skip_tracking":false,"_monsterinsights_sitenote_active":false,"_monsterinsights_sitenote_note":"","_monsterinsights_sitenote_category":0,"jetpack_post_was_ever_published":false,"_jetpack_newsletter_access":"","_jetpack_dont_email_post_to_subs":false,"_jetpack_newsletter_tier_id":0,"_jetpack_memberships_contains_paywalled_content":false,"_jetpack_memberships_contains_paid_content":false,"footnotes":"","jetpack_publicize_message":"","jetpack_publicize_feature_enabled":true,"jetpack_social_post_already_shared":true,"jetpack_social_options":{"image_generator_settings":{"template":"highway","default_image_id":0,"font":"","enabled":false},"version":2},"_wpas_customize_per_network":false},"categories":[8],"tags":[16175,16475,16476,2547],"class_list":["post-109312","post","type-post","status-publish","format-standard","has-post-thumbnail","hentry","category-sociedad","tag-coronavirus","tag-dovid-19","tag-horarios-del-servicio","tag-trenes","generate-columns","tablet-grid-50","mobile-grid-100","grid-parent","grid-50"],"jetpack_publicize_connections":[],"jetpack_featured_media_url":"https:\/\/www.hoymercedes.com.ar\/principal\/wp-content\/uploads\/2017\/11\/21-tren.jpg","wps_subtitle":"Durante la cuarentena","jetpack_sharing_enabled":true,"_links":{"self":[{"href":"https:\/\/www.hoymercedes.com.ar\/principal\/wp-json\/wp\/v2\/posts\/109312","targetHints":{"allow":["GET"]}}],"collection":[{"href":"https:\/\/www.hoymercedes.com.ar\/principal\/wp-json\/wp\/v2\/posts"}],"about":[{"href":"https:\/\/www.hoymercedes.com.ar\/principal\/wp-json\/wp\/v2\/types\/post"}],"author":[{"embeddable":true,"href":"https:\/\/www.hoymercedes.com.ar\/principal\/wp-json\/wp\/v2\/users\/1"}],"replies":[{"embeddable":true,"href":"https:\/\/www.hoymercedes.com.ar\/principal\/wp-json\/wp\/v2\/comments?post=109312"}],"version-history":[{"count":0,"href":"https:\/\/www.hoymercedes.com.ar\/principal\/wp-json\/wp\/v2\/posts\/109312\/revisions"}],"wp:featuredmedia":[{"embeddable":true,"href":"https:\/\/www.hoymercedes.com.ar\/principal\/wp-json\/wp\/v2\/media\/69902"}],"wp:attachment":[{"href":"https:\/\/www.hoymercedes.com.ar\/principal\/wp-json\/wp\/v2\/media?parent=109312"}],"wp:term":[{"taxonomy":"category","embeddable":true,"href":"https:\/\/www.hoymercedes.com.ar\/principal\/wp-json\/wp\/v2\/categories?post=109312"},{"taxonomy":"post_tag","embeddable":true,"href":"https:\/\/www.hoymercedes.com.ar\/principal\/wp-json\/wp\/v2\/tags?post=109312"}],"curies":[{"name":"wp","href":"https:\/\/api.w.org\/{rel}","templated":true}]}}