{"id":109315,"date":"2020-04-12T07:40:00","date_gmt":"2020-04-12T10:40:00","guid":{"rendered":"http:\/\/www.hoymercedes.com.ar\/principal\/?p=109315"},"modified":"2020-04-12T19:48:34","modified_gmt":"2020-04-12T22:48:34","slug":"esta-preparando-una-nueva-etapa-de-la-historia-en-donde-las-mujeres-tienen-mucho-que-decir","status":"publish","type":"post","link":"https:\/\/www.hoymercedes.com.ar\/principal\/2020\/04\/12\/esta-preparando-una-nueva-etapa-de-la-historia-en-donde-las-mujeres-tienen-mucho-que-decir\/","title":{"rendered":"\u00abEst\u00e1  preparando una nueva etapa de la historia, en donde las mujeres tienen mucho que decir\u00bb"},"content":{"rendered":"\n<p>Compartimos la homil\u00eda del Arzobispo de Mercedes- Luj\u00e1n, + Jorge Eduardo Scheinig, en la Solemne Vigilia Pascual que presidi\u00f3 este s\u00e1bado 11 de abril en la Catedral Metropolitana\u00a0 Bas\u00edlica Nuestra Se\u00f1ora de las Mercedes. En su homil\u00eda, el Arzobispo destac\u00f3 el papel de la mujer en los tiempos modernos. <\/p>\n\n\n\n<div class=\"wp-block-image\"><figure class=\"aligncenter size-large\"><img loading=\"lazy\" decoding=\"async\" width=\"800\" height=\"450\" data-attachment-id=\"109317\" data-permalink=\"https:\/\/www.hoymercedes.com.ar\/principal\/2020\/04\/12\/esta-preparando-una-nueva-etapa-de-la-historia-en-donde-las-mujeres-tienen-mucho-que-decir\/12-homilia-vigilia-2\/#main\" data-orig-file=\"https:\/\/www.hoymercedes.com.ar\/principal\/wp-content\/uploads\/2020\/04\/12-homilia-vigilia-2.jpg\" data-orig-size=\"800,450\" data-comments-opened=\"0\" data-image-meta=\"{&quot;aperture&quot;:&quot;0&quot;,&quot;credit&quot;:&quot;&quot;,&quot;camera&quot;:&quot;&quot;,&quot;caption&quot;:&quot;&quot;,&quot;created_timestamp&quot;:&quot;0&quot;,&quot;copyright&quot;:&quot;&quot;,&quot;focal_length&quot;:&quot;0&quot;,&quot;iso&quot;:&quot;0&quot;,&quot;shutter_speed&quot;:&quot;0&quot;,&quot;title&quot;:&quot;&quot;,&quot;orientation&quot;:&quot;0&quot;}\" data-image-title=\"12 homilia vigilia 2\" data-image-description=\"\" data-image-caption=\"\" data-large-file=\"https:\/\/www.hoymercedes.com.ar\/principal\/wp-content\/uploads\/2020\/04\/12-homilia-vigilia-2.jpg\" src=\"https:\/\/www.hoymercedes.com.ar\/principal\/wp-content\/uploads\/2020\/04\/12-homilia-vigilia-2.jpg\" alt=\"\" class=\"wp-image-109317\"\/><\/figure><\/div>\n\n\n\n<p>\u00abLo primero que hace Jes\u00fas Resucitado es Compartimos la homil\u00eda del Arzobispo de Mercedes- Luj\u00e1n, + Jorge Eduardo Scheinig, en la Solemne Vigilia Pascual que presidi\u00f3 este s\u00e1bado 11 de abril en la Catedral Metropolitana\u00a0 Bas\u00edlica Nuestra Se\u00f1ora de las Mercedes. <\/p>\n\n\n\n<p>\u00abDurante la cuaresma,\u00a0 que en esta ocasi\u00f3n adem\u00e1s se transform\u00f3 en cuarentena, en esta situaci\u00f3n tan compleja, tan dif\u00edcil del mundo, nos ven\u00edamos preparando para celebrar la Resurrecci\u00f3n, porque eso nos da esperanza.<\/p>\n\n\n\n<p>&nbsp;Esta noche, esta vigilia, es una celebraci\u00f3n muy antigua de la Iglesia, porque los cristianos esperaban el domingo, el domingo pascual, pero entonces no era solo el domingo, era &nbsp;la v\u00edspera del domingo, amanezcamos celebrando su resurrecci\u00f3n.<\/p>\n\n\n\n<p>La vida moderna nos hace adelantarla, pero es una liturgia para entrar en el domingo, rezando, esperando el domingo sin ocaso, una liturgia que tiene cuatro momentos muy llenos de signos: el que vivimos de entrada, la luz, el fuego, Cristo vence la oscuridad, la oscuridad de la muerte, la oscuridad&nbsp; del pecado, la oscuridad del mal. Cristo es luz. Ese hermoso cirio que tenemos ah\u00ed es significativo del Cristo luminoso, que lucha contra las fuerzas oscuras y le gana. Cristo es luz, est\u00e1 vivo.<\/p>\n\n\n\n<p>La liturgia de la Palabra que nos ha llevado a recorrer desde el g\u00e9nesis, esta primera alianza que Dios hace con la vida, con nosotros. Dios es el Creador, el que nos regala la vida, dan ganas de aplaudir a este artista que hizo un mundo tan bello, tan lindo. Y el pueblo de Dios, el pueblo elegido, a quien \u00e9l iba a ir revel\u00e1ndose, le iba a ir mostrando quien&nbsp; es \u00e9l, y ese pueblo fiel e infiel, amigo de Dios y pecador, la historia de un pueblo que tambi\u00e9n nos va hablando de la vida. Nosotros le\u00edmos el Antiguo Testamento a oscuras, despu\u00e9s la ep\u00edstola de Pablo, cantamos el Gloria&nbsp; y el Evangelio, e hicimos significar&nbsp; esta Luz que es Jesucristo en medio de su pueblo y en la historia de la salvaci\u00f3n.<\/p>\n\n\n\n<p>Ahora vamos a bendecir el agua porque somos hijos del bautismo&nbsp; como nos dec\u00eda Pablo, \u201chemos sido sumergidos con Cristo en el bautismo\u201d, nos sumergimos y emergemos, morimos y resucitamos con \u00e9l. Somos personas que hicimos el camino Pascual ya en los inicios de nuestra vida cristiana en el bautismo.<\/p>\n\n\n\n<p>Despu\u00e9s compartiremos el pan y el vino, lo que nos ense\u00f1\u00f3 a hacer Jes\u00fas, la comida donde \u00e9l est\u00e1. Eso no es pan, eso no es vino, \u00a0<strong>es el cuerpo y la\u00a0 sangre del Se\u00f1or<\/strong>. \u00a0Toda una liturgia que nos habla de que Cristo est\u00e1 vivo, Cristo es el viviente y nos da vida. Cristo venci\u00f3 la muerte y todas las consecuencias de la muerte y nos da vida, no despu\u00e9s, ahora.<\/p>\n\n\n\n<div class=\"wp-block-image\"><figure class=\"aligncenter size-large\"><img loading=\"lazy\" decoding=\"async\" width=\"800\" height=\"450\" data-attachment-id=\"109316\" data-permalink=\"https:\/\/www.hoymercedes.com.ar\/principal\/2020\/04\/12\/esta-preparando-una-nueva-etapa-de-la-historia-en-donde-las-mujeres-tienen-mucho-que-decir\/12-homilia-vigilia-1\/#main\" data-orig-file=\"https:\/\/www.hoymercedes.com.ar\/principal\/wp-content\/uploads\/2020\/04\/12-homilia-vigilia-1.jpg\" data-orig-size=\"800,450\" data-comments-opened=\"0\" data-image-meta=\"{&quot;aperture&quot;:&quot;0&quot;,&quot;credit&quot;:&quot;&quot;,&quot;camera&quot;:&quot;&quot;,&quot;caption&quot;:&quot;&quot;,&quot;created_timestamp&quot;:&quot;0&quot;,&quot;copyright&quot;:&quot;&quot;,&quot;focal_length&quot;:&quot;0&quot;,&quot;iso&quot;:&quot;0&quot;,&quot;shutter_speed&quot;:&quot;0&quot;,&quot;title&quot;:&quot;&quot;,&quot;orientation&quot;:&quot;0&quot;}\" data-image-title=\"12 homilia vigilia 1\" data-image-description=\"\" data-image-caption=\"\" data-large-file=\"https:\/\/www.hoymercedes.com.ar\/principal\/wp-content\/uploads\/2020\/04\/12-homilia-vigilia-1.jpg\" src=\"https:\/\/www.hoymercedes.com.ar\/principal\/wp-content\/uploads\/2020\/04\/12-homilia-vigilia-1.jpg\" alt=\"\" class=\"wp-image-109316\"\/><\/figure><\/div>\n\n\n\n<p>Es verdad que la muerte es como un pared\u00f3n enorme que ten\u00eda la humanidad &nbsp;&nbsp;y la Pascua de Cristo abri\u00f3 una puerta en ese pared\u00f3n. Pas\u00f3 \u00e9l y tenemos la esperanza de pasar todos, pero su vida es tan fuerte que ahora es vida, no despu\u00e9s de la muerte.<\/p>\n\n\n\n<p>Pensaba qu\u00e9 significa vivir aqu\u00ed y ahora en este tiempo, en este momento de la historia.<\/p>\n\n\n\n<p>Celebrar la Resurrecci\u00f3n del Se\u00f1or. \u00bfQu\u00e9 es celebrar que \u00c9l est\u00e1&nbsp; vivo y que nosotros estamos vivos? \u00bfqu\u00e9 significa vivir hoy con esta Catedral que tiene que celebrar as\u00ed por la situaci\u00f3n que estamos viviendo de pandemia?, \u00bfqu\u00e9 significa hoy decir Cristo est\u00e1 vivo&nbsp; y nosotros estamos vivos con \u00e9l?<\/p>\n\n\n\n<p>El evangelio que le\u00edmos de Mateo nos dice que las mujeres piadosas van al cementerio a la tumba de Jes\u00fas y se&nbsp; encuentran ah\u00ed con un personaje brillante que les dice: \u201c\u00bfPor qu\u00e9 buscan entre los muertos al que est\u00e1 vivo? La tumba est\u00e1 vac\u00eda. Ha resucitado como lo dijo\u201d. \u00bfQu\u00e9 significa hoy estar vivos? Dejar que Jes\u00fas nos levante, significa que cambie nuestra manera de pensar, nuestra manera de ver la vida. Lo primero que hace la Resurrecci\u00f3n es que el Se\u00f1or cambie nuestra manera de entender lo que somos, la vida misma.<\/p>\n\n\n\n<p>A veces nos enredamos con la muerte, ciertamente que la vida es densa, dif\u00edcil y hay acontecimientos que nos hunden y podemos decir este \u00faltimo que es el que&nbsp; m\u00e1s nos toca. Pero hay tantos acontecimientos de muerte, pero a veces nosotros nos enganchamos con la muerte y con lo morboso de la muerte, con lo dram\u00e1tico de la muerte y no somos capaces de generar vida, cambiar nuestra manera de vivir las cosas,&nbsp; el mundo.<\/p>\n\n\n\n<p>&nbsp;Lo primero que hace Jes\u00fas resucitado es levantarnos, no busca en muerte, busca en vida, est\u00e1 Vivo.<\/p>\n\n\n\n<p>En todos los textos evang\u00e9licos de la Resurrecci\u00f3n las primeras testigos del Cristo Resucitado son mujeres, no son varones. Es m\u00e1s, son ellas las que anuncian a los ap\u00f3stoles el primer encuentro: el protagonismo de la mujer. Tal vez, la resurrecci\u00f3n es un nuevo parto que Dios est\u00e1 d\u00e1ndole a la humanidad. La resurrecci\u00f3n de Jesucristo, y tal vez este momento&nbsp; de la historia tiene algo de parto, y est\u00e1 bien que las mujeres sean protagonistas de este tiempo, conocen lo que es parir, lo que es la vida, lo que es la novedad y la fuerza de la vida.<\/p>\n\n\n\n<p>Y nosotros tenemos en muestra historia mujeres que han estado al lado de la vida, la han peleado, la luchan, mujeres que acompa\u00f1an a sus hijos en situaciones dram\u00e1ticas de droga y est\u00e1n al pie del ca\u00f1\u00f3n junto a sus hijos pariendo vida nueva, mujeres que acompa\u00f1an a sus hijos que caen presos y los sostienen con una perseverancia que los varones no tenemos, mujeres que son capaces de luchas frente a las injusticias, hijos torturados, muertos, desaparecidos, mujeres que est\u00e1n al lado de la vida y son capaces de generar vida.<\/p>\n\n\n\n<p>\u00bfQu\u00e9 es lo que nos regala el viviente? Una manera de vivir. Tal vez,&nbsp; todo este tiempo del protagonismo de la mujer, con sus m\u00e1s, sus menos,- seg\u00fan mi manera de pensar-, todo esto que ven\u00edamos viviendo est\u00e1&nbsp; preparando una nueva etapa de la historia, en donde las mujeres tienen mucho que decir, mucho que aportar, mucho que hacer como las mujeres del evangelio.<\/p>\n\n\n\n<p>Estar vivos siguiendo al Viviente es estar viviendo junto a \u00e9l. &nbsp;Ellas salen porque ese personaje les dice \u201cVayan\u201d y ellas salen, y ah\u00ed aparece Jesucristo al encuentro de ellas y&nbsp; les dice: \u201cAl\u00e9grense, no tengan miedo\u201d. Y lo primero que &nbsp;hacen las mujeres, se tiran a los pies de Jes\u00fas, lo abrazan y lo adoran.&nbsp; Vivir hoy como resucitados siguiendo al Viviente es estar unidos a \u00c9l, vitalmente unidos a \u00c9l, agarrados de sus pies, abraz\u00e1ndolo.<\/p>\n\n\n\n<p>Y esto es m\u00e1s que los ritos que celebramos de comuni\u00f3n con Jes\u00fas. Hoy se nos pide que la uni\u00f3n con Jesucristo no sea s\u00f3lo en la liturgia de la vida, sino que la uni\u00f3n con Jesucristo sea en lo cotidiano de la vida, no es uni\u00f3n solo a base de ritos; es uni\u00f3n a base de corazones que se unen al Viviente, al Resucitado que sale al encuentro en lo cotidiano de la vida.<\/p>\n\n\n\n<p>&nbsp;Vivir como resucitados en este tiempo es&nbsp; el desaf\u00edo de ir a Galilea. Jes\u00fas le dice a las mujeres \u201cVayan, d\u00edganle a mis hermanos, a mis amigos, a los ap\u00f3stoles, que yo me quiero juntar con ellos en galilea\u201d. No les dice Jerusal\u00e9n que era el centro religioso. Les dice en Galilea, a donde los fue conociendo, donde los fue llamando, en el lugar donde trabajaban. La&nbsp; Galilea de la vida.&nbsp; Vivir con \u00c9l es ser capaces de que la vida cotidiana, la nuestra, la del vecindario, la del barrio, la del mundo se llene de esta luz nueva que es Jesucristo y su Evangelio.<\/p>\n\n\n\n<p>Hoy &nbsp;estamos celebrando que el Se\u00f1or est\u00e1 vivo en medio de situaciones complejas de muerte, de enfermedad, de hambre, de no trabajo. Pero estamos diciendo que hay alguien que levanta la vida, alguien que pas\u00f3 por la muerte, que est\u00e1 vivo y levanta la vida.<\/p>\n\n\n\n<p>Queridas hermanas, queridos hermanos: estamos celebrando la Pascua y la celebraci\u00f3n de la Pascua nos regala toda la intensidad de la vida de Dios, toda la fuerza de la vida de Dios.<\/p>\n\n\n\n<p>Lo que estamos haciendo es\u00a0 la experiencia de un Cristo que sale a nuestro encuentro para cambiar la vida. Los invito entonces a que ustedes en casa, nosotros ac\u00e1 en el templo, de verdad\u00a0 podamos experimentar que son felices pascuas. Y que esta Pascua tambi\u00e9n nos llena de la felicidad y de la alegr\u00eda que viene de Dios. \u00a0\u00a0<\/p>\n\n\n\n<figure class=\"wp-block-embed-youtube wp-block-embed is-type-video is-provider-youtube wp-embed-aspect-16-9 wp-has-aspect-ratio\"><div class=\"wp-block-embed__wrapper\">\n<span class=\"embed-youtube\" style=\"text-align:center; display: block;\"><iframe loading=\"lazy\" class=\"youtube-player\" width=\"1200\" height=\"675\" src=\"https:\/\/www.youtube.com\/embed\/bzuOiPcbofo?version=3&#038;rel=1&#038;showsearch=0&#038;showinfo=1&#038;iv_load_policy=1&#038;fs=1&#038;hl=es-ES&#038;autohide=2&#038;wmode=transparent\" allowfullscreen=\"true\" style=\"border:0;\" sandbox=\"allow-scripts allow-same-origin allow-popups allow-presentation allow-popups-to-escape-sandbox\"><\/iframe><\/span>\n<\/div><\/figure>\n","protected":false},"excerpt":{"rendered":"<p>Compartimos la homil\u00eda del Arzobispo de Mercedes- Luj\u00e1n, + Jorge Eduardo Scheinig, en la Solemne Vigilia Pascual que presidi\u00f3 este &#8230; <a title=\"\u00abEst\u00e1  preparando una nueva etapa de la historia, en donde las mujeres tienen mucho que decir\u00bb\" class=\"read-more\" href=\"https:\/\/www.hoymercedes.com.ar\/principal\/2020\/04\/12\/esta-preparando-una-nueva-etapa-de-la-historia-en-donde-las-mujeres-tienen-mucho-que-decir\/\" aria-label=\"Leer m\u00e1s sobre \u00abEst\u00e1  preparando una nueva etapa de la historia, en donde las mujeres tienen mucho que decir\u00bb\">Leer m\u00e1s<\/a><\/p>\n","protected":false},"author":1,"featured_media":109316,"comment_status":"closed","ping_status":"open","sticky":false,"template":"","format":"standard","meta":{"_monsterinsights_skip_tracking":false,"_monsterinsights_sitenote_active":false,"_monsterinsights_sitenote_note":"","_monsterinsights_sitenote_category":0,"jetpack_post_was_ever_published":false,"_jetpack_newsletter_access":"","_jetpack_dont_email_post_to_subs":false,"_jetpack_newsletter_tier_id":0,"_jetpack_memberships_contains_paywalled_content":false,"_jetpack_memberships_contains_paid_content":false,"footnotes":"","jetpack_publicize_message":"","jetpack_publicize_feature_enabled":true,"jetpack_social_post_already_shared":true,"jetpack_social_options":{"image_generator_settings":{"template":"highway","default_image_id":0,"font":"","enabled":false},"version":2},"_wpas_customize_per_network":false},"categories":[8],"tags":[16026,14808,16478],"class_list":["post-109315","post","type-post","status-publish","format-standard","has-post-thumbnail","hentry","category-sociedad","tag-arzobispo-mercedes-lujan","tag-iglesia-catolica","tag-vigilia-pascual","generate-columns","tablet-grid-50","mobile-grid-100","grid-parent","grid-50"],"jetpack_publicize_connections":[],"jetpack_featured_media_url":"https:\/\/www.hoymercedes.com.ar\/principal\/wp-content\/uploads\/2020\/04\/12-homilia-vigilia-1.jpg","wps_subtitle":"","jetpack_sharing_enabled":true,"_links":{"self":[{"href":"https:\/\/www.hoymercedes.com.ar\/principal\/wp-json\/wp\/v2\/posts\/109315","targetHints":{"allow":["GET"]}}],"collection":[{"href":"https:\/\/www.hoymercedes.com.ar\/principal\/wp-json\/wp\/v2\/posts"}],"about":[{"href":"https:\/\/www.hoymercedes.com.ar\/principal\/wp-json\/wp\/v2\/types\/post"}],"author":[{"embeddable":true,"href":"https:\/\/www.hoymercedes.com.ar\/principal\/wp-json\/wp\/v2\/users\/1"}],"replies":[{"embeddable":true,"href":"https:\/\/www.hoymercedes.com.ar\/principal\/wp-json\/wp\/v2\/comments?post=109315"}],"version-history":[{"count":0,"href":"https:\/\/www.hoymercedes.com.ar\/principal\/wp-json\/wp\/v2\/posts\/109315\/revisions"}],"wp:featuredmedia":[{"embeddable":true,"href":"https:\/\/www.hoymercedes.com.ar\/principal\/wp-json\/wp\/v2\/media\/109316"}],"wp:attachment":[{"href":"https:\/\/www.hoymercedes.com.ar\/principal\/wp-json\/wp\/v2\/media?parent=109315"}],"wp:term":[{"taxonomy":"category","embeddable":true,"href":"https:\/\/www.hoymercedes.com.ar\/principal\/wp-json\/wp\/v2\/categories?post=109315"},{"taxonomy":"post_tag","embeddable":true,"href":"https:\/\/www.hoymercedes.com.ar\/principal\/wp-json\/wp\/v2\/tags?post=109315"}],"curies":[{"name":"wp","href":"https:\/\/api.w.org\/{rel}","templated":true}]}}