{"id":109320,"date":"2020-04-12T18:01:00","date_gmt":"2020-04-12T21:01:00","guid":{"rendered":"http:\/\/www.hoymercedes.com.ar\/principal\/?p=109320"},"modified":"2020-04-12T19:40:19","modified_gmt":"2020-04-12T22:40:19","slug":"pascuas-en-silencio","status":"publish","type":"post","link":"https:\/\/www.hoymercedes.com.ar\/principal\/2020\/04\/12\/pascuas-en-silencio\/","title":{"rendered":"Pascuas en Silencio"},"content":{"rendered":"\n<p>Por Oscar Dinova &#8211; \u201cSi dices la palabra m\u00e1gica, podr\u00eda quedarme contigo\u201d (P. Mc Cartney) <\/p>\n\n\n\n<figure class=\"wp-block-image size-large\"><img loading=\"lazy\" decoding=\"async\" width=\"766\" height=\"513\" data-attachment-id=\"109321\" data-permalink=\"https:\/\/www.hoymercedes.com.ar\/principal\/2020\/04\/12\/pascuas-en-silencio\/12-pascuas-dinova\/#main\" data-orig-file=\"https:\/\/www.hoymercedes.com.ar\/principal\/wp-content\/uploads\/2020\/04\/12-pascuas-dinova.jpg\" data-orig-size=\"766,513\" data-comments-opened=\"0\" data-image-meta=\"{&quot;aperture&quot;:&quot;0&quot;,&quot;credit&quot;:&quot;Picasa&quot;,&quot;camera&quot;:&quot;&quot;,&quot;caption&quot;:&quot;&quot;,&quot;created_timestamp&quot;:&quot;0&quot;,&quot;copyright&quot;:&quot;&quot;,&quot;focal_length&quot;:&quot;0&quot;,&quot;iso&quot;:&quot;0&quot;,&quot;shutter_speed&quot;:&quot;0&quot;,&quot;title&quot;:&quot;&quot;,&quot;orientation&quot;:&quot;0&quot;}\" data-image-title=\"12 pascuas dinova\" data-image-description=\"\" data-image-caption=\"\" data-large-file=\"https:\/\/www.hoymercedes.com.ar\/principal\/wp-content\/uploads\/2020\/04\/12-pascuas-dinova.jpg\" src=\"https:\/\/www.hoymercedes.com.ar\/principal\/wp-content\/uploads\/2020\/04\/12-pascuas-dinova.jpg\" alt=\"\" class=\"wp-image-109321\"\/><\/figure>\n\n\n\n<p>El avi\u00f3n carrete\u00f3 suavemente por la anodina pista de Ezeiza. Dentro, una peque\u00f1a familia regresaba de a\u00f1os de exilio. El azar, con sus designios misteriosos e insondables los hab\u00eda reunido en un subte de Par\u00eds, al abrigo del peligro, cobijado por manos amigas y un sinf\u00edn de proyectos por venir. Era 1985 y todo parec\u00eda posible. <\/p>\n\n\n\n<p>La larga noche hab\u00eda quedado atr\u00e1s y todo estaba por construirse. En el mientras tanto, nuestros padres podr\u00edan ser abuelos reales y no de cartas solamente y nosotros reconstruir nuestros lazos, profundizando miradas y reflexiones. Disfrutando una simple mesa familiar. <\/p>\n\n\n\n<p>Dos a\u00f1os despu\u00e9s todo parec\u00eda derrumbarse, la revuelta carapintada se nos asemejaba a un retroceso impensado, insoportable. Para las Pascuas, precisamente. Las valijas pod\u00edan armarse nuevamente. Pero no, la verdadera revuelta fue del pueblo argentino. Cientos de miles de compatriotas salieron a las calles para decir que la democracia estaba para quedarse. Nada de hero\u00edsmos ni violencia in\u00fatiles. S\u00f3lo voluntad popular genuina, c\u00e1nticos, colores y an\u00e9cdotas por doquier. <\/p>\n\n\n\n<p>Ac\u00e1 mismo, en nuestra ciudad, el inefable Lorusso relataba, con su meg\u00e1fono y su bicicleta el cl\u00e1sico partido frente a las puertas del cuartel. S\u00f3lo que en vez de del Loco Palermo y la Loba Bomaggio los jugadores eran Alfons\u00edn y los pol\u00edticos de turno que, -sin distinci\u00f3n de bander\u00edas- se abroquelaron en torno al Presidente. Una fiesta de la soberan\u00eda popular hastiada de los mandamases, de las armas apuntadas contra su propia gente. Del autoritarismo en suma. <\/p>\n\n\n\n<p>Mis padres nos esperaban en casa. Comimos aquellos ravioles al regreso de Plaza de Mayo, fuimos con nuestros hijos a celebrar el triunfo de la cordura y el no derramamiento de sangre. Ese d\u00eda, el almuerzo fue de noche y yo me reencontr\u00e9 con mi padre, definitivamente. <\/p>\n\n\n\n<p>Han pasado los a\u00f1os. La democracia est\u00e1 definitivamente instalada aunque a\u00fan tengamos que rendir muchas materias. Nuestro destino nos pertenece pero el camino ha estado salpicado de errores, inconductas y manipulaciones. Muchos de nuestros dirigentes se parecieron a monarcas que olvidaron de donde vinimos y todo lo que sufrimos para llegar hasta ac\u00e1. <\/p>\n\n\n\n<p>Llegaron otras Pascuas excepcionales. Un escenario surrealista sobrevuela nuestro pa\u00eds y el mundo. Los abrazos est\u00e1n prohibidos, el mejor gesto es no estar con los otros y hasta Jes\u00fas est\u00e1 s\u00f3lo sobre la cruz, como alguna vez estuvo en una gruta esperando volver a la vida. Los aviones no carretean ni traen familias con sue\u00f1os por realizar. Todo est\u00e1 mudo, como buscando respuestas. <\/p>\n\n\n\n<p>Tambi\u00e9n es mi cumplea\u00f1os. Llego a los 64, como hab\u00eda imaginado Paul con tanta dulzura. Travesura de los caprichosos hados. Es bizarro, casi imposible de poner en palabras, este silencio que se abate sobre el mundo. Nuestras almas se enlazan con amigos lejanos, con familiares cercanos, con conocidos y con an\u00f3nimos. Nos cuidamos, nos protegemos, nos extra\u00f1amos. No suenan los llantos de un nieto o las caricias de una novia, los arrumacos de una abuela o las bromas insoportables de un amigo inseparable (pero separado). <\/p>\n\n\n\n<p>Mucho menos el coro improvisado de un Feliz Cumplea\u00f1os. <\/p>\n\n\n\n<p>Pertenecemos m\u00e1s que nunca a la gran familia humana. Nos duelen las v\u00edctimas propias y las ajenas. Todas nos incumben. Los h\u00e9roes y los pusil\u00e1nimes han quedado, transparentemente, a la vista. El pecado m\u00e1s capital es la indiferencia y por primera vez en nuestras vidas ansiamos que un Dios, un cient\u00edfico o un golpe de suerte env\u00eden una salvaci\u00f3n sobre esta humanidad martirizada e incr\u00e9dula donde hemos aprendido a reconocernos como hermanos, donde quiera que estemos. <\/p>\n\n\n\n<p>Cuando llegue ese momento habremos nacido de nuevo y festejaremos nuevamente los aniversarios. <\/p>\n\n\n\n<p>Ya no habr\u00e1 silencios y ser\u00e1 el cumplea\u00f1os del mundo entero. De todos y en el mismo d\u00eda. <\/p>\n\n\n\n<p>Oscar Dinova, escritor (12\/4\/1956)<br><\/p>\n","protected":false},"excerpt":{"rendered":"<p>Por Oscar Dinova &#8211; \u201cSi dices la palabra m\u00e1gica, podr\u00eda quedarme contigo\u201d (P. Mc Cartney) El avi\u00f3n carrete\u00f3 suavemente por &#8230; <a title=\"Pascuas en Silencio\" class=\"read-more\" href=\"https:\/\/www.hoymercedes.com.ar\/principal\/2020\/04\/12\/pascuas-en-silencio\/\" aria-label=\"Leer m\u00e1s sobre Pascuas en Silencio\">Leer m\u00e1s<\/a><\/p>\n","protected":false},"author":1,"featured_media":109321,"comment_status":"closed","ping_status":"open","sticky":false,"template":"","format":"standard","meta":{"_monsterinsights_skip_tracking":false,"_monsterinsights_sitenote_active":false,"_monsterinsights_sitenote_note":"","_monsterinsights_sitenote_category":0,"jetpack_post_was_ever_published":false,"_jetpack_newsletter_access":"","_jetpack_dont_email_post_to_subs":false,"_jetpack_newsletter_tier_id":0,"_jetpack_memberships_contains_paywalled_content":false,"_jetpack_memberships_contains_paid_content":false,"footnotes":"","jetpack_publicize_message":"","jetpack_publicize_feature_enabled":true,"jetpack_social_post_already_shared":true,"jetpack_social_options":{"image_generator_settings":{"template":"highway","default_image_id":0,"font":"","enabled":false},"version":2},"_wpas_customize_per_network":false},"categories":[1],"tags":[8748,1288,14869],"class_list":["post-109320","post","type-post","status-publish","format-standard","has-post-thumbnail","hentry","category-opinion","tag-opinion","tag-oscar-dinova","tag-pascuas","generate-columns","tablet-grid-50","mobile-grid-100","grid-parent","grid-50"],"jetpack_publicize_connections":[],"jetpack_featured_media_url":"https:\/\/www.hoymercedes.com.ar\/principal\/wp-content\/uploads\/2020\/04\/12-pascuas-dinova.jpg","wps_subtitle":"Texto de O. Dinova","jetpack_sharing_enabled":true,"_links":{"self":[{"href":"https:\/\/www.hoymercedes.com.ar\/principal\/wp-json\/wp\/v2\/posts\/109320","targetHints":{"allow":["GET"]}}],"collection":[{"href":"https:\/\/www.hoymercedes.com.ar\/principal\/wp-json\/wp\/v2\/posts"}],"about":[{"href":"https:\/\/www.hoymercedes.com.ar\/principal\/wp-json\/wp\/v2\/types\/post"}],"author":[{"embeddable":true,"href":"https:\/\/www.hoymercedes.com.ar\/principal\/wp-json\/wp\/v2\/users\/1"}],"replies":[{"embeddable":true,"href":"https:\/\/www.hoymercedes.com.ar\/principal\/wp-json\/wp\/v2\/comments?post=109320"}],"version-history":[{"count":0,"href":"https:\/\/www.hoymercedes.com.ar\/principal\/wp-json\/wp\/v2\/posts\/109320\/revisions"}],"wp:featuredmedia":[{"embeddable":true,"href":"https:\/\/www.hoymercedes.com.ar\/principal\/wp-json\/wp\/v2\/media\/109321"}],"wp:attachment":[{"href":"https:\/\/www.hoymercedes.com.ar\/principal\/wp-json\/wp\/v2\/media?parent=109320"}],"wp:term":[{"taxonomy":"category","embeddable":true,"href":"https:\/\/www.hoymercedes.com.ar\/principal\/wp-json\/wp\/v2\/categories?post=109320"},{"taxonomy":"post_tag","embeddable":true,"href":"https:\/\/www.hoymercedes.com.ar\/principal\/wp-json\/wp\/v2\/tags?post=109320"}],"curies":[{"name":"wp","href":"https:\/\/api.w.org\/{rel}","templated":true}]}}