{"id":109355,"date":"2020-04-13T14:34:25","date_gmt":"2020-04-13T17:34:25","guid":{"rendered":"http:\/\/www.hoymercedes.com.ar\/principal\/?p=109355"},"modified":"2020-04-13T14:35:59","modified_gmt":"2020-04-13T17:35:59","slug":"coronavirus-la-clinica-informo-dos-nuevos-casos-sospechosos","status":"publish","type":"post","link":"https:\/\/www.hoymercedes.com.ar\/principal\/2020\/04\/13\/coronavirus-la-clinica-informo-dos-nuevos-casos-sospechosos\/","title":{"rendered":"Coronavirus: La Cl\u00ednica inform\u00f3 dos nuevos casos sospechosos"},"content":{"rendered":"\n<p>En horas del mediod\u00eda de este lunes 13 de abril, la Cl\u00ednica Nueva Cruz Azul comunic\u00f3 que ingresaron dos nuevos pacientes con s\u00edntomas compatibles al COVID-19. Se trata de dos hombres, uno de 30 a\u00f1os y otro de 67 a\u00f1os que fue diagnosticado con neumon\u00eda, aunque se le hizo el hisopado para PCR  para COVID-19. A la espera est\u00e1n de los resultados de los cuatro casos sospechosos que se mantienen aislados en la instituci\u00f3n sanitaria privada. <\/p>\n\n\n\n<p>El reporte oficial de la Cl\u00ednica Nueva Cruz Azul de Mercedes de los pacientes sospechosos y\/o confirmados supervisados por los comit\u00e9s de  Infectolog\u00eda y de Crisis dan cuenta de dos nuevos casos sospechosos ingresados este 13 de abril que se agregan a los dos primeros.  <\/p>\n\n\n\n<p>El \u00abcaso 3\u00bb es un hombre de 67 a\u00f1os. El paciente ingres\u00f3 este lunes 13 \u00absin antecedes personales pero sin controles m\u00e9dicos rutinarios\u00bb. \u00abMedicado con fenitoina por un antecedente de trauma cr\u00e1neo encef\u00e1lico, ingresa en la madrugada con un cuadro febril m\u00e1s dolor de garganta. Se realiza Rx de t\u00f3rax + Tac de t\u00f3rax. Se diagnostica neumon\u00eda. Ingresa a zona de aislamiento cumpliendo con las normas establecidas por el Ministerio de Salud, para la seguridad del paciente y del personal a cargo. Se encuentra a la fecha con requerimiento de oxigeno a baja concentraci\u00f3n. Se solicita hisopado para PCR para COVID-19. Se env\u00eda muestra el d\u00eda 13\/04\/2020 al Hospital Rossi\u00bb.<\/p>\n\n\n\n<p>En cuanto al \u00abcaso 4\u00bb es otro hombre de 30 a\u00f1os que tambi\u00e9n ingres\u00f3 este lunes. \u00abEl paciente ingresa a Cl\u00ednica Nueva Cruz Azul con s\u00edntomas de tos, dolor de pecho, anosmia y febril. Se realiza Tac de t\u00f3rax. Al momento del ingreso se encuentra hemodinamicamente estable, sin requerimiento de oxigeno, por su sintomatolog\u00eda se decide internaci\u00f3n a la zona de aislamiento cumpliendo con las normas establecidas por el Ministerio de Salud, para la seguridad del paciente y del personal a cargo. Se solicita hisopado para PCR para COVID-19. Se env\u00eda muestra el d\u00eda 13\/04\/2020\u00bb, comunican desde la Cl\u00ednica de Mercedes.<\/p>\n\n\n\n<p>Asimismo, la Cl\u00ednica aclara que los dos pacientes que se encuentran aislados y atendidos por el equipo asignados para tal fin desde hace una semana, a\u00fan esperan los resultados de sus estudios. \u00abEl  resultado de la muestra del hisopado realizado para el &#8216;caso 1&#8217; a\u00fan se haya pendiente debido a que en su momento debi\u00f3&nbsp; ser enviado por v\u00eda privada al Hospital Malbran. Por la gran demora en el mismo Instituto y la saturaci\u00f3n en el n\u00famero de muestras, nos informan ante los varios reclamos, que los mismos estar\u00edan en las pr\u00f3ximas 48 horas. Por dichos acontecimientos que demoran la agilizaci\u00f3n del proceso se comenzar\u00e1 a enviar las muestras de hisopados para PCR a otro Instituto para procesamiento, lo mismo puede ser realizado a trav\u00e9s del Hospital Local, HECHO QUE PREVIAMENTE NO ESTABAN AUTORIZADAS A REALIZAR LAS INSTITUCIONES PRIVADAS\u00bb, resaltan desde la instituci\u00f3n sanitaria de la Avenida 29 y 16.<\/p>\n\n\n\n<p><\/p>\n","protected":false},"excerpt":{"rendered":"<p>En horas del mediod\u00eda de este lunes 13 de abril, la Cl\u00ednica Nueva Cruz Azul comunic\u00f3 que ingresaron dos nuevos &#8230; <a title=\"Coronavirus: La Cl\u00ednica inform\u00f3 dos nuevos casos sospechosos\" class=\"read-more\" href=\"https:\/\/www.hoymercedes.com.ar\/principal\/2020\/04\/13\/coronavirus-la-clinica-informo-dos-nuevos-casos-sospechosos\/\" aria-label=\"Leer m\u00e1s sobre Coronavirus: La Cl\u00ednica inform\u00f3 dos nuevos casos sospechosos\">Leer m\u00e1s<\/a><\/p>\n","protected":false},"author":1,"featured_media":108997,"comment_status":"closed","ping_status":"open","sticky":false,"template":"","format":"standard","meta":{"_monsterinsights_skip_tracking":false,"_monsterinsights_sitenote_active":false,"_monsterinsights_sitenote_note":"","_monsterinsights_sitenote_category":0,"jetpack_post_was_ever_published":false,"_jetpack_newsletter_access":"","_jetpack_dont_email_post_to_subs":false,"_jetpack_newsletter_tier_id":0,"_jetpack_memberships_contains_paywalled_content":false,"_jetpack_memberships_contains_paid_content":false,"footnotes":"","jetpack_publicize_message":"","jetpack_publicize_feature_enabled":true,"jetpack_social_post_already_shared":true,"jetpack_social_options":{"image_generator_settings":{"template":"highway","default_image_id":0,"font":"","enabled":false},"version":2},"_wpas_customize_per_network":false},"categories":[9791],"tags":[16420,16448,16175,16313,16482],"class_list":["post-109355","post","type-post","status-publish","format-standard","has-post-thumbnail","hentry","category-salud","tag-casos-sospechosos","tag-clinica-nueva-cruz-azul","tag-coronavirus","tag-covid-19","tag-informe-oficial","generate-columns","tablet-grid-50","mobile-grid-100","grid-parent","grid-50"],"jetpack_publicize_connections":[],"jetpack_featured_media_url":"https:\/\/www.hoymercedes.com.ar\/principal\/wp-content\/uploads\/2020\/04\/IMG-20200404-WA0069_copy_800x558.jpg","wps_subtitle":"Informaci\u00f3n oficial","jetpack_sharing_enabled":true,"_links":{"self":[{"href":"https:\/\/www.hoymercedes.com.ar\/principal\/wp-json\/wp\/v2\/posts\/109355","targetHints":{"allow":["GET"]}}],"collection":[{"href":"https:\/\/www.hoymercedes.com.ar\/principal\/wp-json\/wp\/v2\/posts"}],"about":[{"href":"https:\/\/www.hoymercedes.com.ar\/principal\/wp-json\/wp\/v2\/types\/post"}],"author":[{"embeddable":true,"href":"https:\/\/www.hoymercedes.com.ar\/principal\/wp-json\/wp\/v2\/users\/1"}],"replies":[{"embeddable":true,"href":"https:\/\/www.hoymercedes.com.ar\/principal\/wp-json\/wp\/v2\/comments?post=109355"}],"version-history":[{"count":0,"href":"https:\/\/www.hoymercedes.com.ar\/principal\/wp-json\/wp\/v2\/posts\/109355\/revisions"}],"wp:featuredmedia":[{"embeddable":true,"href":"https:\/\/www.hoymercedes.com.ar\/principal\/wp-json\/wp\/v2\/media\/108997"}],"wp:attachment":[{"href":"https:\/\/www.hoymercedes.com.ar\/principal\/wp-json\/wp\/v2\/media?parent=109355"}],"wp:term":[{"taxonomy":"category","embeddable":true,"href":"https:\/\/www.hoymercedes.com.ar\/principal\/wp-json\/wp\/v2\/categories?post=109355"},{"taxonomy":"post_tag","embeddable":true,"href":"https:\/\/www.hoymercedes.com.ar\/principal\/wp-json\/wp\/v2\/tags?post=109355"}],"curies":[{"name":"wp","href":"https:\/\/api.w.org\/{rel}","templated":true}]}}