{"id":109362,"date":"2020-04-13T17:07:00","date_gmt":"2020-04-13T20:07:00","guid":{"rendered":"http:\/\/www.hoymercedes.com.ar\/principal\/?p=109362"},"modified":"2020-04-13T15:16:17","modified_gmt":"2020-04-13T18:16:17","slug":"el-arte-se-reinventa-en-cuarentena","status":"publish","type":"post","link":"https:\/\/www.hoymercedes.com.ar\/principal\/2020\/04\/13\/el-arte-se-reinventa-en-cuarentena\/","title":{"rendered":"El arte se reinventa en cuarentena"},"content":{"rendered":"\n<p><em><strong>En tiempos de coronavirus, los artistas de la ciudad buscan nuevos m\u00e9todos para poder\u00a0 mantenerse activos.  Con la tecnolog\u00eda como aliada, surgen nuevas propuestas para llevar el arte a los hogares.<\/strong><\/em><\/p>\n\n\n\n<figure class=\"wp-block-image size-large\"><img loading=\"lazy\" decoding=\"async\" width=\"800\" height=\"600\" data-attachment-id=\"109363\" data-permalink=\"https:\/\/www.hoymercedes.com.ar\/principal\/2020\/04\/13\/el-arte-se-reinventa-en-cuarentena\/13-arteencasa\/#main\" data-orig-file=\"https:\/\/www.hoymercedes.com.ar\/principal\/wp-content\/uploads\/2020\/04\/13-arteencasa.jpg\" data-orig-size=\"800,600\" data-comments-opened=\"0\" data-image-meta=\"{&quot;aperture&quot;:&quot;0&quot;,&quot;credit&quot;:&quot;&quot;,&quot;camera&quot;:&quot;&quot;,&quot;caption&quot;:&quot;&quot;,&quot;created_timestamp&quot;:&quot;0&quot;,&quot;copyright&quot;:&quot;&quot;,&quot;focal_length&quot;:&quot;0&quot;,&quot;iso&quot;:&quot;0&quot;,&quot;shutter_speed&quot;:&quot;0&quot;,&quot;title&quot;:&quot;&quot;,&quot;orientation&quot;:&quot;0&quot;}\" data-image-title=\"13 arteencasa\" data-image-description=\"\" data-image-caption=\"\" data-large-file=\"https:\/\/www.hoymercedes.com.ar\/principal\/wp-content\/uploads\/2020\/04\/13-arteencasa.jpg\" src=\"https:\/\/www.hoymercedes.com.ar\/principal\/wp-content\/uploads\/2020\/04\/13-arteencasa.jpg\" alt=\"\" class=\"wp-image-109363\"\/><\/figure>\n\n\n\n<p>La pandemia del Covid 19 se hizo presente en\nnuestro pa\u00eds hace m\u00e1s de una mes, oblig\u00e1ndonos a cambiar nuestros h\u00e1bitos\nesenciales, el d\u00eda a d\u00eda, sobretodo desde el punto de vista del aislamiento,\n\u201coblig\u00e1ndonos\u201d a quedarnos en casa y perder la rutina de encuentro.<\/p>\n\n\n\n<p>En ese sentido, el \u00e1mbito cultural es uno de\nlos lugares m\u00e1s afectados por esta nueva forma de vida. Es cierto que en la\nactualidad, la comunicaci\u00f3n contin\u00faa siendo fluida gracias a las herramientas\ntecnol\u00f3gicas como lo puede ser una red social, pero es ente punto, donde es\nnecesario que aparezcan nuevas formas y usos de la misma, planteando diferentes\nmanera de continuar haciendo lo que nos gusta.<\/p>\n\n\n\n<p>En Mercedes, muchos son los artistas que hoy\nse ven afectados por esta situaci\u00f3n, y varios de ellos buscan continuar estando\nactivos pese a no poder continuar con sus modos habituales, tanto de ense\u00f1anza\ncomo de producci\u00f3n de sentido para \u201csu\u201d p\u00fablico.<\/p>\n\n\n\n<p>Tal es el caso de Pablo Rodr\u00edguez, director de\nPIET, un taller de artes visuales y grabado el cual realizaba (o realiza)\ndiversos cursos y talleres destinado a todas las edades. No es menor el dato de\nque esta cuarentena obligatoria lleg\u00f3 a principios del mes de marzo, cuando\ntodas las actividades de ense\u00f1anza se dispon\u00edan a iniciar sus ciclos anuales. <\/p>\n\n\n\n<p>Con la idea de continuar, Pablo junto a sus\nalumnos, tuvieron que encontrar nuevas formas de comunicarse, teniendo como\nprincipal aliado a la tecnolog\u00eda. \u201cEl primer tutorial salio de manera\ninesperada. Realic\u00e9 una actividad que publique en un la red social Tik Tok, y\nlo publico en el grupo del taller. Y tanto los grandes como los m\u00e1s chicos se\npusieron a realizarlo hasta que una de las alumnas me propone la idea que\nvolver a hacerlo en vivo. Esa idea me qued\u00f3 rondando en la cabeza y ah\u00ed empec\u00e9\na transmitir en vivo a trav\u00e9s de Facebook. En unas semanas llegue a sumar\nvarias visitas a la p\u00e1gina, es una idea que surgi\u00f3 de ellos\u201d coment\u00f3 Pablo. <\/p>\n\n\n\n<p>Fue a ra\u00edz de esto, que hoy (despu\u00e9s de tres\nsemanas) dese la Fan Page de PIET, esta realizando clases virtuales. \u201cLos d\u00edas\npasaban y yo empec\u00e9 a preocuparme un poco porque mi taller de arte funciona en\nun local que alquilo, as\u00ed que ten\u00eda que empezar a buscar una soluci\u00f3n. Mis\nalumnas m\u00e1s grandes quer\u00edan depositarme en mi cuenta bancaria para que pueda\npagar, pero me daba \u2018cosa\u2019 el recibir un dinero sin que reciban algo a cambio.\nAs\u00ed que pens\u00e9 en un plan B\u201d, agreg\u00f3. Los lunes y viernes, se dan abiertas para\ntoda la comunidad a modo de poder llevar un nuevo entretenimiento a las casas,\nmientras que los martes, mi\u00e9rcoles y jueves, son destinadas para un grupo\nprivado de Facebook con un costo para poder solventar los gastos de alquiler del\ntaller, \u201cpara que podamos trabajar todos con los mismos materiales y tengan las\nclases con un soporte m\u00e1s te\u00f3rico, coordine con una librer\u00eda para comprar materiales\ny hacerles un env\u00edo con delivery a esos alumnos para poder trabajar\u201d sostuvo\nPablo, quien encontr\u00f3 la manera de poder continuar con su trabajo en esta\nsituaci\u00f3n.<\/p>\n\n\n\n<p>Similar es la situaci\u00f3n de Pablo Russo, otro\nartista pl\u00e1stico y reconocido de la ciudad, quien est\u00e1 participando de algunas\nmuestras virtuales, las cuales tambi\u00e9n se vieron en la necesidad de\nreestructurar su activad durante la pandemia. Invitado por N\u00e9stor Goyanes, ser\u00e1\nel \u00fanico mercedino que participar\u00e1 en la muestra colectiva \u201cA Toda Tinta\u201d,\njunto a otros artistas de la provincia. \u201cLa idea era hacer una muestra\nitinerante por toda la provincia de Buenos Aires, pero a ra\u00edz de esta situaci\u00f3n\nempezamos haciendo una p\u00e1gina y realizar una muestra virtual\u201d coment\u00f3 Pablo,\nquien tambi\u00e9n estar\u00e1 en el Proyecto Jaguar, una muestra latinoamericana que\ntiene la idea de preservar al yaguaret\u00e9, \u201cfui convocado junto a 16 artitas\nnacionales para participar de esta muestra internacional en distintos pa\u00edses de\nLatinoam\u00e9rica y Espa\u00f1a, pero dentro de estas circunstancias la tendremos que\nrealizar de manera virtual\u201d explic\u00f3. \u201cEstoy participando en estos grupos de\nmuestras porque es una manera de ir prepar\u00e1ndonos para lo que se viene, porque\npese a que esto en alg\u00fan momento va pasar, para que se reactive todo de nuevo\nva a ser complicado\u201d coment\u00f3.<\/p>\n\n\n\n<p>Por otra parte, como uno de los directores del\nCentro Cultural El Limonero, Pablo coment\u00f3 que sigue con las actividades de\nmanera virtual para alguno de sus alumnos. <\/p>\n\n\n\n<p>Adem\u00e1s, manifest\u00f3 que\u201d esta situaci\u00f3n tambi\u00e9n\nnos lleva un poco a la reflexi\u00f3n de que papel cumplimos los artistas en la\nsociedad, como nos organizamos para poder llevar adelante esta situaci\u00f3n. Nosotros\nno encajamos en ning\u00fan plan social, porque somos monotributistas pero a la vez\ntenemos un ingreso por ser docente, el cual adem\u00e1s es bajo, tampoco podemos\ncumplir con determinados requisitos para los subsidios, no somos PYMES y como\nque el artista independiente queda desamparado\u201d.<\/p>\n\n\n\n<p>\u201cDespu\u00e9s de que pase todo esto tenemos que tener memoria porque ahora, todo lo art\u00edstico entretiene, todos nos ofrecemos y brindamos nuestros conocimientos, disfrutan de nuestro arte, pero cuando todo esto pase, no hay que olvidarse y seguir apoyando a los artistas de alguna manera. Ah\u00ed tambi\u00e9n esta nuestro desaf\u00edo para poder concretar eso y tener el lugar que nos merecemos\u201d concluy\u00f3 Russo.<\/p>\n\n\n\n<p>Colaboraci\u00f3n: Mariano Oyarz\u00fa<\/p>\n","protected":false},"excerpt":{"rendered":"<p>En tiempos de coronavirus, los artistas de la ciudad buscan nuevos m\u00e9todos para poder\u00a0 mantenerse activos. Con la tecnolog\u00eda como &#8230; <a title=\"El arte se reinventa en cuarentena\" class=\"read-more\" href=\"https:\/\/www.hoymercedes.com.ar\/principal\/2020\/04\/13\/el-arte-se-reinventa-en-cuarentena\/\" aria-label=\"Leer m\u00e1s sobre El arte se reinventa en cuarentena\">Leer m\u00e1s<\/a><\/p>\n","protected":false},"author":1,"featured_media":109363,"comment_status":"closed","ping_status":"open","sticky":false,"template":"","format":"standard","meta":{"_monsterinsights_skip_tracking":false,"_monsterinsights_sitenote_active":false,"_monsterinsights_sitenote_note":"","_monsterinsights_sitenote_category":0,"jetpack_post_was_ever_published":false,"_jetpack_newsletter_access":"","_jetpack_dont_email_post_to_subs":false,"_jetpack_newsletter_tier_id":0,"_jetpack_memberships_contains_paywalled_content":false,"_jetpack_memberships_contains_paid_content":false,"footnotes":"","jetpack_publicize_message":"","jetpack_publicize_feature_enabled":true,"jetpack_social_post_already_shared":true,"jetpack_social_options":{"image_generator_settings":{"template":"highway","default_image_id":0,"font":"","enabled":false},"version":2},"_wpas_customize_per_network":false},"categories":[104],"tags":[16485,16175,16313,7805,16323],"class_list":["post-109362","post","type-post","status-publish","format-standard","has-post-thumbnail","hentry","category-cultura","tag-arte-en-casa","tag-coronavirus","tag-covid-19","tag-cultura","tag-pandemia","generate-columns","tablet-grid-50","mobile-grid-100","grid-parent","grid-50"],"jetpack_publicize_connections":[],"jetpack_featured_media_url":"https:\/\/www.hoymercedes.com.ar\/principal\/wp-content\/uploads\/2020\/04\/13-arteencasa.jpg","wps_subtitle":"Cultura y aislamiento","jetpack_sharing_enabled":true,"_links":{"self":[{"href":"https:\/\/www.hoymercedes.com.ar\/principal\/wp-json\/wp\/v2\/posts\/109362","targetHints":{"allow":["GET"]}}],"collection":[{"href":"https:\/\/www.hoymercedes.com.ar\/principal\/wp-json\/wp\/v2\/posts"}],"about":[{"href":"https:\/\/www.hoymercedes.com.ar\/principal\/wp-json\/wp\/v2\/types\/post"}],"author":[{"embeddable":true,"href":"https:\/\/www.hoymercedes.com.ar\/principal\/wp-json\/wp\/v2\/users\/1"}],"replies":[{"embeddable":true,"href":"https:\/\/www.hoymercedes.com.ar\/principal\/wp-json\/wp\/v2\/comments?post=109362"}],"version-history":[{"count":0,"href":"https:\/\/www.hoymercedes.com.ar\/principal\/wp-json\/wp\/v2\/posts\/109362\/revisions"}],"wp:featuredmedia":[{"embeddable":true,"href":"https:\/\/www.hoymercedes.com.ar\/principal\/wp-json\/wp\/v2\/media\/109363"}],"wp:attachment":[{"href":"https:\/\/www.hoymercedes.com.ar\/principal\/wp-json\/wp\/v2\/media?parent=109362"}],"wp:term":[{"taxonomy":"category","embeddable":true,"href":"https:\/\/www.hoymercedes.com.ar\/principal\/wp-json\/wp\/v2\/categories?post=109362"},{"taxonomy":"post_tag","embeddable":true,"href":"https:\/\/www.hoymercedes.com.ar\/principal\/wp-json\/wp\/v2\/tags?post=109362"}],"curies":[{"name":"wp","href":"https:\/\/api.w.org\/{rel}","templated":true}]}}