{"id":109374,"date":"2020-04-13T18:15:00","date_gmt":"2020-04-13T21:15:00","guid":{"rendered":"http:\/\/www.hoymercedes.com.ar\/principal\/?p=109374"},"modified":"2020-04-13T21:59:13","modified_gmt":"2020-04-14T00:59:13","slug":"servicio-penitenciariaio-y-municipio-controlan-a-las-visitas-al-penal","status":"publish","type":"post","link":"https:\/\/www.hoymercedes.com.ar\/principal\/2020\/04\/13\/servicio-penitenciariaio-y-municipio-controlan-a-las-visitas-al-penal\/","title":{"rendered":"Servicio Penitenciario y Municipio controlan a las visitas al penal"},"content":{"rendered":"\n<p>En los principales accesos a la ciudad se instalan los controles para veh\u00edculos que ingresan a Mercedes. Sin embargo, hoy el control exhaustivo se dio en la estaci\u00f3n de trenes del ferrocarril Sarmiento. Es all\u00ed donde arriban la mayor\u00eda de los familiares y visitas de los internos de la Unidad N\u00b0 5. <\/p>\n\n\n\n<figure class=\"wp-block-image size-large\"><img loading=\"lazy\" decoding=\"async\" width=\"948\" height=\"632\" data-attachment-id=\"109375\" data-permalink=\"https:\/\/www.hoymercedes.com.ar\/principal\/2020\/04\/13\/servicio-penitenciariaio-y-municipio-controlan-a-las-visitas-al-penal\/13-serv-penitenciario\/#main\" data-orig-file=\"https:\/\/www.hoymercedes.com.ar\/principal\/wp-content\/uploads\/2020\/04\/13-serv-penitenciario.jpg\" data-orig-size=\"948,632\" data-comments-opened=\"0\" data-image-meta=\"{&quot;aperture&quot;:&quot;0&quot;,&quot;credit&quot;:&quot;&quot;,&quot;camera&quot;:&quot;&quot;,&quot;caption&quot;:&quot;&quot;,&quot;created_timestamp&quot;:&quot;0&quot;,&quot;copyright&quot;:&quot;&quot;,&quot;focal_length&quot;:&quot;0&quot;,&quot;iso&quot;:&quot;0&quot;,&quot;shutter_speed&quot;:&quot;0&quot;,&quot;title&quot;:&quot;&quot;,&quot;orientation&quot;:&quot;0&quot;}\" data-image-title=\"13 serv penitenciario\" data-image-description=\"\" data-image-caption=\"\" data-large-file=\"https:\/\/www.hoymercedes.com.ar\/principal\/wp-content\/uploads\/2020\/04\/13-serv-penitenciario.jpg\" src=\"https:\/\/www.hoymercedes.com.ar\/principal\/wp-content\/uploads\/2020\/04\/13-serv-penitenciario.jpg\" alt=\"\" class=\"wp-image-109375\"\/><\/figure>\n\n\n\n<p>En el and\u00e9n, agentes del Servicio Penitenciario y Municipio de Mercedes se instalaron para recibir la mercader\u00eda para los internos, ya que el ingreso al penal est\u00e1 cerrado para las personas, y evitar que esas personas que vienen en el tren desde localidades en donde est\u00e1 comprobada la circulaci\u00f3n del virus que produce COVID-19, circulen por las calles de la ciudad,<\/p>\n\n\n\n<p>Reciben la mercader\u00eda que ellos traen y la higienizan para luego acerc\u00e1rsela a los reclusos a la unidad. Los familiares traen alimentos para los internos, pero no los pueden visitar y se quedan en la plaza o recorriendo las calles de la ciduad. De esta manera, no circulan por Mercedes. .  \u00abEvitamos circulaci\u00f3n y contacto\u00bb, expresan desde la Comuna. <\/p>\n\n\n\n<p>\u00abLa mayor\u00eda de los familiares se maneja en tren, por ese motivo, dispusimos uno de los controles en la estaci\u00f3n de trenes. Asimismo, hemos incorporado en el peaje un nuevo dispositivo de seguridad, donde b\u00e1sicamente todos los familiares que vienen -tanto en auto como en colectivo- ya est\u00e1n informados\u201d, explic\u00f3 el Intendente Ustarroz. <\/p>\n\n\n\n<p>Por su parte, el Prefecto Mayor (EG) Pablo Gregorini,  del servicio penitenciario, se\u00f1alo que \u201cac\u00e1 estamos brindando nuestra ayuda a la ciudadan\u00eda para que no haya circulaci\u00f3n de personas por la ciudad ante esta emergencia sanitaria\u201d. <\/p>\n\n\n\n<p>Estuvieron presentes tambi\u00e9n personal de la Unidad Penitenciaria N\u00b05 efectuando el procedimiento, el Prefecto (EG) Daniel Basualdo, subdirector de asistencia y tratamiento, y la secretaria de gobierno Clara Zunino.<\/p>\n","protected":false},"excerpt":{"rendered":"<p>En los principales accesos a la ciudad se instalan los controles para veh\u00edculos que ingresan a Mercedes. Sin embargo, hoy &#8230; <a title=\"Servicio Penitenciario y Municipio controlan a las visitas al penal\" class=\"read-more\" href=\"https:\/\/www.hoymercedes.com.ar\/principal\/2020\/04\/13\/servicio-penitenciariaio-y-municipio-controlan-a-las-visitas-al-penal\/\" aria-label=\"Leer m\u00e1s sobre Servicio Penitenciario y Municipio controlan a las visitas al penal\">Leer m\u00e1s<\/a><\/p>\n","protected":false},"author":1,"featured_media":109375,"comment_status":"closed","ping_status":"open","sticky":false,"template":"","format":"standard","meta":{"_monsterinsights_skip_tracking":false,"_monsterinsights_sitenote_active":false,"_monsterinsights_sitenote_note":"","_monsterinsights_sitenote_category":0,"jetpack_post_was_ever_published":false,"_jetpack_newsletter_access":"","_jetpack_dont_email_post_to_subs":false,"_jetpack_newsletter_tier_id":0,"_jetpack_memberships_contains_paywalled_content":false,"_jetpack_memberships_contains_paid_content":false,"footnotes":"","jetpack_publicize_message":"","jetpack_publicize_feature_enabled":true,"jetpack_social_post_already_shared":true,"jetpack_social_options":{"image_generator_settings":{"template":"highway","default_image_id":0,"font":"","enabled":false},"version":2},"_wpas_customize_per_network":false},"categories":[30],"tags":[13268,244,10114],"class_list":["post-109374","post","type-post","status-publish","format-standard","has-post-thumbnail","hentry","category-municipio","tag-controles","tag-municipio-2","tag-servicio-penitenciario","generate-columns","tablet-grid-50","mobile-grid-100","grid-parent","grid-50"],"jetpack_publicize_connections":[],"jetpack_featured_media_url":"https:\/\/www.hoymercedes.com.ar\/principal\/wp-content\/uploads\/2020\/04\/13-serv-penitenciario.jpg","wps_subtitle":"","jetpack_sharing_enabled":true,"_links":{"self":[{"href":"https:\/\/www.hoymercedes.com.ar\/principal\/wp-json\/wp\/v2\/posts\/109374","targetHints":{"allow":["GET"]}}],"collection":[{"href":"https:\/\/www.hoymercedes.com.ar\/principal\/wp-json\/wp\/v2\/posts"}],"about":[{"href":"https:\/\/www.hoymercedes.com.ar\/principal\/wp-json\/wp\/v2\/types\/post"}],"author":[{"embeddable":true,"href":"https:\/\/www.hoymercedes.com.ar\/principal\/wp-json\/wp\/v2\/users\/1"}],"replies":[{"embeddable":true,"href":"https:\/\/www.hoymercedes.com.ar\/principal\/wp-json\/wp\/v2\/comments?post=109374"}],"version-history":[{"count":0,"href":"https:\/\/www.hoymercedes.com.ar\/principal\/wp-json\/wp\/v2\/posts\/109374\/revisions"}],"wp:featuredmedia":[{"embeddable":true,"href":"https:\/\/www.hoymercedes.com.ar\/principal\/wp-json\/wp\/v2\/media\/109375"}],"wp:attachment":[{"href":"https:\/\/www.hoymercedes.com.ar\/principal\/wp-json\/wp\/v2\/media?parent=109374"}],"wp:term":[{"taxonomy":"category","embeddable":true,"href":"https:\/\/www.hoymercedes.com.ar\/principal\/wp-json\/wp\/v2\/categories?post=109374"},{"taxonomy":"post_tag","embeddable":true,"href":"https:\/\/www.hoymercedes.com.ar\/principal\/wp-json\/wp\/v2\/tags?post=109374"}],"curies":[{"name":"wp","href":"https:\/\/api.w.org\/{rel}","templated":true}]}}