{"id":109388,"date":"2020-04-14T07:24:00","date_gmt":"2020-04-14T10:24:00","guid":{"rendered":"http:\/\/www.hoymercedes.com.ar\/principal\/?p=109388"},"modified":"2020-04-13T22:48:28","modified_gmt":"2020-04-14T01:48:28","slug":"mas-controles-en-los-accesos-a-mercedes","status":"publish","type":"post","link":"https:\/\/www.hoymercedes.com.ar\/principal\/2020\/04\/14\/mas-controles-en-los-accesos-a-mercedes\/","title":{"rendered":"M\u00e1s controles en los accesos a Mercedes"},"content":{"rendered":"\n<p>Por Prensa Municipal &#8211; Durante este \u00faltimo domingo, el intendente Juan I. Ustarroz recorri\u00f3, junto al Ministro del Interior Eduardo de Pedro, el operativo de control y prevenci\u00f3n en accesos a la ciudad. <\/p>\n\n\n\n<p>\u201cQueremos agradecer al personal de todas las fuerzas de seguridad, tanto a gendarmer\u00eda, polic\u00eda federal, provincial y secretar\u00eda de seguridad del municipio que est\u00e1n cuidando las 24 horas a nuestros vecinos. Entre todos est\u00e1n realizando un trabajo muy fuerte y a conciencia, el cual est\u00e1 dando muy buenos resultados\u201d.<\/p>\n\n\n\n<p>En otro sentido, el jefe comunal expres\u00f3 \u201choy no tenemos infectados por coronavirus pero somos conscientes que esta pandemia va a llegar a nuestra ciudad, por eso debemos extremar todos los cuidados, trabajando codo a codo junto a todas las instituciones y la comunidad\u201d y agradeci\u00f3 \u201cde todo coraz\u00f3n a nuestra ciudad por el cumplimiento de esta cuarentena que significa cuidarse a uno y al pr\u00f3jimo\u201d.<\/p>\n\n\n\n<p>\u201cEstamos extremando todas las medidas a nuestro alcance como as\u00ed tambi\u00e9n estamos planificando y trabajando en otras que vamos a implementar en lo inmediato\u201d apunt\u00f3 el intendente Ustarroz e hizo especial foco en que \u201cdebemos cuidar a los adultos mayores, son ellos quienes ante esta pandemia sufren m\u00e1s riesgos y son m\u00e1s vulnerables\u201d.<\/p>\n\n\n\n<p>Al finalizar remarc\u00f3 \u201cesta cuarentena ha dado resultados, tenemos que seguir con el aislamiento social, extremando todas las medidas higi\u00e9nicas y de cuidado\u201d y una vez m\u00e1s agradeci\u00f3 \u201ca quienes hoy est\u00e1n en la calle cuid\u00e1ndonos, y a quienes est\u00e1n en sus casas haciendo un esfuerzo enrome desde lo emocional, lo econ\u00f3mico y humano para poder evitar que esta pandemia ingrese a nuestra ciudad\u201d.<\/p>\n\n\n\n<p>Por su parte, el Ministro del Interior, Eduardo De Pedro felicit\u00f3 al intendente Ustarroz por los trabajos que viene desarrollando la comuna en la ciudad en cuanto a la protecci\u00f3n y cuidado de los vecinos contra el coronavirus \u201caqu\u00ed podemos ver este arco sanitario, que roc\u00eda con agua y cloro a los veh\u00edculos\u201d y agreg\u00f3 \u201cmismo que fue dise\u00f1ado por la Municipalidad de Mercedes y construido por sus trabajadores y trabajadoras, y que lo que intenta es socavar cualquier tipo de agente pat\u00f3geno que se pueda llegar a encontrar impregnado en los diferentes veh\u00edculos\u201d.&nbsp;&nbsp;&nbsp;<\/p>\n\n\n\n<p>Al mismo tiempo enfatiz\u00f3 \u201cquiero que los mercedinos sepan que permanentemente en lo que tiene que ver con soluciones, discusi\u00f3n, innovaci\u00f3n, propuesta o recursos que hay a nivel nacional o provincial, es consultado el intendente Ustarroz en cada una de ellas\u201d subray\u00f3 el Ministro De Pedro.&nbsp;&nbsp;<\/p>\n\n\n\n<p>Adem\u00e1s, el intendente de la ciudad junto al Ministro del Interior, pasaron esta jornada \u2013 por el domingo de pascuas &#8211; en el comedor \u201cLuminares en el Mundo\u201d de la localidad de Agote (calle 520 y 501).<\/p>\n\n\n\n<p>\u201cEstuvimos recorriendo un comedor en la localidad de Agote donde pudimos ver de qu\u00e9 manera los sectores que menos tienen tambi\u00e9n se van organizando para pasar una pascua de la mejor manera posible y c\u00f3mo van coordinando para sortear esta cuarentena\u201d cont\u00f3 el Ministro del Interior, Eduardo De Pedro y asimismo agradeci\u00f3 \u201cen estas pascuas al personal m\u00e9dico que est\u00e1 de guardia, a las fuerzas nacionales y a gendarmer\u00eda en particular, que en nuestra ciudad son los protectores de los ingresos a la misma\u201d.<\/p>\n\n\n\n<p>Por su parte, el Segundo Comandante de Gendarmer\u00eda, V\u00edctor Gonz\u00e1lez, de la Escuela de Gendarmer\u00eda Nacional \u201cCabo Juan Adolfo Romero\u201d, expres\u00f3 que \u201cestamos realizando operativos en conjunto con personal de la polic\u00eda federal y provincial en ambos accesos de la ciudad de Mercedes, y afortunadamente la gente responde de una manera positiva al control que estamos ejerciendo en ambos lugares\u201d.<\/p>\n","protected":false},"excerpt":{"rendered":"<p>Por Prensa Municipal &#8211; Durante este \u00faltimo domingo, el intendente Juan I. Ustarroz recorri\u00f3, junto al Ministro del Interior Eduardo &#8230; <a title=\"M\u00e1s controles en los accesos a Mercedes\" class=\"read-more\" href=\"https:\/\/www.hoymercedes.com.ar\/principal\/2020\/04\/14\/mas-controles-en-los-accesos-a-mercedes\/\" aria-label=\"Leer m\u00e1s sobre M\u00e1s controles en los accesos a Mercedes\">Leer m\u00e1s<\/a><\/p>\n","protected":false},"author":1,"featured_media":109389,"comment_status":"closed","ping_status":"open","sticky":false,"template":"","format":"standard","meta":{"_monsterinsights_skip_tracking":false,"_monsterinsights_sitenote_active":false,"_monsterinsights_sitenote_note":"","_monsterinsights_sitenote_category":0,"jetpack_post_was_ever_published":false,"_jetpack_newsletter_access":"","_jetpack_dont_email_post_to_subs":false,"_jetpack_newsletter_tier_id":0,"_jetpack_memberships_contains_paywalled_content":false,"_jetpack_memberships_contains_paid_content":false,"footnotes":"","jetpack_publicize_message":"","jetpack_publicize_feature_enabled":true,"jetpack_social_post_already_shared":true,"jetpack_social_options":{"image_generator_settings":{"template":"highway","default_image_id":0,"font":"","enabled":false},"version":2},"_wpas_customize_per_network":false},"categories":[30],"tags":[16364,244],"class_list":["post-109388","post","type-post","status-publish","format-standard","has-post-thumbnail","hentry","category-municipio","tag-cierre-de-accesos","tag-municipio-2","generate-columns","tablet-grid-50","mobile-grid-100","grid-parent","grid-50"],"jetpack_publicize_connections":[],"jetpack_featured_media_url":"https:\/\/www.hoymercedes.com.ar\/principal\/wp-content\/uploads\/2020\/04\/14-Ustarroz-DePedro-Gonzalez.jpeg","wps_subtitle":"Para que el virus no circule","jetpack_sharing_enabled":true,"_links":{"self":[{"href":"https:\/\/www.hoymercedes.com.ar\/principal\/wp-json\/wp\/v2\/posts\/109388","targetHints":{"allow":["GET"]}}],"collection":[{"href":"https:\/\/www.hoymercedes.com.ar\/principal\/wp-json\/wp\/v2\/posts"}],"about":[{"href":"https:\/\/www.hoymercedes.com.ar\/principal\/wp-json\/wp\/v2\/types\/post"}],"author":[{"embeddable":true,"href":"https:\/\/www.hoymercedes.com.ar\/principal\/wp-json\/wp\/v2\/users\/1"}],"replies":[{"embeddable":true,"href":"https:\/\/www.hoymercedes.com.ar\/principal\/wp-json\/wp\/v2\/comments?post=109388"}],"version-history":[{"count":0,"href":"https:\/\/www.hoymercedes.com.ar\/principal\/wp-json\/wp\/v2\/posts\/109388\/revisions"}],"wp:featuredmedia":[{"embeddable":true,"href":"https:\/\/www.hoymercedes.com.ar\/principal\/wp-json\/wp\/v2\/media\/109389"}],"wp:attachment":[{"href":"https:\/\/www.hoymercedes.com.ar\/principal\/wp-json\/wp\/v2\/media?parent=109388"}],"wp:term":[{"taxonomy":"category","embeddable":true,"href":"https:\/\/www.hoymercedes.com.ar\/principal\/wp-json\/wp\/v2\/categories?post=109388"},{"taxonomy":"post_tag","embeddable":true,"href":"https:\/\/www.hoymercedes.com.ar\/principal\/wp-json\/wp\/v2\/tags?post=109388"}],"curies":[{"name":"wp","href":"https:\/\/api.w.org\/{rel}","templated":true}]}}