{"id":109392,"date":"2020-04-14T09:36:00","date_gmt":"2020-04-14T12:36:00","guid":{"rendered":"http:\/\/www.hoymercedes.com.ar\/principal\/?p=109392"},"modified":"2020-04-13T22:47:25","modified_gmt":"2020-04-14T01:47:25","slug":"cem-eleva-propuesta-para-flexibilizar-el-aislamiento-obligatorio-en-la-ciudad","status":"publish","type":"post","link":"https:\/\/www.hoymercedes.com.ar\/principal\/2020\/04\/14\/cem-eleva-propuesta-para-flexibilizar-el-aislamiento-obligatorio-en-la-ciudad\/","title":{"rendered":"CEM eleva propuesta para flexibilizar el aislamiento obligatorio en la ciudad"},"content":{"rendered":"\n<p><em><strong>Entre las propuestas presentadas se destaca la autorizaci\u00f3n a los comercios de los rubros no exceptuados a trabajar con venta online y entrega puerta a puerta. El documento fue elevado al Intendente Ustarroz para que \u00e9ste lo sume a la presentaci\u00f3n que har\u00e1 ante los gobiernos de la provincia y de Naci\u00f3n<\/strong>. <\/em><\/p>\n\n\n\n<figure class=\"wp-block-image size-large\"><img loading=\"lazy\" decoding=\"async\" width=\"1280\" height=\"960\" data-attachment-id=\"109390\" data-permalink=\"https:\/\/www.hoymercedes.com.ar\/principal\/2020\/04\/14\/mas-controles-en-los-accesos-a-mercedes\/2020-cem-propuesta-flexible-2\/#main\" data-orig-file=\"https:\/\/www.hoymercedes.com.ar\/principal\/wp-content\/uploads\/2020\/04\/2020-CEM-propuesta-flexible-2.jpg\" data-orig-size=\"1280,960\" data-comments-opened=\"0\" data-image-meta=\"{&quot;aperture&quot;:&quot;0&quot;,&quot;credit&quot;:&quot;&quot;,&quot;camera&quot;:&quot;&quot;,&quot;caption&quot;:&quot;&quot;,&quot;created_timestamp&quot;:&quot;0&quot;,&quot;copyright&quot;:&quot;&quot;,&quot;focal_length&quot;:&quot;0&quot;,&quot;iso&quot;:&quot;0&quot;,&quot;shutter_speed&quot;:&quot;0&quot;,&quot;title&quot;:&quot;&quot;,&quot;orientation&quot;:&quot;0&quot;}\" data-image-title=\"2020 CEM propuesta flexible 2\" data-image-description=\"\" data-image-caption=\"\" data-large-file=\"https:\/\/www.hoymercedes.com.ar\/principal\/wp-content\/uploads\/2020\/04\/2020-CEM-propuesta-flexible-2.jpg\" src=\"https:\/\/www.hoymercedes.com.ar\/principal\/wp-content\/uploads\/2020\/04\/2020-CEM-propuesta-flexible-2.jpg\" alt=\"\" class=\"wp-image-109390\"\/><\/figure>\n\n\n\n<p>Con motivo de la extensi\u00f3n del aislamiento social, preventivo y obligatorio que dispuso el gobierno nacional d\u00edas atr\u00e1s y que le permite a los municipios elevar propuestas que ayuden a flexibilizar y controlar otras actividades que a\u00fan no est\u00e1n exceptuadas, la C\u00e1mara Econ\u00f3mica Mercedina (CEM) present\u00f3 una serie de acciones concretas al Municipio de Mercedes elaboradas a partir de las problem\u00e1ticas presentada por sus socios, especialmente los comercios de productos no esenciales que desde el 20 de marzo est\u00e1n con sus puertas cerradas. <\/p>\n\n\n\n<p>En horas del mediod\u00eda de este lunes, integrantes de la CEM volvieron a reunirse con el Intendente Municipal Juan Ignacio Ustarroz y parte de su equipo de gobierno. All\u00ed, fueron varias las propuestas y l\u00edneas de acci\u00f3n que se conversaron. Se plante\u00f3 la necesidad urgente de ver c\u00f3mo se ir\u00e1n reinsertando los distintos sectores a una m\u00ednima din\u00e1mica econ\u00f3mica, ya sea con\u00a0 una atenci\u00f3n al p\u00fablico en horario reducido o incorpor\u00e1ndose a la venta online con posterior delivery. <\/p>\n\n\n\n<p>\u201cSolicitamos que se eleven pedidos para diferenciar el AMBA del interior de la provincia de Buenos Aires. No contamos con grandes centros de concurrencia masiva. Muchas actividades se desenvuelven de manera unipersonal o con muy poca cantidad de personas y otras podr\u00edan comenzar a incorporarse a sistemas electr\u00f3nicos de venta\u201d, explic\u00f3 el Gerente de la C\u00e1mara Econ\u00f3mica Mercedina, Ariel Pietrucha.<\/p>\n\n\n\n<p>En la propuesta presentada se abarcaron diferentes rubros como \u00f3pticas, papeleras, negocios de ropa, casa de deportes, mercer\u00edas, jugueter\u00edas, casas de decoraci\u00f3n, peluquerias as\u00ed como tambi\u00e9n empresa de electrodom\u00e9sticos, gestor\u00edas y productores de servicios y sectores de la construcci\u00f3n.<\/p>\n\n\n\n<p>De todas las l\u00edneas de acci\u00f3n presentadas, la Municipalidad y la CEM coincidieron en que la que podr\u00eda prosperar con mayor rapidez es la modalidad de venta online con la posibilidad de delivery a trav\u00e9s de los servicios que ya est\u00e1n funcionando en la ciudad para la entrega de productos alimenticios. \u201cEn base a los documentos que presentamos, el Municipio elaborar\u00e1 un protocolo para los comercios de trabajo a puerta cerrada y entrega con delivery para toda la ciudad. Por lo que nos informaron, est\u00e1 en desarrollo y lo presentar\u00e1n el mi\u00e9rcoles a la provincia\u201d, agreg\u00f3 Pietrucha, a la espera de poder concretar las ideas presentadas por la C\u00e1mara Econ\u00f3mica Mercedina. <\/p>\n\n\n\n<p>Por otro lado, desde la CEM resaltaron que esto no s\u00f3lo permitir\u00eda paliar la situaci\u00f3n que enfrentan muchos comercios de la ciudad, sino tambi\u00e9n terminar con una competencia desleal que el contexto actual gener\u00f3.<\/p>\n\n\n\n<p>\u201cEn caso de que el protocolo de venta online y entrega por delivery avance en la ciudad, tambi\u00e9n\u00a0 favorecer\u00e1 al comercio local y evitar\u00e1 la competencia desleal que se produce, por un lado con los supermercados que venden productos m\u00e1s all\u00e1 del alimenticio, y por otro, por las plataformas de venta online de Capital Federal que al operar con normalidad, invitan a que muchos mercedinos adquieran productos de los m\u00e1s variados rubros en desmedro del comercio local\u201d, resaltaron de la CEM a la espera de una respuesta favorable antes del fin de semana. \u00a0<\/p>\n","protected":false},"excerpt":{"rendered":"<p>Entre las propuestas presentadas se destaca la autorizaci\u00f3n a los comercios de los rubros no exceptuados a trabajar con venta &#8230; <a title=\"CEM eleva propuesta para flexibilizar el aislamiento obligatorio en la ciudad\" class=\"read-more\" href=\"https:\/\/www.hoymercedes.com.ar\/principal\/2020\/04\/14\/cem-eleva-propuesta-para-flexibilizar-el-aislamiento-obligatorio-en-la-ciudad\/\" aria-label=\"Leer m\u00e1s sobre CEM eleva propuesta para flexibilizar el aislamiento obligatorio en la ciudad\">Leer m\u00e1s<\/a><\/p>\n","protected":false},"author":1,"featured_media":109390,"comment_status":"closed","ping_status":"open","sticky":false,"template":"","format":"standard","meta":{"_monsterinsights_skip_tracking":false,"_monsterinsights_sitenote_active":false,"_monsterinsights_sitenote_note":"","_monsterinsights_sitenote_category":0,"jetpack_post_was_ever_published":false,"_jetpack_newsletter_access":"","_jetpack_dont_email_post_to_subs":false,"_jetpack_newsletter_tier_id":0,"_jetpack_memberships_contains_paywalled_content":false,"_jetpack_memberships_contains_paid_content":false,"footnotes":"","jetpack_publicize_message":"","jetpack_publicize_feature_enabled":true,"jetpack_social_post_already_shared":true,"jetpack_social_options":{"image_generator_settings":{"template":"highway","default_image_id":0,"font":"","enabled":false},"version":2},"_wpas_customize_per_network":false},"categories":[8],"tags":[16353,682,16175,16313,244,11583],"class_list":["post-109392","post","type-post","status-publish","format-standard","has-post-thumbnail","hentry","category-sociedad","tag-aislamiento-social-obligatorio","tag-cem","tag-coronavirus","tag-covid-19","tag-municipio-2","tag-propuestas","generate-columns","tablet-grid-50","mobile-grid-100","grid-parent","grid-50"],"jetpack_publicize_connections":[],"jetpack_featured_media_url":"https:\/\/www.hoymercedes.com.ar\/principal\/wp-content\/uploads\/2020\/04\/2020-CEM-propuesta-flexible-2.jpg","wps_subtitle":"Cuarentena Controlada","jetpack_sharing_enabled":true,"_links":{"self":[{"href":"https:\/\/www.hoymercedes.com.ar\/principal\/wp-json\/wp\/v2\/posts\/109392","targetHints":{"allow":["GET"]}}],"collection":[{"href":"https:\/\/www.hoymercedes.com.ar\/principal\/wp-json\/wp\/v2\/posts"}],"about":[{"href":"https:\/\/www.hoymercedes.com.ar\/principal\/wp-json\/wp\/v2\/types\/post"}],"author":[{"embeddable":true,"href":"https:\/\/www.hoymercedes.com.ar\/principal\/wp-json\/wp\/v2\/users\/1"}],"replies":[{"embeddable":true,"href":"https:\/\/www.hoymercedes.com.ar\/principal\/wp-json\/wp\/v2\/comments?post=109392"}],"version-history":[{"count":0,"href":"https:\/\/www.hoymercedes.com.ar\/principal\/wp-json\/wp\/v2\/posts\/109392\/revisions"}],"wp:featuredmedia":[{"embeddable":true,"href":"https:\/\/www.hoymercedes.com.ar\/principal\/wp-json\/wp\/v2\/media\/109390"}],"wp:attachment":[{"href":"https:\/\/www.hoymercedes.com.ar\/principal\/wp-json\/wp\/v2\/media?parent=109392"}],"wp:term":[{"taxonomy":"category","embeddable":true,"href":"https:\/\/www.hoymercedes.com.ar\/principal\/wp-json\/wp\/v2\/categories?post=109392"},{"taxonomy":"post_tag","embeddable":true,"href":"https:\/\/www.hoymercedes.com.ar\/principal\/wp-json\/wp\/v2\/tags?post=109392"}],"curies":[{"name":"wp","href":"https:\/\/api.w.org\/{rel}","templated":true}]}}