{"id":109397,"date":"2020-04-14T10:28:00","date_gmt":"2020-04-14T13:28:00","guid":{"rendered":"http:\/\/www.hoymercedes.com.ar\/principal\/?p=109397"},"modified":"2020-04-14T12:31:27","modified_gmt":"2020-04-14T15:31:27","slug":"14-de-abril-dia-de-la-discapacidad-por-siniestros-viales","status":"publish","type":"post","link":"https:\/\/www.hoymercedes.com.ar\/principal\/2020\/04\/14\/14-de-abril-dia-de-la-discapacidad-por-siniestros-viales\/","title":{"rendered":"14 de abril: D\u00eda de la Discapacidad por Siniestros Viales"},"content":{"rendered":"\n<p>El 14 de abril es el D\u00eda Mundial de las Personas con Discapacidad por Hechos de Tr\u00e1nsito. Seg\u00fan la Organizaci\u00f3n Mundial de la Salud, cada a\u00f1o mueren cerca de 1,3 millones de personas en las carreteras del mundo entero, y entre 20 y 50 millones padecen traumatismos no mortales.<\/p>\n\n\n\n<p>Los accidentes de tr\u00e1nsito son una de las principales causas de muerte en todos los grupos etarios, y la primera entre personas de entre 15 y 29 a\u00f1os.<\/p>\n\n\n\n<p>En los informes se indica que los traumatismos por accidente de tr\u00e1nsito siguen representando un importante problema de la salud p\u00fablica. Para reducir la cantidad de muertes y traumatismos por accidente de tr\u00e1nsito, es necesario adoptar un marco hol\u00edstico como el enfoque de sistemas de seguridad con el objetivo de garantizar un sistema de transporte seguro para todos los usuarios de las rutas y calles. <\/p>\n\n\n\n<p>\u00abEn honor a todas la personas que lamentablemente quedan con una discapacidad permanente o temporaria por un hecho vial y tambi\u00e9n por nuestros seres queridos que partieron muy pronto, solicitamos de coraz\u00f3n a todos elevar una oraci\u00f3n sea cual fuere tu creencia o religi\u00f3n y compartir\u00bb expresan desde el Grupo Estrellas Amarillas Mercedes. <\/p>\n","protected":false},"excerpt":{"rendered":"<p>El 14 de abril es el D\u00eda Mundial de las Personas con Discapacidad por Hechos de Tr\u00e1nsito. Seg\u00fan la Organizaci\u00f3n &#8230; <a title=\"14 de abril: D\u00eda de la Discapacidad por Siniestros Viales\" class=\"read-more\" href=\"https:\/\/www.hoymercedes.com.ar\/principal\/2020\/04\/14\/14-de-abril-dia-de-la-discapacidad-por-siniestros-viales\/\" aria-label=\"Leer m\u00e1s sobre 14 de abril: D\u00eda de la Discapacidad por Siniestros Viales\">Leer m\u00e1s<\/a><\/p>\n","protected":false},"author":1,"featured_media":109398,"comment_status":"closed","ping_status":"open","sticky":false,"template":"","format":"standard","meta":{"_monsterinsights_skip_tracking":false,"_monsterinsights_sitenote_active":false,"_monsterinsights_sitenote_note":"","_monsterinsights_sitenote_category":0,"jetpack_post_was_ever_published":false,"_jetpack_newsletter_access":"","_jetpack_dont_email_post_to_subs":false,"_jetpack_newsletter_tier_id":0,"_jetpack_memberships_contains_paywalled_content":false,"_jetpack_memberships_contains_paid_content":false,"footnotes":"","jetpack_publicize_message":"","jetpack_publicize_feature_enabled":true,"jetpack_social_post_already_shared":true,"jetpack_social_options":{"image_generator_settings":{"template":"highway","default_image_id":0,"font":"","enabled":false},"version":2},"_wpas_customize_per_network":false},"categories":[8],"tags":[1422,134,9453],"class_list":["post-109397","post","type-post","status-publish","format-standard","has-post-thumbnail","hentry","category-sociedad","tag-discapacidad","tag-salud","tag-siniestros-viales","generate-columns","tablet-grid-50","mobile-grid-100","grid-parent","grid-50"],"jetpack_publicize_connections":[],"jetpack_featured_media_url":"https:\/\/www.hoymercedes.com.ar\/principal\/wp-content\/uploads\/2020\/04\/93670686_10222514707480246_4507117849831014400_n.jpg","wps_subtitle":"Prevenci\u00f3n de siniestros viales","jetpack_sharing_enabled":true,"_links":{"self":[{"href":"https:\/\/www.hoymercedes.com.ar\/principal\/wp-json\/wp\/v2\/posts\/109397","targetHints":{"allow":["GET"]}}],"collection":[{"href":"https:\/\/www.hoymercedes.com.ar\/principal\/wp-json\/wp\/v2\/posts"}],"about":[{"href":"https:\/\/www.hoymercedes.com.ar\/principal\/wp-json\/wp\/v2\/types\/post"}],"author":[{"embeddable":true,"href":"https:\/\/www.hoymercedes.com.ar\/principal\/wp-json\/wp\/v2\/users\/1"}],"replies":[{"embeddable":true,"href":"https:\/\/www.hoymercedes.com.ar\/principal\/wp-json\/wp\/v2\/comments?post=109397"}],"version-history":[{"count":0,"href":"https:\/\/www.hoymercedes.com.ar\/principal\/wp-json\/wp\/v2\/posts\/109397\/revisions"}],"wp:featuredmedia":[{"embeddable":true,"href":"https:\/\/www.hoymercedes.com.ar\/principal\/wp-json\/wp\/v2\/media\/109398"}],"wp:attachment":[{"href":"https:\/\/www.hoymercedes.com.ar\/principal\/wp-json\/wp\/v2\/media?parent=109397"}],"wp:term":[{"taxonomy":"category","embeddable":true,"href":"https:\/\/www.hoymercedes.com.ar\/principal\/wp-json\/wp\/v2\/categories?post=109397"},{"taxonomy":"post_tag","embeddable":true,"href":"https:\/\/www.hoymercedes.com.ar\/principal\/wp-json\/wp\/v2\/tags?post=109397"}],"curies":[{"name":"wp","href":"https:\/\/api.w.org\/{rel}","templated":true}]}}