{"id":109400,"date":"2020-04-14T12:06:40","date_gmt":"2020-04-14T15:06:40","guid":{"rendered":"http:\/\/www.hoymercedes.com.ar\/principal\/?p=109400"},"modified":"2020-04-14T12:30:15","modified_gmt":"2020-04-14T15:30:15","slug":"coronavirus-las-art-cubriran-los-casos-de-trabajadores-de-salud-y-actividades-exceptuadas","status":"publish","type":"post","link":"https:\/\/www.hoymercedes.com.ar\/principal\/2020\/04\/14\/coronavirus-las-art-cubriran-los-casos-de-trabajadores-de-salud-y-actividades-exceptuadas\/","title":{"rendered":"Coronavirus: las ART cubrir\u00e1n los casos de trabajadores de salud y actividades exceptuadas"},"content":{"rendered":"\n<p><em><strong>Lo determin\u00f3 el presidente de la Naci\u00f3n, Alberto Fern\u00e1ndez, en acuerdo general de ministros, mediante el Decreto N\u00b0 367\/20.<\/strong> <\/em><\/p>\n\n\n\n<p>Las Aseguradoras de Riesgos del Trabajo (ART) dar\u00e1n cobertura a los trabajadores que contraigan el COVID-19, en aquellos casos en que las personas se encuentren desempe\u00f1ando actividades y servicios declarados como esenciales, en el marco excepcional de la emergencia sanitaria.<\/p>\n\n\n\n<p>Los trabajadores que se contagien la patolog\u00eda producida por el coronavirus en el \u00e1mbito laboral deber\u00e1n efectuar la denuncia a la ART acompa\u00f1ada de un certificado m\u00e9dico que acredite haber contra\u00eddo la enfermedad, la cual ser\u00e1 considerada como enfermedad profesional no listada y se deber\u00e1n otorgar las prestaciones correspondientes.<\/p>\n\n\n\n<p>Asimismo se le confiere a la Superintendencia de Riesgos del Trabajo (SRT) la facultad de dictar las normas complementarias necesarias para la actuaci\u00f3n en el \u00e1mbito de la Comisi\u00f3n M\u00e9dica Central (CMC), ya que en caso de una discrepancia con la ART, ser\u00e1 dicha entidad la encargada de determinar el car\u00e1cter definitivo profesional de la patolog\u00eda.<\/p>\n\n\n\n<p>En el caso de los trabajadores de la salud se considerar\u00e1 que la enfermedad producida por el COVID-19, guarda relaci\u00f3n causal directa con el agente de riesgo, a excepci\u00f3n de que se demuestre que no haya existido tal exposici\u00f3n al coronavirus.<\/p>\n\n\n\n<p>Cabe se\u00f1alar que aquellos trabajadores que hayan contra\u00eddo la enfermedad desde el 19 de marzo, tendr\u00e1n la cobertura de su aseguradora debido a que la norma establece que se considerar\u00e1 como fecha de primera manifestaci\u00f3n invalidante a los casos que se hayan producido desde la entrada en vigencia del&nbsp;<a href=\"https:\/\/www.argentina.gob.ar\/noticias\/coronavirus-las-art-cubriran-los-casos-de-trabajadores-de-salud-y-actividades-exceptuadas\" target=\"_blank\" rel=\"noopener\">Decreto N\u00b0 297\/20<\/a>.<\/p>\n\n\n\n<p>En relaci\u00f3n al financiamiento de las prestaciones que deben brindar las ART, las mismas ser\u00e1n cubiertas en un 100% por el Fondo fiduciario de enfermedades profesionales, hasta despu\u00e9s de 60 d\u00edas de finalizado el aislamiento social, preventivo y obligatorio<br><\/p>\n","protected":false},"excerpt":{"rendered":"<p>Lo determin\u00f3 el presidente de la Naci\u00f3n, Alberto Fern\u00e1ndez, en acuerdo general de ministros, mediante el Decreto N\u00b0 367\/20. Las &#8230; <a title=\"Coronavirus: las ART cubrir\u00e1n los casos de trabajadores de salud y actividades exceptuadas\" class=\"read-more\" href=\"https:\/\/www.hoymercedes.com.ar\/principal\/2020\/04\/14\/coronavirus-las-art-cubriran-los-casos-de-trabajadores-de-salud-y-actividades-exceptuadas\/\" aria-label=\"Leer m\u00e1s sobre Coronavirus: las ART cubrir\u00e1n los casos de trabajadores de salud y actividades exceptuadas\">Leer m\u00e1s<\/a><\/p>\n","protected":false},"author":1,"featured_media":109405,"comment_status":"closed","ping_status":"open","sticky":false,"template":"","format":"standard","meta":{"_monsterinsights_skip_tracking":false,"_monsterinsights_sitenote_active":false,"_monsterinsights_sitenote_note":"","_monsterinsights_sitenote_category":0,"jetpack_post_was_ever_published":false,"_jetpack_newsletter_access":"","_jetpack_dont_email_post_to_subs":false,"_jetpack_newsletter_tier_id":0,"_jetpack_memberships_contains_paywalled_content":false,"_jetpack_memberships_contains_paid_content":false,"footnotes":"","jetpack_publicize_message":"","jetpack_publicize_feature_enabled":true,"jetpack_social_post_already_shared":true,"jetpack_social_options":{"image_generator_settings":{"template":"highway","default_image_id":0,"font":"","enabled":false},"version":2},"_wpas_customize_per_network":false},"categories":[9791],"tags":[10691,16488,16313,16489,134],"class_list":["post-109400","post","type-post","status-publish","format-standard","has-post-thumbnail","hentry","category-salud","tag-art","tag-coronvirus","tag-covid-19","tag-personal-de-riesgo","tag-salud","generate-columns","tablet-grid-50","mobile-grid-100","grid-parent","grid-50"],"jetpack_publicize_connections":[],"jetpack_featured_media_url":"https:\/\/www.hoymercedes.com.ar\/principal\/wp-content\/uploads\/2020\/04\/14-arte-covid.jpg","wps_subtitle":"Anuncio nacional","jetpack_sharing_enabled":true,"_links":{"self":[{"href":"https:\/\/www.hoymercedes.com.ar\/principal\/wp-json\/wp\/v2\/posts\/109400","targetHints":{"allow":["GET"]}}],"collection":[{"href":"https:\/\/www.hoymercedes.com.ar\/principal\/wp-json\/wp\/v2\/posts"}],"about":[{"href":"https:\/\/www.hoymercedes.com.ar\/principal\/wp-json\/wp\/v2\/types\/post"}],"author":[{"embeddable":true,"href":"https:\/\/www.hoymercedes.com.ar\/principal\/wp-json\/wp\/v2\/users\/1"}],"replies":[{"embeddable":true,"href":"https:\/\/www.hoymercedes.com.ar\/principal\/wp-json\/wp\/v2\/comments?post=109400"}],"version-history":[{"count":0,"href":"https:\/\/www.hoymercedes.com.ar\/principal\/wp-json\/wp\/v2\/posts\/109400\/revisions"}],"wp:featuredmedia":[{"embeddable":true,"href":"https:\/\/www.hoymercedes.com.ar\/principal\/wp-json\/wp\/v2\/media\/109405"}],"wp:attachment":[{"href":"https:\/\/www.hoymercedes.com.ar\/principal\/wp-json\/wp\/v2\/media?parent=109400"}],"wp:term":[{"taxonomy":"category","embeddable":true,"href":"https:\/\/www.hoymercedes.com.ar\/principal\/wp-json\/wp\/v2\/categories?post=109400"},{"taxonomy":"post_tag","embeddable":true,"href":"https:\/\/www.hoymercedes.com.ar\/principal\/wp-json\/wp\/v2\/tags?post=109400"}],"curies":[{"name":"wp","href":"https:\/\/api.w.org\/{rel}","templated":true}]}}