{"id":10941,"date":"2012-02-15T12:28:02","date_gmt":"2012-02-15T12:28:02","guid":{"rendered":"http:\/\/www.hoymercedes.com.ar\/principal\/?p=10941"},"modified":"2012-02-15T12:28:02","modified_gmt":"2012-02-15T12:28:02","slug":"el-municipio-comprara-una-ambulancia-para-el-hospital","status":"publish","type":"post","link":"https:\/\/www.hoymercedes.com.ar\/principal\/2012\/02\/15\/el-municipio-comprara-una-ambulancia-para-el-hospital\/","title":{"rendered":"El municipio comprar\u00e1 una ambulancia para el hospital"},"content":{"rendered":"<figure id=\"attachment_10943\" aria-describedby=\"caption-attachment-10943\" style=\"width: 290px\" class=\"wp-caption alignleft\"><a href=\"https:\/\/www.hoymercedes.com.ar\/principal\/wp-content\/uploads\/2012\/02\/Rodolfo-Principi-2012.jpg\"><img loading=\"lazy\" decoding=\"async\" data-attachment-id=\"10943\" data-permalink=\"https:\/\/www.hoymercedes.com.ar\/principal\/2012\/02\/15\/el-municipio-comprara-una-ambulancia-para-el-hospital\/rodolfo-principi-2012\/#main\" data-orig-file=\"https:\/\/www.hoymercedes.com.ar\/principal\/wp-content\/uploads\/2012\/02\/Rodolfo-Principi-2012.jpg\" data-orig-size=\"300,282\" data-comments-opened=\"1\" data-image-meta=\"{&quot;aperture&quot;:&quot;2.8&quot;,&quot;credit&quot;:&quot;&quot;,&quot;camera&quot;:&quot;COOLPIX L10&quot;,&quot;caption&quot;:&quot;&quot;,&quot;created_timestamp&quot;:&quot;1329032952&quot;,&quot;copyright&quot;:&quot;Copyright 2006&quot;,&quot;focal_length&quot;:&quot;6.2&quot;,&quot;iso&quot;:&quot;64&quot;,&quot;shutter_speed&quot;:&quot;0.021645021645022&quot;,&quot;title&quot;:&quot;&quot;}\" data-image-title=\"Rodolfo-Principi-2012\" data-image-description=\"&lt;p&gt;Rodolfo Pr\u00edncipi, director del Hospital&lt;\/p&gt;\n\" data-image-caption=\"&lt;p&gt;Rodolfo Pr\u00edncipi, director del Hospital&lt;\/p&gt;\n\" data-large-file=\"https:\/\/www.hoymercedes.com.ar\/principal\/wp-content\/uploads\/2012\/02\/Rodolfo-Principi-2012.jpg\" class=\"size-full wp-image-10943\" title=\"Rodolfo-Principi-2012\" src=\"https:\/\/www.hoymercedes.com.ar\/principal\/wp-content\/uploads\/2012\/02\/Rodolfo-Principi-2012.jpg\" alt=\"Rodolfo Pr\u00edncipi, director del Hospital\" width=\"300\" height=\"282\" \/><\/a><figcaption id=\"caption-attachment-10943\" class=\"wp-caption-text\">Rodolfo Pr\u00edncipi, director del Hospital<\/figcaption><\/figure>\n<p>Lo comunic\u00f3 el Director del Hospital, Rodolfo Principi, qui\u00e9n tambi\u00e9n se refiri\u00f3 a los problemas que se generan a diario debido a los constantes accidentes de tr\u00e1nsito que se registran<\/p>\n<p>El director del Hospital Blas L Dubarry, Dr Rodolfo Principi, anticipo ayer que desde el Departamento Ejecutivo ya se hab\u00eda confeccionado un llamado a licitaci\u00f3n para la adquisici\u00f3n de una nueva ambulancia que se afectar\u00eda a trabajos para el Hospital<\/p>\n<p>El funcionario manifest\u00f3<em> \u201cen estos momentos contamos con una sola ambulancia para poder prestar el servicio de emergencia dentro del partido de Mercedes pero cuando tenemos que utilizar la misma debido a una derivaci\u00f3n de un paciente a otro centro asistencial de mayor complejidad no quedamos sin la misma y todos se nos complica porque incluso hay una segunda unidad dentro de nuestro hospital pero la misma se rompe con una frecuencia muy seguida.<\/em><\/p>\n<p><em>Pero afortunadamente ese problema comenzar\u00e1 a solucionarse ya que desde el municipio s e ha logrado finalizar con todo lo necesario para el llamado a licitaci\u00f3n para la adquisici\u00f3n de una unidad cero kil\u00f3metro la cual estar\u00e1 en disponibilidad y a disposici\u00f3n de nuestro hospital estructurando de mejor manera lo que bien podr\u00eda ser un servicio de emergencia, o pseudo emergencia dentro del casco c\u00e9ntrico y de las localidades de afuera, lugares alejados como por ejemplo, Gowland, Goldney, etc., solo por citar algunos, que dependen de nuestro hospital en caso de necesitar una ambulancia, entonces hay una unidad que hace varios meses que se encuentra en a ciudad de La Plata a la espera de ser reparada as\u00ed que en cuanto ello ocurra la podr\u00edamos tener afectada a atender dichas necesidades<\/em><\/p>\n<p><em>Reitero que pretendemos contar con una estructura mucho m\u00e1s efectiva para todos aquellos casos de accidentes en la v\u00eda publica pero aun tenemos que aguardar\u201d<\/em><\/p>\n<p>Con relaci\u00f3n al notable incremento que se ha dado a lo largo de lo que va del a\u00f1o en materia de accidentes de tr\u00e1nsito en las calles y avenidas del partido, Principi precis\u00f3 <em>\u201clamentablemente vamos notando un fuerte incremento en accidentados con signos de haber estado bebiendo alcohol y eso, ya es muy sabido, aumenta la posibilidad que se produzca alg\u00fan tipo de accidente sobre todo los viernes, s\u00e1bados y domingos, ya se a de d\u00eda como de noche.<\/em><\/p>\n<p><em>Lamentablemente tendr\u00eda que decir que en determinados sectores de la comunidad mercedina se nota una significativa recuperaci\u00f3n econ\u00f3mica por lo cual ahora a poder contar con un dinero extra le es m\u00e1s f\u00e1cil llegar a una bebida alcoh\u00f3lica y este proceso est\u00e1 de a poco llevado a que la ciudad de Mercedes tenga una tasa de accidentolog\u00eda vial muy alta, algo que por ciento deber\u00eda realmente preocuparnos a todos ya que muchos de esos casos se trata de hechos con un alto reisgo de muertes\u201d.<\/em><\/p>\n","protected":false},"excerpt":{"rendered":"<p>Lo comunic\u00f3 el Director del Hospital, Rodolfo Principi, qui\u00e9n tambi\u00e9n se refiri\u00f3 a los problemas que se generan a diario &#8230; <a title=\"El municipio comprar\u00e1 una ambulancia para el hospital\" class=\"read-more\" href=\"https:\/\/www.hoymercedes.com.ar\/principal\/2012\/02\/15\/el-municipio-comprara-una-ambulancia-para-el-hospital\/\" aria-label=\"Leer m\u00e1s sobre El municipio comprar\u00e1 una ambulancia para el hospital\">Leer m\u00e1s<\/a><\/p>\n","protected":false},"author":1,"featured_media":0,"comment_status":"open","ping_status":"open","sticky":false,"template":"","format":"standard","meta":{"_monsterinsights_skip_tracking":false,"_monsterinsights_sitenote_active":false,"_monsterinsights_sitenote_note":"","_monsterinsights_sitenote_category":0,"jetpack_post_was_ever_published":false,"_jetpack_newsletter_access":"","_jetpack_dont_email_post_to_subs":false,"_jetpack_newsletter_tier_id":0,"_jetpack_memberships_contains_paywalled_content":false,"_jetpack_memberships_contains_paid_content":false,"footnotes":"","jetpack_publicize_message":"","jetpack_publicize_feature_enabled":true,"jetpack_social_post_already_shared":false,"jetpack_social_options":{"image_generator_settings":{"template":"highway","default_image_id":0,"font":"","enabled":false},"version":2},"_wpas_customize_per_network":false},"categories":[8],"tags":[532,1871],"class_list":["post-10941","post","type-post","status-publish","format-standard","hentry","category-sociedad","tag-fito-principi","tag-rodolfo-principi","generate-columns","tablet-grid-50","mobile-grid-100","grid-parent","grid-50"],"jetpack_publicize_connections":[],"jetpack_featured_media_url":"","wps_subtitle":"","jetpack_sharing_enabled":true,"_links":{"self":[{"href":"https:\/\/www.hoymercedes.com.ar\/principal\/wp-json\/wp\/v2\/posts\/10941","targetHints":{"allow":["GET"]}}],"collection":[{"href":"https:\/\/www.hoymercedes.com.ar\/principal\/wp-json\/wp\/v2\/posts"}],"about":[{"href":"https:\/\/www.hoymercedes.com.ar\/principal\/wp-json\/wp\/v2\/types\/post"}],"author":[{"embeddable":true,"href":"https:\/\/www.hoymercedes.com.ar\/principal\/wp-json\/wp\/v2\/users\/1"}],"replies":[{"embeddable":true,"href":"https:\/\/www.hoymercedes.com.ar\/principal\/wp-json\/wp\/v2\/comments?post=10941"}],"version-history":[{"count":0,"href":"https:\/\/www.hoymercedes.com.ar\/principal\/wp-json\/wp\/v2\/posts\/10941\/revisions"}],"wp:attachment":[{"href":"https:\/\/www.hoymercedes.com.ar\/principal\/wp-json\/wp\/v2\/media?parent=10941"}],"wp:term":[{"taxonomy":"category","embeddable":true,"href":"https:\/\/www.hoymercedes.com.ar\/principal\/wp-json\/wp\/v2\/categories?post=10941"},{"taxonomy":"post_tag","embeddable":true,"href":"https:\/\/www.hoymercedes.com.ar\/principal\/wp-json\/wp\/v2\/tags?post=10941"}],"curies":[{"name":"wp","href":"https:\/\/api.w.org\/{rel}","templated":true}]}}