{"id":109411,"date":"2020-04-14T13:23:10","date_gmt":"2020-04-14T16:23:10","guid":{"rendered":"http:\/\/www.hoymercedes.com.ar\/principal\/?p=109411"},"modified":"2020-04-14T13:23:14","modified_gmt":"2020-04-14T16:23:14","slug":"coronavirus-dio-negativo-el-primer-caso-sospechoso-en-la-clinica-e-ingreso-uno-nuevo","status":"publish","type":"post","link":"https:\/\/www.hoymercedes.com.ar\/principal\/2020\/04\/14\/coronavirus-dio-negativo-el-primer-caso-sospechoso-en-la-clinica-e-ingreso-uno-nuevo\/","title":{"rendered":"Coronavirus: dio negativo el primer caso sospechoso en la Cl\u00ednica e ingres\u00f3 uno nuevo"},"content":{"rendered":"\n<p>En un nuevo informe oficial enviado a los medios de comunicaci\u00f3n de la ciudad, la Cl\u00ednica Nueva Cruz Azul confirm\u00f3 la llegada del resultado del primer caso, internado desde el 3 de abril, y confirm\u00f3 el ingreso de un nuevo caso, el quinto. \u00abEn el d\u00eda de la fecha recibimos tard\u00edamente el resultado negativo. Se procede al alta\u00bb, explicitan en el informe sobre el primer caso ingresado. Adem\u00e1s confirman que el 13 de abril, ingres\u00f3 al centro de salud una mujer de 28 a\u00f1os con s\u00edntomas compatible con covid-19, a quien se le diagnostica neumon\u00eda, y por lo tanto se hizo el hisopado correspondiente al considerarlo un nuevo caso sospechoso. <\/p>\n\n\n\n<p>En el informe de la Cl\u00ednica Nueva Cruz Azul expresan: <\/p>\n\n\n\n<p>Caso 1. Sexo: Masculino. Edad: 37 a\u00f1os . Fecha de Ingreso: 03\/04\/2020. Paciente ingresa desde la guardia como caso sospehoso por IRAB + fiebre, niega contactos con casos confirmados y no viaje al exterior. Se activa el protocolo de aislamiento de contacto, transmisi\u00f3n por aerosolizaci\u00f3n y medidas de protecci\u00f3n personal. Internado en la zona denominada \u201csucia\u201d destinada a pacientes con sospecha de Covid cumpliendo con todas las normas establecidas por el Ministerio de Salud, se encuentra estable y sin requerimiento de oxigeno, en buen estado general. Se realiza toma de muestra hisopado nasofar\u00edngeo y orofar\u00edngeo el d\u00eda 04\/04\/2020. <strong>En el d\u00eda de la fecha (14 de abril) recibimos tard\u00edamente el resultado negativo. Se procede al alta.<\/strong><\/p>\n\n\n\n<p>Sobre el quinto caso ingresado como sospechoso explicitan: Es una mujer de 28 a\u00f1os que ingres\u00f3 a la Cl\u00ednica Nueva Cruz Azul el 13 de abril \u00abcon s\u00edntomas de tos, dolor de garganta, febril\u00bb. \u00abAl momento de su ingreso se realiza Tac y Rx de torax. Diagnostico: Neumon\u00eda. Por su sintomatolog\u00eda se decide internaci\u00f3n a la zona de aislamiento cumpliendo con las normas establecidas por el Ministerio de Salud, para la seguridad del paciente y del personal a cargo. Se solicita hisopado para PCR para COVID-19. Se env\u00eda muestra el d\u00eda 14\/04\/20 al Hospital Rossi. En el d\u00eda de la fecha no requiere oxigenoterapia. Buen estado general, afebril,\u00a0 estable\u00bb.<\/p>\n\n\n\n<p>Sobre los otros tres casos, la Cl\u00ednica a\u00fan espera los resultados de los hisopados realizados la momento de su ingreso en el centro de salud. El \u00abcaso 2\u00bb &#8211; un hombre de 74 a\u00f1os &#8211; se encuentra \u00abafebril, sin requerir oxigenoterapia. A la espera\u00a0 de resultados \u00a0de hisopado para PCR y de cultivos que realizamos en nuestra Instituci\u00f3n para descartar otras posibilidades\u00bb. <\/p>\n\n\n\n<p>En tanto, el \u00abcaso  3\u00bb &#8211; un hombre de 67 a\u00f1os  &#8211; \u00abse encuentra a la fecha con igual concentraci\u00f3n de oxigeno que en el d\u00eda de ayer, su estado no ha empeorado, satura adecuadamente con la cantidad indicada. Hizo un registro febril. Se repite placa de t\u00f3rax\u00bb. y el \u00abcaso 4\u00bb &#8211; un hombre de 30 a\u00f1os &#8211; \u00aben el d\u00eda de la fecha muy buen estado general. Afebril. No requiere ox\u00edgeno. Hemodinamicamente estable. A la espera de resultados\u00bb.<\/p>\n","protected":false},"excerpt":{"rendered":"<p>En un nuevo informe oficial enviado a los medios de comunicaci\u00f3n de la ciudad, la Cl\u00ednica Nueva Cruz Azul confirm\u00f3 &#8230; <a title=\"Coronavirus: dio negativo el primer caso sospechoso en la Cl\u00ednica e ingres\u00f3 uno nuevo\" class=\"read-more\" href=\"https:\/\/www.hoymercedes.com.ar\/principal\/2020\/04\/14\/coronavirus-dio-negativo-el-primer-caso-sospechoso-en-la-clinica-e-ingreso-uno-nuevo\/\" aria-label=\"Leer m\u00e1s sobre Coronavirus: dio negativo el primer caso sospechoso en la Cl\u00ednica e ingres\u00f3 uno nuevo\">Leer m\u00e1s<\/a><\/p>\n","protected":false},"author":1,"featured_media":108997,"comment_status":"closed","ping_status":"open","sticky":false,"template":"","format":"standard","meta":{"_monsterinsights_skip_tracking":false,"_monsterinsights_sitenote_active":false,"_monsterinsights_sitenote_note":"","_monsterinsights_sitenote_category":0,"jetpack_post_was_ever_published":false,"_jetpack_newsletter_access":"","_jetpack_dont_email_post_to_subs":false,"_jetpack_newsletter_tier_id":0,"_jetpack_memberships_contains_paywalled_content":false,"_jetpack_memberships_contains_paid_content":false,"footnotes":"","jetpack_publicize_message":"","jetpack_publicize_feature_enabled":true,"jetpack_social_post_already_shared":true,"jetpack_social_options":{"image_generator_settings":{"template":"highway","default_image_id":0,"font":"","enabled":false},"version":2},"_wpas_customize_per_network":false},"categories":[9791],"tags":[16448,16175,16313],"class_list":["post-109411","post","type-post","status-publish","format-standard","has-post-thumbnail","hentry","category-salud","tag-clinica-nueva-cruz-azul","tag-coronavirus","tag-covid-19","generate-columns","tablet-grid-50","mobile-grid-100","grid-parent","grid-50"],"jetpack_publicize_connections":[],"jetpack_featured_media_url":"https:\/\/www.hoymercedes.com.ar\/principal\/wp-content\/uploads\/2020\/04\/IMG-20200404-WA0069_copy_800x558.jpg","wps_subtitle":"Informe de la Cl\u00ednica Nueva Cruz Azul","jetpack_sharing_enabled":true,"_links":{"self":[{"href":"https:\/\/www.hoymercedes.com.ar\/principal\/wp-json\/wp\/v2\/posts\/109411","targetHints":{"allow":["GET"]}}],"collection":[{"href":"https:\/\/www.hoymercedes.com.ar\/principal\/wp-json\/wp\/v2\/posts"}],"about":[{"href":"https:\/\/www.hoymercedes.com.ar\/principal\/wp-json\/wp\/v2\/types\/post"}],"author":[{"embeddable":true,"href":"https:\/\/www.hoymercedes.com.ar\/principal\/wp-json\/wp\/v2\/users\/1"}],"replies":[{"embeddable":true,"href":"https:\/\/www.hoymercedes.com.ar\/principal\/wp-json\/wp\/v2\/comments?post=109411"}],"version-history":[{"count":0,"href":"https:\/\/www.hoymercedes.com.ar\/principal\/wp-json\/wp\/v2\/posts\/109411\/revisions"}],"wp:featuredmedia":[{"embeddable":true,"href":"https:\/\/www.hoymercedes.com.ar\/principal\/wp-json\/wp\/v2\/media\/108997"}],"wp:attachment":[{"href":"https:\/\/www.hoymercedes.com.ar\/principal\/wp-json\/wp\/v2\/media?parent=109411"}],"wp:term":[{"taxonomy":"category","embeddable":true,"href":"https:\/\/www.hoymercedes.com.ar\/principal\/wp-json\/wp\/v2\/categories?post=109411"},{"taxonomy":"post_tag","embeddable":true,"href":"https:\/\/www.hoymercedes.com.ar\/principal\/wp-json\/wp\/v2\/tags?post=109411"}],"curies":[{"name":"wp","href":"https:\/\/api.w.org\/{rel}","templated":true}]}}