{"id":109415,"date":"2020-04-14T15:55:00","date_gmt":"2020-04-14T18:55:00","guid":{"rendered":"http:\/\/www.hoymercedes.com.ar\/principal\/?p=109415"},"modified":"2020-04-14T17:29:59","modified_gmt":"2020-04-14T20:29:59","slug":"coronavirus-ingreso-nuevo-caso-sospechoso-en-el-hospital","status":"publish","type":"post","link":"https:\/\/www.hoymercedes.com.ar\/principal\/2020\/04\/14\/coronavirus-ingreso-nuevo-caso-sospechoso-en-el-hospital\/","title":{"rendered":"Coronavirus: ingres\u00f3 nuevo caso sospechoso en el Hospital"},"content":{"rendered":"\n<p>A trav\u00e9s de su perfil en la redes sociales, el Hospital Blas L. Dubarry inform\u00f3 que este martes 14 de abril ingres\u00f3 \u00abun paciente masculino de 50 a\u00f1os como caso sospechoso de COVID-19\u00bb. <\/p>\n\n\n\n<p>\u00abEl paciente ingresa a protocolo por presentar una neumon\u00eda at\u00edpica, sin antecedentes de viaje fuera de la ciudad\u00bb, agregan en la comunicaci\u00f3n p\u00fablica a la comunidad.<\/p>\n\n\n\n<p>\u00abSe informa asimismo que ha cambiado la definici\u00f3n de caso sospechoso por partes de las autoridades provinciales, por lo que se espera mayor cantidad de casos sospechosos en los pr\u00f3ximos d\u00edas, los cuales ser\u00e1n confirmados o descartados por pruebas de laboratorio. Recordamos a la poblaci\u00f3n que la \u00fanica medida eficaz es el distanciamiento social\u00bb resaltan desde el Hospital Blas L. Dubarry. <\/p>\n\n\n\n<p>Cabe destacar que en Mercedes desde que se conoci\u00f3 el primer caso de Covid-19 el 1 de marzo, s\u00f3lo un paciente tuvo como diagn\u00f3stico confirmado. Se trata del joven ingl\u00e9s de 20 a\u00f1os que tras su aislamiento en el Dubarry fue dado de alta los primeros d\u00edas del corriente mes y ya habr\u00eda vuelto a su pa\u00eds. <\/p>\n\n\n\n<p>En tanto, los otros tres pacientes que ingresaron en marzo como sospechosos en el hospital obtuvieron resultado negativo al SARS-Cov2. Al igual que al primer caso sospechoso de la <a href=\"https:\/\/www.hoymercedes.com.ar\/principal\/2020\/04\/14\/coronavirus-dio-negativo-el-primer-caso-sospechoso-en-la-clinica-e-ingreso-uno-nuevo\/\" target=\"_blank\" rel=\"noreferrer noopener\" aria-label=\"Cl\u00ednica comunicado en el d\u00eda de hoy (se abre en una nueva pesta\u00f1a)\">Cl\u00ednica comunicado en el d\u00eda de hoy<\/a>. No obstante, hoy, martes 14 de abril, se encuentran cinco personas aisladas consideradas como \u00abcasos sospechosos\u00bb de Covid-19. Cuatro de ellos en la Cl\u00ednica Nueva Cruz Azul y uno nuevo en el Hospital Dubarry. <\/p>\n\n\n\n<div class=\"wp-block-image\"><figure class=\"aligncenter size-large\"><img loading=\"lazy\" decoding=\"async\" width=\"600\" height=\"797\" data-attachment-id=\"109420\" data-permalink=\"https:\/\/www.hoymercedes.com.ar\/principal\/2020\/04\/14\/coronavirus-ingreso-nuevo-caso-sospechoso-en-el-hospital\/14-info-hospital-caso-sospechoso\/#main\" data-orig-file=\"https:\/\/www.hoymercedes.com.ar\/principal\/wp-content\/uploads\/2020\/04\/14-info-hospital-caso-sospechoso.png\" data-orig-size=\"600,797\" data-comments-opened=\"0\" data-image-meta=\"{&quot;aperture&quot;:&quot;0&quot;,&quot;credit&quot;:&quot;&quot;,&quot;camera&quot;:&quot;&quot;,&quot;caption&quot;:&quot;&quot;,&quot;created_timestamp&quot;:&quot;0&quot;,&quot;copyright&quot;:&quot;&quot;,&quot;focal_length&quot;:&quot;0&quot;,&quot;iso&quot;:&quot;0&quot;,&quot;shutter_speed&quot;:&quot;0&quot;,&quot;title&quot;:&quot;&quot;,&quot;orientation&quot;:&quot;0&quot;}\" data-image-title=\"14-info-hospital-caso-sospechoso\" data-image-description=\"\" data-image-caption=\"\" data-large-file=\"https:\/\/www.hoymercedes.com.ar\/principal\/wp-content\/uploads\/2020\/04\/14-info-hospital-caso-sospechoso.png\" src=\"https:\/\/www.hoymercedes.com.ar\/principal\/wp-content\/uploads\/2020\/04\/14-info-hospital-caso-sospechoso.png\" alt=\"\" class=\"wp-image-109420\"\/><\/figure><\/div>\n","protected":false},"excerpt":{"rendered":"<p>A trav\u00e9s de su perfil en la redes sociales, el Hospital Blas L. Dubarry inform\u00f3 que este martes 14 de &#8230; <a title=\"Coronavirus: ingres\u00f3 nuevo caso sospechoso en el Hospital\" class=\"read-more\" href=\"https:\/\/www.hoymercedes.com.ar\/principal\/2020\/04\/14\/coronavirus-ingreso-nuevo-caso-sospechoso-en-el-hospital\/\" aria-label=\"Leer m\u00e1s sobre Coronavirus: ingres\u00f3 nuevo caso sospechoso en el Hospital\">Leer m\u00e1s<\/a><\/p>\n","protected":false},"author":1,"featured_media":91509,"comment_status":"closed","ping_status":"open","sticky":false,"template":"","format":"standard","meta":{"_monsterinsights_skip_tracking":false,"_monsterinsights_sitenote_active":false,"_monsterinsights_sitenote_note":"","_monsterinsights_sitenote_category":0,"jetpack_post_was_ever_published":false,"_jetpack_newsletter_access":"","_jetpack_dont_email_post_to_subs":false,"_jetpack_newsletter_tier_id":0,"_jetpack_memberships_contains_paywalled_content":false,"_jetpack_memberships_contains_paid_content":false,"footnotes":"","jetpack_publicize_message":"","jetpack_publicize_feature_enabled":true,"jetpack_social_post_already_shared":true,"jetpack_social_options":{"image_generator_settings":{"template":"highway","default_image_id":0,"font":"","enabled":false},"version":2},"_wpas_customize_per_network":false},"categories":[9791],"tags":[16175,16313,624,134],"class_list":["post-109415","post","type-post","status-publish","format-standard","has-post-thumbnail","hentry","category-salud","tag-coronavirus","tag-covid-19","tag-hospital-blas-l-dubarry","tag-salud","generate-columns","tablet-grid-50","mobile-grid-100","grid-parent","grid-50"],"jetpack_publicize_connections":[],"jetpack_featured_media_url":"https:\/\/www.hoymercedes.com.ar\/principal\/wp-content\/uploads\/2019\/04\/17-Hospital-Dubarry.jpg","wps_subtitle":"Informe oficial","jetpack_sharing_enabled":true,"_links":{"self":[{"href":"https:\/\/www.hoymercedes.com.ar\/principal\/wp-json\/wp\/v2\/posts\/109415","targetHints":{"allow":["GET"]}}],"collection":[{"href":"https:\/\/www.hoymercedes.com.ar\/principal\/wp-json\/wp\/v2\/posts"}],"about":[{"href":"https:\/\/www.hoymercedes.com.ar\/principal\/wp-json\/wp\/v2\/types\/post"}],"author":[{"embeddable":true,"href":"https:\/\/www.hoymercedes.com.ar\/principal\/wp-json\/wp\/v2\/users\/1"}],"replies":[{"embeddable":true,"href":"https:\/\/www.hoymercedes.com.ar\/principal\/wp-json\/wp\/v2\/comments?post=109415"}],"version-history":[{"count":0,"href":"https:\/\/www.hoymercedes.com.ar\/principal\/wp-json\/wp\/v2\/posts\/109415\/revisions"}],"wp:featuredmedia":[{"embeddable":true,"href":"https:\/\/www.hoymercedes.com.ar\/principal\/wp-json\/wp\/v2\/media\/91509"}],"wp:attachment":[{"href":"https:\/\/www.hoymercedes.com.ar\/principal\/wp-json\/wp\/v2\/media?parent=109415"}],"wp:term":[{"taxonomy":"category","embeddable":true,"href":"https:\/\/www.hoymercedes.com.ar\/principal\/wp-json\/wp\/v2\/categories?post=109415"},{"taxonomy":"post_tag","embeddable":true,"href":"https:\/\/www.hoymercedes.com.ar\/principal\/wp-json\/wp\/v2\/tags?post=109415"}],"curies":[{"name":"wp","href":"https:\/\/api.w.org\/{rel}","templated":true}]}}