{"id":109425,"date":"2020-04-14T17:29:00","date_gmt":"2020-04-14T20:29:00","guid":{"rendered":"http:\/\/www.hoymercedes.com.ar\/principal\/?p=109425"},"modified":"2020-04-14T17:31:00","modified_gmt":"2020-04-14T20:31:00","slug":"cierran-calles-con-monticulos-de-tierra","status":"publish","type":"post","link":"https:\/\/www.hoymercedes.com.ar\/principal\/2020\/04\/14\/cierran-calles-con-monticulos-de-tierra\/","title":{"rendered":"Cierran calles con mont\u00edculos de tierra"},"content":{"rendered":"\n<p>(Prensa Municipal)- La Secretar\u00eda de Seguridad junto a Servicios P\u00fablicos realiz\u00f3 el cierre de accesos a Mercedes, especialmente caminos alternativos que son utilizados s\u00f3lo por nuestros vecinos. Hubo incluso el caso de un ingreso cerrado en el cual los vecinos abrieron una calle lateral clandestina. Tambi\u00e9n fue clausurada y levantado un mont\u00edculo de tierra.<\/p>\n\n\n\n<div class=\"wp-block-image\"><figure class=\"aligncenter size-large\"><img loading=\"lazy\" decoding=\"async\" width=\"798\" height=\"532\" data-attachment-id=\"109426\" data-permalink=\"https:\/\/www.hoymercedes.com.ar\/principal\/2020\/04\/14\/cierran-calles-con-monticulos-de-tierra\/14-muni-tierra-1\/#main\" data-orig-file=\"https:\/\/www.hoymercedes.com.ar\/principal\/wp-content\/uploads\/2020\/04\/14-muni-tierra-1.jpg\" data-orig-size=\"798,532\" data-comments-opened=\"0\" data-image-meta=\"{&quot;aperture&quot;:&quot;0&quot;,&quot;credit&quot;:&quot;&quot;,&quot;camera&quot;:&quot;&quot;,&quot;caption&quot;:&quot;&quot;,&quot;created_timestamp&quot;:&quot;0&quot;,&quot;copyright&quot;:&quot;&quot;,&quot;focal_length&quot;:&quot;0&quot;,&quot;iso&quot;:&quot;0&quot;,&quot;shutter_speed&quot;:&quot;0&quot;,&quot;title&quot;:&quot;&quot;,&quot;orientation&quot;:&quot;0&quot;}\" data-image-title=\"14 muni tierra 1\" data-image-description=\"\" data-image-caption=\"\" data-large-file=\"https:\/\/www.hoymercedes.com.ar\/principal\/wp-content\/uploads\/2020\/04\/14-muni-tierra-1.jpg\" src=\"https:\/\/www.hoymercedes.com.ar\/principal\/wp-content\/uploads\/2020\/04\/14-muni-tierra-1.jpg\" alt=\"\" class=\"wp-image-109426\"\/><\/figure><\/div>\n\n\n\n<p>\u201cLamentablemente no siempre los vecinos y vecinas tienen el comportamiento debido\u201d afirm\u00f3 el secretario Gast\u00f3n Arenas y remarc\u00f3 que \u201cno nos gustan estas medidas, pero se han vuelto necesarias. El aislamiento social preventivo y obligatorio salva vidas. El que circula porque no tiene otra opci\u00f3n y est\u00e1 en el marco de las tareas habilitadas y de emergencia no necesita hacer estas volteretas\u201d destac\u00f3.<\/p>\n\n\n\n<p>Junto a camiones y retropalas se generaron directamente monta\u00f1as de tierra, cercenando directamente el paso. \u201cLas vallas son corridas, e incluso rotas\u201d afirm\u00f3 el funcionario, lamentando una vez m\u00e1s la falta de cuidados generales que podemos llegar a tener los ciudadanos.<\/p>\n\n\n\n<p>\u201cSe trata de salvar vida, no es algo menor, y es una pol\u00edtica de nuestro intendente que todas las \u00e1reas estamos desplegando con el objetivo de cuidar a los vecinos y vecinas\u201d coment\u00f3 Arenas y destac\u00f3 que \u201clas fuerzas de seguridad, los trabajadores municipales, est\u00e1n dando lo mejor de s\u00ed cada d\u00eda, con un gran esfuerzo. Ellos no pueden quedarse en casa, tienen que s\u00ed o s\u00ed salir a brindarnos servicios y protecci\u00f3n. Respetemos las normas socio sanitarias. Es fundamental. El coronavirus est\u00e1 ac\u00e1 cerca, en Luj\u00e1n sin ir m\u00e1s lejos, va a llegar a Mercedes, pero depende de nosotros cuidarnos\u201d destac\u00f3 el funcionario.<\/p>\n\n\n\n<div class=\"wp-block-image\"><figure class=\"aligncenter size-large\"><img loading=\"lazy\" decoding=\"async\" width=\"800\" height=\"533\" data-attachment-id=\"109427\" data-permalink=\"https:\/\/www.hoymercedes.com.ar\/principal\/2020\/04\/14\/cierran-calles-con-monticulos-de-tierra\/14-muni-tierra-2\/#main\" data-orig-file=\"https:\/\/www.hoymercedes.com.ar\/principal\/wp-content\/uploads\/2020\/04\/14-muni-tierra-2.jpg\" data-orig-size=\"800,533\" data-comments-opened=\"0\" data-image-meta=\"{&quot;aperture&quot;:&quot;0&quot;,&quot;credit&quot;:&quot;&quot;,&quot;camera&quot;:&quot;&quot;,&quot;caption&quot;:&quot;&quot;,&quot;created_timestamp&quot;:&quot;0&quot;,&quot;copyright&quot;:&quot;&quot;,&quot;focal_length&quot;:&quot;0&quot;,&quot;iso&quot;:&quot;0&quot;,&quot;shutter_speed&quot;:&quot;0&quot;,&quot;title&quot;:&quot;&quot;,&quot;orientation&quot;:&quot;0&quot;}\" data-image-title=\"14 muni tierra 2\" data-image-description=\"\" data-image-caption=\"\" data-large-file=\"https:\/\/www.hoymercedes.com.ar\/principal\/wp-content\/uploads\/2020\/04\/14-muni-tierra-2.jpg\" src=\"https:\/\/www.hoymercedes.com.ar\/principal\/wp-content\/uploads\/2020\/04\/14-muni-tierra-2.jpg\" alt=\"\" class=\"wp-image-109427\"\/><\/figure><\/div>\n","protected":false},"excerpt":{"rendered":"<p>(Prensa Municipal)- La Secretar\u00eda de Seguridad junto a Servicios P\u00fablicos realiz\u00f3 el cierre de accesos a Mercedes, especialmente caminos alternativos &#8230; <a title=\"Cierran calles con mont\u00edculos de tierra\" class=\"read-more\" href=\"https:\/\/www.hoymercedes.com.ar\/principal\/2020\/04\/14\/cierran-calles-con-monticulos-de-tierra\/\" aria-label=\"Leer m\u00e1s sobre Cierran calles con mont\u00edculos de tierra\">Leer m\u00e1s<\/a><\/p>\n","protected":false},"author":1,"featured_media":109427,"comment_status":"closed","ping_status":"open","sticky":false,"template":"","format":"standard","meta":{"_monsterinsights_skip_tracking":false,"_monsterinsights_sitenote_active":false,"_monsterinsights_sitenote_note":"","_monsterinsights_sitenote_category":0,"jetpack_post_was_ever_published":false,"_jetpack_newsletter_access":"","_jetpack_dont_email_post_to_subs":false,"_jetpack_newsletter_tier_id":0,"_jetpack_memberships_contains_paywalled_content":false,"_jetpack_memberships_contains_paid_content":false,"footnotes":"","jetpack_publicize_message":"","jetpack_publicize_feature_enabled":true,"jetpack_social_post_already_shared":true,"jetpack_social_options":{"image_generator_settings":{"template":"highway","default_image_id":0,"font":"","enabled":false},"version":2},"_wpas_customize_per_network":false},"categories":[30],"tags":[16471,16351,9698,244,8628],"class_list":["post-109425","post","type-post","status-publish","format-standard","has-post-thumbnail","hentry","category-municipio","tag-accesos-a-la-ciudad","tag-aislamiento-obligatorio","tag-cierre","tag-municipio-2","tag-servicios-publicos","generate-columns","tablet-grid-50","mobile-grid-100","grid-parent","grid-50"],"jetpack_publicize_connections":[],"jetpack_featured_media_url":"https:\/\/www.hoymercedes.com.ar\/principal\/wp-content\/uploads\/2020\/04\/14-muni-tierra-2.jpg","wps_subtitle":"Cierre de accesos alternativo","jetpack_sharing_enabled":true,"_links":{"self":[{"href":"https:\/\/www.hoymercedes.com.ar\/principal\/wp-json\/wp\/v2\/posts\/109425","targetHints":{"allow":["GET"]}}],"collection":[{"href":"https:\/\/www.hoymercedes.com.ar\/principal\/wp-json\/wp\/v2\/posts"}],"about":[{"href":"https:\/\/www.hoymercedes.com.ar\/principal\/wp-json\/wp\/v2\/types\/post"}],"author":[{"embeddable":true,"href":"https:\/\/www.hoymercedes.com.ar\/principal\/wp-json\/wp\/v2\/users\/1"}],"replies":[{"embeddable":true,"href":"https:\/\/www.hoymercedes.com.ar\/principal\/wp-json\/wp\/v2\/comments?post=109425"}],"version-history":[{"count":0,"href":"https:\/\/www.hoymercedes.com.ar\/principal\/wp-json\/wp\/v2\/posts\/109425\/revisions"}],"wp:featuredmedia":[{"embeddable":true,"href":"https:\/\/www.hoymercedes.com.ar\/principal\/wp-json\/wp\/v2\/media\/109427"}],"wp:attachment":[{"href":"https:\/\/www.hoymercedes.com.ar\/principal\/wp-json\/wp\/v2\/media?parent=109425"}],"wp:term":[{"taxonomy":"category","embeddable":true,"href":"https:\/\/www.hoymercedes.com.ar\/principal\/wp-json\/wp\/v2\/categories?post=109425"},{"taxonomy":"post_tag","embeddable":true,"href":"https:\/\/www.hoymercedes.com.ar\/principal\/wp-json\/wp\/v2\/tags?post=109425"}],"curies":[{"name":"wp","href":"https:\/\/api.w.org\/{rel}","templated":true}]}}