{"id":109452,"date":"2020-04-15T09:21:00","date_gmt":"2020-04-15T12:21:00","guid":{"rendered":"http:\/\/www.hoymercedes.com.ar\/principal\/?p=109452"},"modified":"2020-04-15T15:53:24","modified_gmt":"2020-04-15T18:53:24","slug":"la-epidemiologia-y-el-caso-del-coronavirus-en-argentina","status":"publish","type":"post","link":"https:\/\/www.hoymercedes.com.ar\/principal\/2020\/04\/15\/la-epidemiologia-y-el-caso-del-coronavirus-en-argentina\/","title":{"rendered":"La epidemiologia y el caso del Coronavirus en Argentina"},"content":{"rendered":"\n<p>Por Cristi\u00e1n Frers* \u2013  La\u00a0epidemiolog\u00eda, palabra derivada del griego\u00a0epi (sobre) demos (pueblo) y\u00a0logos\u00a0(estudio o tratado), es una disciplina cient\u00edfica en el \u00e1rea de la medicina que estudia la distribuci\u00f3n,\u00a0<a href=\"https:\/\/es.wikipedia.org\/wiki\/Frecuencia\" target=\"_blank\" rel=\"noopener\">frecuencia<\/a>\u00a0y factores determinantes de las\u00a0<a href=\"https:\/\/es.wikipedia.org\/wiki\/Enfermedad\" target=\"_blank\" rel=\"noopener\">enfermedades<\/a>\u00a0existentes en poblaciones humanas definidas, incluyendo el estudio de los determinantes que influyen en esos procesos y la aplicaci\u00f3n de este conocimiento para controlar los problemas de salud relevantes.<\/p>\n\n\n\n<p>Los dise\u00f1os epidemiol\u00f3gicos, tambi\u00e9n conocidos como\ndise\u00f1os observacionales, pueden ser anal\u00edticos (estudios de cohortes o\nlongitudinales, y estudios de casos y controles), cuando pretenden averiguar la\ncausa de una condici\u00f3n y tienen una cierta secuencia temporal, o descriptivos\n(estudios transversales y estudios ecol\u00f3gicos), cuando pretenden describir la\nsituaci\u00f3n de un factor de riesgo o condici\u00f3n. Tambi\u00e9n se considera dentro del\ncampo de la epidemiolog\u00eda los estudios experimentales en humanos (el ensayo\ncl\u00ednico) en los que se trata de controlar en el dise\u00f1o el mayor n\u00famero de variables,\ncomo har\u00edamos en el laboratorio.<\/p>\n\n\n\n<p>Los s\u00edntomas\nprincipales de esta enfermedad son fiebre, tos seca y problemas respiratorios.\nAunque algunas personas tambi\u00e9n pueden presentar dolores, congesti\u00f3n nasal,\ndolor de garganta o diarrea.&nbsp;<\/p>\n\n\n\n<p>Las\nestimaciones de la Organizaci\u00f3n Mundial de la Salud (OMS) apuntan a que el\nperiodo de incubaci\u00f3n var\u00eda entre 1 y 12 d\u00edas, aunque la media estimada es de 5\na 6.<\/p>\n\n\n\n<p>Estas\nestimaciones se ir\u00e1n ajustando a medida que se disponga de m\u00e1s datos. Sin\nembargo, la OMS recomienda que el seguimiento de contactos de casos confirmados\no aislados sea de 14 d\u00edas.<\/p>\n\n\n\n<p>El primer caso confirmado de la <a href=\"https:\/\/es.wikipedia.org\/wiki\/Pandemia_de_enfermedad_por_coronavirus_de_2019-2020\" target=\"_blank\" rel=\"noopener\">pandemia de enfermedad por coronavirus de 2019-2020<\/a> en <a href=\"https:\/\/es.wikipedia.org\/wiki\/Argentina\" target=\"_blank\" rel=\"noopener\">Argentina<\/a> se dio a conocer el 3 de marzo de 2020. Al 13 de abril de 2020, se confirmaron 2.277 casos de personas infectadas y 101 muertes en total.}<\/p>\n\n\n\n<p>La <a href=\"https:\/\/es.wikipedia.org\/wiki\/Cuarentena\" target=\"_blank\" rel=\"noopener\">cuarentena<\/a> por\nla pandemia de coronavirus en Argentina se declar\u00f3 a nivel nacional por\ndecisi\u00f3n del <a href=\"https:\/\/es.wikipedia.org\/wiki\/Gobierno_de_Argentina\" target=\"_blank\" rel=\"noopener\">Gobierno\nde la Rep\u00fablica Argentina<\/a> a elecci\u00f3n un\u00e1nime en una\nconferencia de prensa por el presidente <a href=\"https:\/\/es.wikipedia.org\/wiki\/Alberto_Fern%C3%A1ndez\" target=\"_blank\" rel=\"noopener\">Alberto\nFern\u00e1ndez<\/a> mediante un Decreto de Necesidad y Urgencia (<a href=\"https:\/\/es.wikipedia.org\/wiki\/Decreto_de_necesidad_y_urgencia\" target=\"_blank\" rel=\"noopener\">DNU<\/a>) el\n19 de marzo de 2020. <\/p>\n\n\n\n<p>Comenz\u00f3 a\nregir desde el 20 de marzo a las 00:00, hasta el 31 de marzo en un principio,<sup> <\/sup>luego extendida hasta el 13 de abril. El viernes 10 de abril el gobierno nacional comunic\u00f3\np\u00fablica y oficialmente la extensi\u00f3n de la cuarentena hasta el 26 de abril.<\/p>\n\n\n\n<p>Para cuando nos demos cuenta, ser\u00e1 irremediablemente tarde. Las inesperadas\ncat\u00e1strofes que nos parecen inexplicables son la consecuencia de desequilibrios\nque nosotros mismos causamos, aunque no nos resulta evidente. Los efectos\nacumulativos sobre el ambiente de nuestra actividad industrial y nuestro modo\nde vida terminan por convertir ese cambio cuantitativo en un cambio\ncualitativo.<\/p>\n\n\n\n<p>Es precisamente la gradualidad de ese proceso lo que resulta enga\u00f1oso,\ndesconcertante para nuestro sentido com\u00fan. Pero alcanzado un punto cr\u00edtico que\ntodo nuestro saber acumulado es incapaz de predecir, esos cambios en la\ntemperatura de la atm\u00f3sfera o de los mares que nos parecen peque\u00f1os,\ninsignificantes, terminan por producir efectos gigantescos, abrumadores.<\/p>\n\n\n\n<p>El Coronavirusresulta de una \u00fanica mutaci\u00f3n microsc\u00f3pica en alg\u00fan lugar\nde China, pero la escala de su efecto en un mundo superpoblado produce cientos\nde miles de enfermos, tal vez millones, una pandemiade escala incontrolable, una cat\u00e1strofe\nque nos resulta inexplicable. Aunque no podemos vincular directamente los\ncambios demogr\u00e1ficos, las emisiones de gases de efecto invernadero, o el uso\nextensivo de desenmascarar la sensaci\u00f3n de seguridad de nuestra civilizaci\u00f3n.<\/p>\n\n\n\n<p>No es para coincidir con una forma de gobierno con la cual muchos\nargentinos no coinciden. Es solo para expresar que por lo menos en este tema se\nest\u00e1n haciendo las cosas como corresponden epidemiol\u00f3gicamente hablando. De\notra manera, seguramente estar\u00edamos mucho peor y, adem\u00e1s no debemos olvidarnos\nque la NATURALEZA pasa factura&#8230; SIEMPRE pasa factura.<\/p>\n\n\n\n<p>*Cristi\u00e1n Frers \u2013 T\u00e9cnico Superior en Gesti\u00f3n Ambiental y T\u00e9cnico Superior en Comunicaci\u00f3n Social (Periodista).<\/p>\n\n\n\n<p><\/p>\n","protected":false},"excerpt":{"rendered":"<p>Por Cristi\u00e1n Frers* \u2013 La\u00a0epidemiolog\u00eda, palabra derivada del griego\u00a0epi (sobre) demos (pueblo) y\u00a0logos\u00a0(estudio o tratado), es una disciplina cient\u00edfica en &#8230; <a title=\"La epidemiologia y el caso del Coronavirus en Argentina\" class=\"read-more\" href=\"https:\/\/www.hoymercedes.com.ar\/principal\/2020\/04\/15\/la-epidemiologia-y-el-caso-del-coronavirus-en-argentina\/\" aria-label=\"Leer m\u00e1s sobre La epidemiologia y el caso del Coronavirus en Argentina\">Leer m\u00e1s<\/a><\/p>\n","protected":false},"author":1,"featured_media":109454,"comment_status":"closed","ping_status":"open","sticky":false,"template":"","format":"standard","meta":{"_monsterinsights_skip_tracking":false,"_monsterinsights_sitenote_active":false,"_monsterinsights_sitenote_note":"","_monsterinsights_sitenote_category":0,"jetpack_post_was_ever_published":false,"_jetpack_newsletter_access":"","_jetpack_dont_email_post_to_subs":false,"_jetpack_newsletter_tier_id":0,"_jetpack_memberships_contains_paywalled_content":false,"_jetpack_memberships_contains_paid_content":false,"footnotes":"","jetpack_publicize_message":"","jetpack_publicize_feature_enabled":true,"jetpack_social_post_already_shared":true,"jetpack_social_options":{"image_generator_settings":{"template":"highway","default_image_id":0,"font":"","enabled":false},"version":2},"_wpas_customize_per_network":false},"categories":[1],"tags":[16175,16313,43,8748],"class_list":["post-109452","post","type-post","status-publish","format-standard","has-post-thumbnail","hentry","category-opinion","tag-coronavirus","tag-covid-19","tag-medio-ambiente","tag-opinion","generate-columns","tablet-grid-50","mobile-grid-100","grid-parent","grid-50"],"jetpack_publicize_connections":[],"jetpack_featured_media_url":"https:\/\/www.hoymercedes.com.ar\/principal\/wp-content\/uploads\/2020\/04\/15-coronavirus.jpg","wps_subtitle":"En \u00e9poca de pandemia","jetpack_sharing_enabled":true,"_links":{"self":[{"href":"https:\/\/www.hoymercedes.com.ar\/principal\/wp-json\/wp\/v2\/posts\/109452","targetHints":{"allow":["GET"]}}],"collection":[{"href":"https:\/\/www.hoymercedes.com.ar\/principal\/wp-json\/wp\/v2\/posts"}],"about":[{"href":"https:\/\/www.hoymercedes.com.ar\/principal\/wp-json\/wp\/v2\/types\/post"}],"author":[{"embeddable":true,"href":"https:\/\/www.hoymercedes.com.ar\/principal\/wp-json\/wp\/v2\/users\/1"}],"replies":[{"embeddable":true,"href":"https:\/\/www.hoymercedes.com.ar\/principal\/wp-json\/wp\/v2\/comments?post=109452"}],"version-history":[{"count":0,"href":"https:\/\/www.hoymercedes.com.ar\/principal\/wp-json\/wp\/v2\/posts\/109452\/revisions"}],"wp:featuredmedia":[{"embeddable":true,"href":"https:\/\/www.hoymercedes.com.ar\/principal\/wp-json\/wp\/v2\/media\/109454"}],"wp:attachment":[{"href":"https:\/\/www.hoymercedes.com.ar\/principal\/wp-json\/wp\/v2\/media?parent=109452"}],"wp:term":[{"taxonomy":"category","embeddable":true,"href":"https:\/\/www.hoymercedes.com.ar\/principal\/wp-json\/wp\/v2\/categories?post=109452"},{"taxonomy":"post_tag","embeddable":true,"href":"https:\/\/www.hoymercedes.com.ar\/principal\/wp-json\/wp\/v2\/tags?post=109452"}],"curies":[{"name":"wp","href":"https:\/\/api.w.org\/{rel}","templated":true}]}}