{"id":109472,"date":"2020-04-15T20:14:00","date_gmt":"2020-04-15T23:14:00","guid":{"rendered":"http:\/\/www.hoymercedes.com.ar\/principal\/?p=109472"},"modified":"2020-04-15T20:02:53","modified_gmt":"2020-04-15T23:02:53","slug":"municipio-y-alma-mercedina-siguen-construyendo-acciones-solidarias","status":"publish","type":"post","link":"https:\/\/www.hoymercedes.com.ar\/principal\/2020\/04\/15\/municipio-y-alma-mercedina-siguen-construyendo-acciones-solidarias\/","title":{"rendered":"Municipio y \u201cAlma Mercedina\u201d siguen construyendo acciones solidarias"},"content":{"rendered":"\n<p>Por Prensa Municipal.- La pandemia desatada por el coronavirus conlleva una cara de preocupaci\u00f3n y temor por lo que pueda acontecer. Pero tambi\u00e9n en momentos complicados aflora la solidaridad y la mancomuni\u00f3n. As\u00ed lo demuestra el trabajo articulado que viene desarrollando el Municipio de Mercedes con las diferentes instituciones y vecinos de la ciudad. En esta ocasi\u00f3n, la Cooperativa de dulces \u201cAlma Mercedina\u201d elabor\u00f3, de forma gratuita, dulce para ser entregado a las familias que m\u00e1s lo necesitan.\u00a0\u00a0\u00a0<\/p>\n\n\n\n<p>La secretaria de desarrollo social, Jorgelina Silva sostuvo \u201cquiero agradecer a Alma Mercedina por la producci\u00f3n de dulces de manera solidaria, en este trabajo en conjunto que estamos haciendo en el marco del plan de contingencia por el coronavirus\u201d y agreg\u00f3 \u201cesta es una cooperativa que realiza dulces, misma que se ofreci\u00f3 a poner materia prima y mano de obra\u201d.<\/p>\n\n\n\n<p>Al mismo tiempo, Silva continu\u00f3 \u201cdesde el Municipio de Mercedes aportamos los potes de mermelada y el az\u00facar\u201d y a\u00f1adi\u00f3 \u201chan hecho 150 frascos de mermelada que van a ser entregados ma\u00f1ana\u201d.<\/p>\n\n\n\n<p>En el marco de estas acciones conjuntas, la Unidad N\u00b05 a trav\u00e9s de sus internos est\u00e1n elaborando pan donde \u201clos martes y viernes nos los entregan, para lo cual, la comuna brinda los insumos y ellos aportan la mano de obra\u201d. Y continu\u00f3 \u201ces as\u00ed como ma\u00f1ana martes entregaremos en barrios de la ciudad pan y mermelada para el desayuno y la merienda de las familias\u201d.<\/p>\n\n\n\n<p>\u201cEstamos focalizando en aquellos hogares donde por consecuencia de esta pandemia no pueden salir a hacer sus trabajos (changas) y que se encuentran dentro del programa alimentario\u201d se\u00f1al\u00f3 Jorgelina Silva y apunt\u00f3 \u201cesto nos alivia mucho, tener diferentes actores de la sociedad que participan y colaboran con estas iniciativas\u201d.<\/p>\n\n\n\n<p>Por su parte, Fernando Zapata, qui\u00e9n parte de Alma Mercedina manifest\u00f3 \u201cun gusto que el Intendente Ustarroz nos haya visitado, nuestra idea era poder acompa\u00f1ar y ayudar en este momento tan complicado que estamos viviendo donde se congregan tanto la cuesti\u00f3n sanitaria como la econ\u00f3mica\u201d y agreg\u00f3 \u201csabemos que hay muchas personas que no pueden salir a trabajar y les termina faltando un plato de comida en la mesa\u201d.<\/p>\n\n\n\n<p>\u201cNosotros realizamos un aporte solidario de lo que hacemos -mermeladas y conservas vegetales- con la idea de brindar nuestro granito de arena\u201d.&nbsp;&nbsp;<\/p>\n","protected":false},"excerpt":{"rendered":"<p>Por Prensa Municipal.- La pandemia desatada por el coronavirus conlleva una cara de preocupaci\u00f3n y temor por lo que pueda &#8230; <a title=\"Municipio y \u201cAlma Mercedina\u201d siguen construyendo acciones solidarias\" class=\"read-more\" href=\"https:\/\/www.hoymercedes.com.ar\/principal\/2020\/04\/15\/municipio-y-alma-mercedina-siguen-construyendo-acciones-solidarias\/\" aria-label=\"Leer m\u00e1s sobre Municipio y \u201cAlma Mercedina\u201d siguen construyendo acciones solidarias\">Leer m\u00e1s<\/a><\/p>\n","protected":false},"author":1,"featured_media":109473,"comment_status":"closed","ping_status":"open","sticky":false,"template":"","format":"standard","meta":{"_monsterinsights_skip_tracking":false,"_monsterinsights_sitenote_active":false,"_monsterinsights_sitenote_note":"","_monsterinsights_sitenote_category":0,"jetpack_post_was_ever_published":false,"_jetpack_newsletter_access":"","_jetpack_dont_email_post_to_subs":false,"_jetpack_newsletter_tier_id":0,"_jetpack_memberships_contains_paywalled_content":false,"_jetpack_memberships_contains_paid_content":false,"footnotes":"","jetpack_publicize_message":"","jetpack_publicize_feature_enabled":true,"jetpack_social_post_already_shared":true,"jetpack_social_options":{"image_generator_settings":{"template":"highway","default_image_id":0,"font":"","enabled":false},"version":2},"_wpas_customize_per_network":false},"categories":[30],"tags":[244,16493],"class_list":["post-109472","post","type-post","status-publish","format-standard","has-post-thumbnail","hentry","category-municipio","tag-municipio-2","tag-produccion-local","generate-columns","tablet-grid-50","mobile-grid-100","grid-parent","grid-50"],"jetpack_publicize_connections":[],"jetpack_featured_media_url":"https:\/\/www.hoymercedes.com.ar\/principal\/wp-content\/uploads\/2020\/04\/15-alma-merceidna.jpeg","wps_subtitle":"Producci\u00f3n local","jetpack_sharing_enabled":true,"_links":{"self":[{"href":"https:\/\/www.hoymercedes.com.ar\/principal\/wp-json\/wp\/v2\/posts\/109472","targetHints":{"allow":["GET"]}}],"collection":[{"href":"https:\/\/www.hoymercedes.com.ar\/principal\/wp-json\/wp\/v2\/posts"}],"about":[{"href":"https:\/\/www.hoymercedes.com.ar\/principal\/wp-json\/wp\/v2\/types\/post"}],"author":[{"embeddable":true,"href":"https:\/\/www.hoymercedes.com.ar\/principal\/wp-json\/wp\/v2\/users\/1"}],"replies":[{"embeddable":true,"href":"https:\/\/www.hoymercedes.com.ar\/principal\/wp-json\/wp\/v2\/comments?post=109472"}],"version-history":[{"count":0,"href":"https:\/\/www.hoymercedes.com.ar\/principal\/wp-json\/wp\/v2\/posts\/109472\/revisions"}],"wp:featuredmedia":[{"embeddable":true,"href":"https:\/\/www.hoymercedes.com.ar\/principal\/wp-json\/wp\/v2\/media\/109473"}],"wp:attachment":[{"href":"https:\/\/www.hoymercedes.com.ar\/principal\/wp-json\/wp\/v2\/media?parent=109472"}],"wp:term":[{"taxonomy":"category","embeddable":true,"href":"https:\/\/www.hoymercedes.com.ar\/principal\/wp-json\/wp\/v2\/categories?post=109472"},{"taxonomy":"post_tag","embeddable":true,"href":"https:\/\/www.hoymercedes.com.ar\/principal\/wp-json\/wp\/v2\/tags?post=109472"}],"curies":[{"name":"wp","href":"https:\/\/api.w.org\/{rel}","templated":true}]}}