{"id":109475,"date":"2020-04-15T21:48:00","date_gmt":"2020-04-16T00:48:00","guid":{"rendered":"http:\/\/www.hoymercedes.com.ar\/principal\/?p=109475"},"modified":"2020-04-15T20:02:32","modified_gmt":"2020-04-15T23:02:32","slug":"el-area-de-recaudacion-municipal-reabrio-para-atender-el-pago-de-tasas","status":"publish","type":"post","link":"https:\/\/www.hoymercedes.com.ar\/principal\/2020\/04\/15\/el-area-de-recaudacion-municipal-reabrio-para-atender-el-pago-de-tasas\/","title":{"rendered":"El \u00e1rea de Recaudaci\u00f3n Municipal reabri\u00f3 para atender el pago de tasas"},"content":{"rendered":"\n<p>El Palacio Municipal abri\u00f3 sus puertas para iniciar la atenci\u00f3n en las nuevas oficinas de recaudaci\u00f3n. Los vecinos que quieran ir a abonar las tasas municipales y que no lo han hecho por medios electr\u00f3nicos, pueden hacerse presente en el Municipio. En el primer d\u00eda de reapertura, el Jefe Comunal Juan Ignacio Ustarroz agradeci\u00f3 a quienes se acercaron a regularizar las cuotas del corriente a\u00f1o que permiten tener los recursos econ\u00f3micos para afrontar la situaci\u00f3n. <\/p>\n\n\n\n<p>Asimismo, recordaron desde la comuna, que las oficinas antes de la cuarentena decretada a nivel nacional estaban en refacciones y por lo tanto, los trabajadores municipales deb\u00edan atender en el hall del Palacio Municipal. Con las refacciones realizadas, el \u00e1rea dispone de mejoras notables para los vecinos que adem\u00e1s pueden sentarse a esperar sus turnos. <\/p>\n\n\n\n<div class=\"wp-block-image\"><figure class=\"aligncenter size-large\"><img loading=\"lazy\" decoding=\"async\" width=\"800\" height=\"450\" data-attachment-id=\"109476\" data-permalink=\"https:\/\/www.hoymercedes.com.ar\/principal\/2020\/04\/15\/el-area-de-recaudacion-municipal-reabrio-para-atender-el-pago-de-tasas\/15-recaudacion2\/#main\" data-orig-file=\"https:\/\/www.hoymercedes.com.ar\/principal\/wp-content\/uploads\/2020\/04\/15-recaudacion2.jpg\" data-orig-size=\"800,450\" data-comments-opened=\"0\" data-image-meta=\"{&quot;aperture&quot;:&quot;0&quot;,&quot;credit&quot;:&quot;&quot;,&quot;camera&quot;:&quot;&quot;,&quot;caption&quot;:&quot;&quot;,&quot;created_timestamp&quot;:&quot;0&quot;,&quot;copyright&quot;:&quot;&quot;,&quot;focal_length&quot;:&quot;0&quot;,&quot;iso&quot;:&quot;0&quot;,&quot;shutter_speed&quot;:&quot;0&quot;,&quot;title&quot;:&quot;&quot;,&quot;orientation&quot;:&quot;0&quot;}\" data-image-title=\"15 recaudacion2\" data-image-description=\"\" data-image-caption=\"\" data-large-file=\"https:\/\/www.hoymercedes.com.ar\/principal\/wp-content\/uploads\/2020\/04\/15-recaudacion2.jpg\" src=\"https:\/\/www.hoymercedes.com.ar\/principal\/wp-content\/uploads\/2020\/04\/15-recaudacion2.jpg\" alt=\"\" class=\"wp-image-109476\"\/><\/figure><\/div>\n","protected":false},"excerpt":{"rendered":"<p>El Palacio Municipal abri\u00f3 sus puertas para iniciar la atenci\u00f3n en las nuevas oficinas de recaudaci\u00f3n. Los vecinos que quieran &#8230; <a title=\"El \u00e1rea de Recaudaci\u00f3n Municipal reabri\u00f3 para atender el pago de tasas\" class=\"read-more\" href=\"https:\/\/www.hoymercedes.com.ar\/principal\/2020\/04\/15\/el-area-de-recaudacion-municipal-reabrio-para-atender-el-pago-de-tasas\/\" aria-label=\"Leer m\u00e1s sobre El \u00e1rea de Recaudaci\u00f3n Municipal reabri\u00f3 para atender el pago de tasas\">Leer m\u00e1s<\/a><\/p>\n","protected":false},"author":1,"featured_media":109476,"comment_status":"closed","ping_status":"open","sticky":false,"template":"","format":"standard","meta":{"_monsterinsights_skip_tracking":false,"_monsterinsights_sitenote_active":false,"_monsterinsights_sitenote_note":"","_monsterinsights_sitenote_category":0,"jetpack_post_was_ever_published":false,"_jetpack_newsletter_access":"","_jetpack_dont_email_post_to_subs":false,"_jetpack_newsletter_tier_id":0,"_jetpack_memberships_contains_paywalled_content":false,"_jetpack_memberships_contains_paid_content":false,"footnotes":"","jetpack_publicize_message":"","jetpack_publicize_feature_enabled":true,"jetpack_social_post_already_shared":true,"jetpack_social_options":{"image_generator_settings":{"template":"highway","default_image_id":0,"font":"","enabled":false},"version":2},"_wpas_customize_per_network":false},"categories":[30],"tags":[244,3603,240],"class_list":["post-109475","post","type-post","status-publish","format-standard","has-post-thumbnail","hentry","category-municipio","tag-municipio-2","tag-recaudacion","tag-tasas-municipales","generate-columns","tablet-grid-50","mobile-grid-100","grid-parent","grid-50"],"jetpack_publicize_connections":[],"jetpack_featured_media_url":"https:\/\/www.hoymercedes.com.ar\/principal\/wp-content\/uploads\/2020\/04\/15-recaudacion2.jpg","wps_subtitle":"Econom\u00eda local","jetpack_sharing_enabled":true,"_links":{"self":[{"href":"https:\/\/www.hoymercedes.com.ar\/principal\/wp-json\/wp\/v2\/posts\/109475","targetHints":{"allow":["GET"]}}],"collection":[{"href":"https:\/\/www.hoymercedes.com.ar\/principal\/wp-json\/wp\/v2\/posts"}],"about":[{"href":"https:\/\/www.hoymercedes.com.ar\/principal\/wp-json\/wp\/v2\/types\/post"}],"author":[{"embeddable":true,"href":"https:\/\/www.hoymercedes.com.ar\/principal\/wp-json\/wp\/v2\/users\/1"}],"replies":[{"embeddable":true,"href":"https:\/\/www.hoymercedes.com.ar\/principal\/wp-json\/wp\/v2\/comments?post=109475"}],"version-history":[{"count":0,"href":"https:\/\/www.hoymercedes.com.ar\/principal\/wp-json\/wp\/v2\/posts\/109475\/revisions"}],"wp:featuredmedia":[{"embeddable":true,"href":"https:\/\/www.hoymercedes.com.ar\/principal\/wp-json\/wp\/v2\/media\/109476"}],"wp:attachment":[{"href":"https:\/\/www.hoymercedes.com.ar\/principal\/wp-json\/wp\/v2\/media?parent=109475"}],"wp:term":[{"taxonomy":"category","embeddable":true,"href":"https:\/\/www.hoymercedes.com.ar\/principal\/wp-json\/wp\/v2\/categories?post=109475"},{"taxonomy":"post_tag","embeddable":true,"href":"https:\/\/www.hoymercedes.com.ar\/principal\/wp-json\/wp\/v2\/tags?post=109475"}],"curies":[{"name":"wp","href":"https:\/\/api.w.org\/{rel}","templated":true}]}}