{"id":109492,"date":"2020-04-16T07:37:00","date_gmt":"2020-04-16T10:37:00","guid":{"rendered":"http:\/\/www.hoymercedes.com.ar\/principal\/?p=109492"},"modified":"2020-04-16T12:50:23","modified_gmt":"2020-04-16T15:50:23","slug":"clausuran-verduleria-mayorista-y-minorista","status":"publish","type":"post","link":"https:\/\/www.hoymercedes.com.ar\/principal\/2020\/04\/16\/clausuran-verduleria-mayorista-y-minorista\/","title":{"rendered":"Clausuran verduler\u00eda mayorista y minorista"},"content":{"rendered":"\n<p>Por incumplimiento del C\u00f3digo de Faltas Municipal, el Juez de Faltas y el \u00e1rea de Inspecciones Generales del Municipio de Mercedes procedieron a clausurar una verduler\u00eda de venta mayorista y minorista ubicado en el ingreso de la Avenida de los Inmigrantes, a metros de la rotonda de Ruta 5. <\/p>\n\n\n\n<p>De acuerdo al informe municipal, el abogado Javier Guevara explic\u00f3 que procedieron a la inspecci\u00f3n junto a los equipos t\u00e9cnicos del \u00e1rea para la clausura que deber\u00e1 ser ratificada o rectificada por el Juzgado de Faltas en las pr\u00f3ximas horas. <\/p>\n\n\n\n<figure class=\"wp-block-image size-large\"><img loading=\"lazy\" decoding=\"async\" width=\"800\" height=\"533\" data-attachment-id=\"109494\" data-permalink=\"https:\/\/www.hoymercedes.com.ar\/principal\/2020\/04\/16\/clausuran-verduleria-mayorista-y-minorista\/16-verduleria-clausu-2\/#main\" data-orig-file=\"https:\/\/www.hoymercedes.com.ar\/principal\/wp-content\/uploads\/2020\/04\/16-verduler\u00eda-clausu-2.jpg\" data-orig-size=\"800,533\" data-comments-opened=\"0\" data-image-meta=\"{&quot;aperture&quot;:&quot;0&quot;,&quot;credit&quot;:&quot;&quot;,&quot;camera&quot;:&quot;&quot;,&quot;caption&quot;:&quot;&quot;,&quot;created_timestamp&quot;:&quot;0&quot;,&quot;copyright&quot;:&quot;&quot;,&quot;focal_length&quot;:&quot;0&quot;,&quot;iso&quot;:&quot;0&quot;,&quot;shutter_speed&quot;:&quot;0&quot;,&quot;title&quot;:&quot;&quot;,&quot;orientation&quot;:&quot;0&quot;}\" data-image-title=\"16 verduler\u00eda clausu 2\" data-image-description=\"\" data-image-caption=\"\" data-large-file=\"https:\/\/www.hoymercedes.com.ar\/principal\/wp-content\/uploads\/2020\/04\/16-verduler\u00eda-clausu-2.jpg\" src=\"https:\/\/www.hoymercedes.com.ar\/principal\/wp-content\/uploads\/2020\/04\/16-verduler\u00eda-clausu-2.jpg\" alt=\"\" class=\"wp-image-109494\"\/><\/figure>\n","protected":false},"excerpt":{"rendered":"<p>Por incumplimiento del C\u00f3digo de Faltas Municipal, el Juez de Faltas y el \u00e1rea de Inspecciones Generales del Municipio de &#8230; <a title=\"Clausuran verduler\u00eda mayorista y minorista\" class=\"read-more\" href=\"https:\/\/www.hoymercedes.com.ar\/principal\/2020\/04\/16\/clausuran-verduleria-mayorista-y-minorista\/\" aria-label=\"Leer m\u00e1s sobre Clausuran verduler\u00eda mayorista y minorista\">Leer m\u00e1s<\/a><\/p>\n","protected":false},"author":1,"featured_media":109495,"comment_status":"closed","ping_status":"open","sticky":false,"template":"","format":"standard","meta":{"_monsterinsights_skip_tracking":false,"_monsterinsights_sitenote_active":false,"_monsterinsights_sitenote_note":"","_monsterinsights_sitenote_category":0,"jetpack_post_was_ever_published":false,"_jetpack_newsletter_access":"","_jetpack_dont_email_post_to_subs":false,"_jetpack_newsletter_tier_id":0,"_jetpack_memberships_contains_paywalled_content":false,"_jetpack_memberships_contains_paid_content":false,"footnotes":"","jetpack_publicize_message":"","jetpack_publicize_feature_enabled":true,"jetpack_social_post_already_shared":true,"jetpack_social_options":{"image_generator_settings":{"template":"highway","default_image_id":0,"font":"","enabled":false},"version":2},"_wpas_customize_per_network":false},"categories":[8],"tags":[16499,16498,244],"class_list":["post-109492","post","type-post","status-publish","format-standard","has-post-thumbnail","hentry","category-sociedad","tag-clausura-comercial","tag-inspeccion-general","tag-municipio-2","generate-columns","tablet-grid-50","mobile-grid-100","grid-parent","grid-50"],"jetpack_publicize_connections":[],"jetpack_featured_media_url":"https:\/\/www.hoymercedes.com.ar\/principal\/wp-content\/uploads\/2020\/04\/16-verduler\u00eda-clausu-1.jpg","wps_subtitle":"Inspecci\u00f3n general","jetpack_sharing_enabled":true,"_links":{"self":[{"href":"https:\/\/www.hoymercedes.com.ar\/principal\/wp-json\/wp\/v2\/posts\/109492","targetHints":{"allow":["GET"]}}],"collection":[{"href":"https:\/\/www.hoymercedes.com.ar\/principal\/wp-json\/wp\/v2\/posts"}],"about":[{"href":"https:\/\/www.hoymercedes.com.ar\/principal\/wp-json\/wp\/v2\/types\/post"}],"author":[{"embeddable":true,"href":"https:\/\/www.hoymercedes.com.ar\/principal\/wp-json\/wp\/v2\/users\/1"}],"replies":[{"embeddable":true,"href":"https:\/\/www.hoymercedes.com.ar\/principal\/wp-json\/wp\/v2\/comments?post=109492"}],"version-history":[{"count":0,"href":"https:\/\/www.hoymercedes.com.ar\/principal\/wp-json\/wp\/v2\/posts\/109492\/revisions"}],"wp:featuredmedia":[{"embeddable":true,"href":"https:\/\/www.hoymercedes.com.ar\/principal\/wp-json\/wp\/v2\/media\/109495"}],"wp:attachment":[{"href":"https:\/\/www.hoymercedes.com.ar\/principal\/wp-json\/wp\/v2\/media?parent=109492"}],"wp:term":[{"taxonomy":"category","embeddable":true,"href":"https:\/\/www.hoymercedes.com.ar\/principal\/wp-json\/wp\/v2\/categories?post=109492"},{"taxonomy":"post_tag","embeddable":true,"href":"https:\/\/www.hoymercedes.com.ar\/principal\/wp-json\/wp\/v2\/tags?post=109492"}],"curies":[{"name":"wp","href":"https:\/\/api.w.org\/{rel}","templated":true}]}}