{"id":109512,"date":"2020-04-16T10:33:00","date_gmt":"2020-04-16T13:33:00","guid":{"rendered":"http:\/\/www.hoymercedes.com.ar\/principal\/?p=109512"},"modified":"2020-04-16T11:52:53","modified_gmt":"2020-04-16T14:52:53","slug":"se-durmio-chofer-e-impacto-con-los-arboles-de-ruta-5","status":"publish","type":"post","link":"https:\/\/www.hoymercedes.com.ar\/principal\/2020\/04\/16\/se-durmio-chofer-e-impacto-con-los-arboles-de-ruta-5\/","title":{"rendered":"Se durmi\u00f3 chofer e impact\u00f3 con los \u00e1rboles de ruta 5"},"content":{"rendered":"\n<p>En las primeras horas de la ma\u00f1ana de este jueves, un cami\u00f3n de una empresa l\u00e1ctea choc\u00f3 los \u00e1rboles de la Ruta 5, a la altura del Parque Log\u00edstico. Se supo que el chofer se habr\u00eda dormido y termin\u00f3 impactando con la arboleda de la banquina. El conductor del cami\u00f3n est\u00e1 sin heridas, s\u00f3lo sufri\u00f3 da\u00f1os el veh\u00edculo. La ruta no se cort\u00f3 en ning\u00fan momento. <\/p>\n\n\n\n<figure class=\"wp-block-image size-large\"><img loading=\"lazy\" decoding=\"async\" width=\"800\" height=\"533\" data-attachment-id=\"109513\" data-permalink=\"https:\/\/www.hoymercedes.com.ar\/principal\/2020\/04\/16\/se-durmio-chofer-e-impacto-con-los-arboles-de-ruta-5\/16-camion-ruta-5\/#main\" data-orig-file=\"https:\/\/www.hoymercedes.com.ar\/principal\/wp-content\/uploads\/2020\/04\/16-camion-ruta-5.jpg\" data-orig-size=\"800,533\" data-comments-opened=\"0\" data-image-meta=\"{&quot;aperture&quot;:&quot;0&quot;,&quot;credit&quot;:&quot;&quot;,&quot;camera&quot;:&quot;&quot;,&quot;caption&quot;:&quot;&quot;,&quot;created_timestamp&quot;:&quot;0&quot;,&quot;copyright&quot;:&quot;&quot;,&quot;focal_length&quot;:&quot;0&quot;,&quot;iso&quot;:&quot;0&quot;,&quot;shutter_speed&quot;:&quot;0&quot;,&quot;title&quot;:&quot;&quot;,&quot;orientation&quot;:&quot;0&quot;}\" data-image-title=\"16 camion ruta 5\" data-image-description=\"\" data-image-caption=\"\" data-large-file=\"https:\/\/www.hoymercedes.com.ar\/principal\/wp-content\/uploads\/2020\/04\/16-camion-ruta-5.jpg\" src=\"https:\/\/www.hoymercedes.com.ar\/principal\/wp-content\/uploads\/2020\/04\/16-camion-ruta-5.jpg\" alt=\"\" class=\"wp-image-109513\"\/><\/figure>\n","protected":false},"excerpt":{"rendered":"<p>En las primeras horas de la ma\u00f1ana de este jueves, un cami\u00f3n de una empresa l\u00e1ctea choc\u00f3 los \u00e1rboles de &#8230; <a title=\"Se durmi\u00f3 chofer e impact\u00f3 con los \u00e1rboles de ruta 5\" class=\"read-more\" href=\"https:\/\/www.hoymercedes.com.ar\/principal\/2020\/04\/16\/se-durmio-chofer-e-impacto-con-los-arboles-de-ruta-5\/\" aria-label=\"Leer m\u00e1s sobre Se durmi\u00f3 chofer e impact\u00f3 con los \u00e1rboles de ruta 5\">Leer m\u00e1s<\/a><\/p>\n","protected":false},"author":1,"featured_media":109513,"comment_status":"closed","ping_status":"open","sticky":false,"template":"","format":"standard","meta":{"_monsterinsights_skip_tracking":false,"_monsterinsights_sitenote_active":false,"_monsterinsights_sitenote_note":"","_monsterinsights_sitenote_category":0,"jetpack_post_was_ever_published":false,"_jetpack_newsletter_access":"","_jetpack_dont_email_post_to_subs":false,"_jetpack_newsletter_tier_id":0,"_jetpack_memberships_contains_paywalled_content":false,"_jetpack_memberships_contains_paid_content":false,"footnotes":"","jetpack_publicize_message":"","jetpack_publicize_feature_enabled":true,"jetpack_social_post_already_shared":true,"jetpack_social_options":{"image_generator_settings":{"template":"highway","default_image_id":0,"font":"","enabled":false},"version":2},"_wpas_customize_per_network":false},"categories":[85],"tags":[96,10395],"class_list":["post-109512","post","type-post","status-publish","format-standard","has-post-thumbnail","hentry","category-policial","tag-policial-2","tag-siniestro-vial","generate-columns","tablet-grid-50","mobile-grid-100","grid-parent","grid-50"],"jetpack_publicize_connections":[],"jetpack_featured_media_url":"https:\/\/www.hoymercedes.com.ar\/principal\/wp-content\/uploads\/2020\/04\/16-camion-ruta-5.jpg","wps_subtitle":"Sin heridos","jetpack_sharing_enabled":true,"_links":{"self":[{"href":"https:\/\/www.hoymercedes.com.ar\/principal\/wp-json\/wp\/v2\/posts\/109512","targetHints":{"allow":["GET"]}}],"collection":[{"href":"https:\/\/www.hoymercedes.com.ar\/principal\/wp-json\/wp\/v2\/posts"}],"about":[{"href":"https:\/\/www.hoymercedes.com.ar\/principal\/wp-json\/wp\/v2\/types\/post"}],"author":[{"embeddable":true,"href":"https:\/\/www.hoymercedes.com.ar\/principal\/wp-json\/wp\/v2\/users\/1"}],"replies":[{"embeddable":true,"href":"https:\/\/www.hoymercedes.com.ar\/principal\/wp-json\/wp\/v2\/comments?post=109512"}],"version-history":[{"count":0,"href":"https:\/\/www.hoymercedes.com.ar\/principal\/wp-json\/wp\/v2\/posts\/109512\/revisions"}],"wp:featuredmedia":[{"embeddable":true,"href":"https:\/\/www.hoymercedes.com.ar\/principal\/wp-json\/wp\/v2\/media\/109513"}],"wp:attachment":[{"href":"https:\/\/www.hoymercedes.com.ar\/principal\/wp-json\/wp\/v2\/media?parent=109512"}],"wp:term":[{"taxonomy":"category","embeddable":true,"href":"https:\/\/www.hoymercedes.com.ar\/principal\/wp-json\/wp\/v2\/categories?post=109512"},{"taxonomy":"post_tag","embeddable":true,"href":"https:\/\/www.hoymercedes.com.ar\/principal\/wp-json\/wp\/v2\/tags?post=109512"}],"curies":[{"name":"wp","href":"https:\/\/api.w.org\/{rel}","templated":true}]}}