{"id":109518,"date":"2020-04-16T12:23:00","date_gmt":"2020-04-16T15:23:00","guid":{"rendered":"http:\/\/www.hoymercedes.com.ar\/principal\/?p=109518"},"modified":"2020-04-16T11:51:52","modified_gmt":"2020-04-16T14:51:52","slug":"se-adjudicaron-las-obras-de-adecuacion-del-cauce-en-el-tramo-medio-del-rio-lujan","status":"publish","type":"post","link":"https:\/\/www.hoymercedes.com.ar\/principal\/2020\/04\/16\/se-adjudicaron-las-obras-de-adecuacion-del-cauce-en-el-tramo-medio-del-rio-lujan\/","title":{"rendered":"Se adjudicaron las obras de adecuaci\u00f3n del cauce en el tramo medio del r\u00edo Luj\u00e1n"},"content":{"rendered":"\n<p>La Subsecretaria de Recursos H\u00eddricos de la Provincia de Buenos Aires, a trav\u00e9s la Direcci\u00f3n Provincial de Hidr\u00e1ulica, adjudic\u00f3 la obra de saneamiento hidr\u00e1ulico correspondiente a la adecuaci\u00f3n del cauce principal del tramo medio del R\u00edo Luj\u00e1n. Se desarrollar\u00e1 entre las v\u00edas del FFCC Belgrano Norte y la Ruta Provincial N\u00ba 6, comprendiendo los partidos de Exaltaci\u00f3n de la Cruz, Lujan y Pilar, y financiada a trav\u00e9s de un cr\u00e9dito del Banco de Desarrollo de Am\u00e9rica Latina (CAF).<\/p>\n\n\n\n<figure class=\"wp-block-image size-large\"><img loading=\"lazy\" decoding=\"async\" width=\"700\" height=\"393\" data-attachment-id=\"109519\" data-permalink=\"https:\/\/www.hoymercedes.com.ar\/principal\/2020\/04\/16\/se-adjudicaron-las-obras-de-adecuacion-del-cauce-en-el-tramo-medio-del-rio-lujan\/16-rio-lujan\/#main\" data-orig-file=\"https:\/\/www.hoymercedes.com.ar\/principal\/wp-content\/uploads\/2020\/04\/16-rio-lujan.jpg\" data-orig-size=\"700,393\" data-comments-opened=\"0\" data-image-meta=\"{&quot;aperture&quot;:&quot;0&quot;,&quot;credit&quot;:&quot;&quot;,&quot;camera&quot;:&quot;&quot;,&quot;caption&quot;:&quot;&quot;,&quot;created_timestamp&quot;:&quot;0&quot;,&quot;copyright&quot;:&quot;&quot;,&quot;focal_length&quot;:&quot;0&quot;,&quot;iso&quot;:&quot;0&quot;,&quot;shutter_speed&quot;:&quot;0&quot;,&quot;title&quot;:&quot;&quot;,&quot;orientation&quot;:&quot;0&quot;}\" data-image-title=\"16 rio lujan\" data-image-description=\"\" data-image-caption=\"\" data-large-file=\"https:\/\/www.hoymercedes.com.ar\/principal\/wp-content\/uploads\/2020\/04\/16-rio-lujan.jpg\" src=\"https:\/\/www.hoymercedes.com.ar\/principal\/wp-content\/uploads\/2020\/04\/16-rio-lujan.jpg\" alt=\"\" class=\"wp-image-109519\"\/><\/figure>\n\n\n\n<p>La obra est\u00e1 inmersa en el programa de Manejo Integral de la Cuenca de R\u00edo Luj\u00e1n y consta del saneamiento de los 26.000 metros de longitud sobre el cauce, en cuatro tramos, beneficiando a&nbsp; distritos de la regi\u00f3n, incrementando la capacidad de evacuaci\u00f3n de grandes caudales producto de los excedentes pluviales.<\/p>\n\n\n\n<p>Se trata de 5 millones de metros c\u00fabicos de movimiento de suelos y se complementar\u00e1 con la canalizaci\u00f3n de otros dos tramos de similares caracter\u00edsticas pr\u00f3ximos a licitar junto a la construcci\u00f3n de 9 puentes ferroviarios y carreteros sobre el cauce del Rio Luj\u00e1n.<\/p>\n\n\n\n<p>Esto&nbsp; genera no solo la mitigaci\u00f3n de las inundaciones para determinadas precipitaciones, sino que permite el desarrollo tur\u00edstico en la zona y la valoraci\u00f3n de sus territorios, complement\u00e1ndose con un importante aporte de mano de obra directo e indirecto para la regi\u00f3n.<\/p>\n\n\n\n<p>Al respecto, el Subsecretario de Recursos H\u00eddricos, Guillermo Jelinski, expres\u00f3 que \u00a8poder adjudicar esta obra es un hecho muy importante ya que desde hac\u00eda dos a\u00f1os se encontraba el proyecto paralizado. Esto significa que comienza una de las obras m\u00e1s ambiciosas de la provincia en materia h\u00eddrica que es la puesta en valor de la Cuenca Luj\u00e1n\u201d. Y agreg\u00f3: \u201cEs parte del Plan Integral que se est\u00e1 redise\u00f1ando para tener un buen funcionamiento de toda la cuenca\u00a8<\/p>\n\n\n\n<p>Fuente: Ministerio de Infraestructura y Servicios P\u00fablicos<\/p>\n","protected":false},"excerpt":{"rendered":"<p>La Subsecretaria de Recursos H\u00eddricos de la Provincia de Buenos Aires, a trav\u00e9s la Direcci\u00f3n Provincial de Hidr\u00e1ulica, adjudic\u00f3 la &#8230; <a title=\"Se adjudicaron las obras de adecuaci\u00f3n del cauce en el tramo medio del r\u00edo Luj\u00e1n\" class=\"read-more\" href=\"https:\/\/www.hoymercedes.com.ar\/principal\/2020\/04\/16\/se-adjudicaron-las-obras-de-adecuacion-del-cauce-en-el-tramo-medio-del-rio-lujan\/\" aria-label=\"Leer m\u00e1s sobre Se adjudicaron las obras de adecuaci\u00f3n del cauce en el tramo medio del r\u00edo Luj\u00e1n\">Leer m\u00e1s<\/a><\/p>\n","protected":false},"author":1,"featured_media":109519,"comment_status":"closed","ping_status":"open","sticky":false,"template":"","format":"standard","meta":{"_monsterinsights_skip_tracking":false,"_monsterinsights_sitenote_active":false,"_monsterinsights_sitenote_note":"","_monsterinsights_sitenote_category":0,"jetpack_post_was_ever_published":false,"_jetpack_newsletter_access":"","_jetpack_dont_email_post_to_subs":false,"_jetpack_newsletter_tier_id":0,"_jetpack_memberships_contains_paywalled_content":false,"_jetpack_memberships_contains_paid_content":false,"footnotes":"","jetpack_publicize_message":"","jetpack_publicize_feature_enabled":true,"jetpack_social_post_already_shared":true,"jetpack_social_options":{"image_generator_settings":{"template":"highway","default_image_id":0,"font":"","enabled":false},"version":2},"_wpas_customize_per_network":false},"categories":[8881],"tags":[8619,1014,1803,402],"class_list":["post-109518","post","type-post","status-publish","format-standard","has-post-thumbnail","hentry","category-provincia","tag-licitacion","tag-obras","tag-provincia","tag-rio-lujan","generate-columns","tablet-grid-50","mobile-grid-100","grid-parent","grid-50"],"jetpack_publicize_connections":[],"jetpack_featured_media_url":"https:\/\/www.hoymercedes.com.ar\/principal\/wp-content\/uploads\/2020\/04\/16-rio-lujan.jpg","wps_subtitle":"Licitaci\u00f3n provincial","jetpack_sharing_enabled":true,"_links":{"self":[{"href":"https:\/\/www.hoymercedes.com.ar\/principal\/wp-json\/wp\/v2\/posts\/109518","targetHints":{"allow":["GET"]}}],"collection":[{"href":"https:\/\/www.hoymercedes.com.ar\/principal\/wp-json\/wp\/v2\/posts"}],"about":[{"href":"https:\/\/www.hoymercedes.com.ar\/principal\/wp-json\/wp\/v2\/types\/post"}],"author":[{"embeddable":true,"href":"https:\/\/www.hoymercedes.com.ar\/principal\/wp-json\/wp\/v2\/users\/1"}],"replies":[{"embeddable":true,"href":"https:\/\/www.hoymercedes.com.ar\/principal\/wp-json\/wp\/v2\/comments?post=109518"}],"version-history":[{"count":0,"href":"https:\/\/www.hoymercedes.com.ar\/principal\/wp-json\/wp\/v2\/posts\/109518\/revisions"}],"wp:featuredmedia":[{"embeddable":true,"href":"https:\/\/www.hoymercedes.com.ar\/principal\/wp-json\/wp\/v2\/media\/109519"}],"wp:attachment":[{"href":"https:\/\/www.hoymercedes.com.ar\/principal\/wp-json\/wp\/v2\/media?parent=109518"}],"wp:term":[{"taxonomy":"category","embeddable":true,"href":"https:\/\/www.hoymercedes.com.ar\/principal\/wp-json\/wp\/v2\/categories?post=109518"},{"taxonomy":"post_tag","embeddable":true,"href":"https:\/\/www.hoymercedes.com.ar\/principal\/wp-json\/wp\/v2\/tags?post=109518"}],"curies":[{"name":"wp","href":"https:\/\/api.w.org\/{rel}","templated":true}]}}