{"id":109525,"date":"2020-04-16T15:11:42","date_gmt":"2020-04-16T18:11:42","guid":{"rendered":"http:\/\/www.hoymercedes.com.ar\/principal\/?p=109525"},"modified":"2020-04-16T15:15:55","modified_gmt":"2020-04-16T18:15:55","slug":"coronavirus-nuevo-covid-19-negativo-en-el-clinica","status":"publish","type":"post","link":"https:\/\/www.hoymercedes.com.ar\/principal\/2020\/04\/16\/coronavirus-nuevo-covid-19-negativo-en-el-clinica\/","title":{"rendered":"Coronavirus: Nuevo COVID-19 negativo en el Cl\u00ednica"},"content":{"rendered":"\n<p>La Cl\u00ednica Nueva Cruz Azul comunic\u00f3 el resultado negativo de una de las pacientes que esperaba los resultados. Se trata de la mujer de 28 a\u00f1os cuyo PCR dio negativo y por lo tanto ser\u00eda dada de alta. Mientras tanto se espera los resultados del sexto caso sospechoso, una mujer de 50 a\u00f1os, que se encuentra en muy buen estado general, afebril, estable, sin requerimiento de oxigeno, con buena saturaci\u00f3n. <\/p>\n\n\n\n<p>Asimismo, la Cl\u00ednica aclara que los pacientes sospechosos de COVID-19 permanecen internados en la zona de aislamiento con los elementos de protecci\u00f3n personal para el personal de salud y el paciente\u00bb. <\/p>\n\n\n\n<p>Finalmente, desde Cl\u00ednica Nueva Cruz Azul hacen p\u00fablico el agradecimiento al Comandante Mayor Heraldo Omar Canteros de Gendarmer\u00eda\u00a0 Nacional, \u00abpor su generosidad y solidaridad, quien ha donado barbijos a la Instituci\u00f3n, un elemento que es de suma necesidad para llevar a cabo nuestro trabajo\u00bb.<\/p>\n","protected":false},"excerpt":{"rendered":"<p>La Cl\u00ednica Nueva Cruz Azul comunic\u00f3 el resultado negativo de una de las pacientes que esperaba los resultados. Se trata &#8230; <a title=\"Coronavirus: Nuevo COVID-19 negativo en el Cl\u00ednica\" class=\"read-more\" href=\"https:\/\/www.hoymercedes.com.ar\/principal\/2020\/04\/16\/coronavirus-nuevo-covid-19-negativo-en-el-clinica\/\" aria-label=\"Leer m\u00e1s sobre Coronavirus: Nuevo COVID-19 negativo en el Cl\u00ednica\">Leer m\u00e1s<\/a><\/p>\n","protected":false},"author":1,"featured_media":108997,"comment_status":"closed","ping_status":"open","sticky":false,"template":"","format":"standard","meta":{"_monsterinsights_skip_tracking":false,"_monsterinsights_sitenote_active":false,"_monsterinsights_sitenote_note":"","_monsterinsights_sitenote_category":0,"jetpack_post_was_ever_published":false,"_jetpack_newsletter_access":"","_jetpack_dont_email_post_to_subs":false,"_jetpack_newsletter_tier_id":0,"_jetpack_memberships_contains_paywalled_content":false,"_jetpack_memberships_contains_paid_content":false,"footnotes":"","jetpack_publicize_message":"","jetpack_publicize_feature_enabled":true,"jetpack_social_post_already_shared":true,"jetpack_social_options":{"image_generator_settings":{"template":"highway","default_image_id":0,"font":"","enabled":false},"version":2},"_wpas_customize_per_network":false},"categories":[9791],"tags":[16400,16448,16175,16313,16492],"class_list":["post-109525","post","type-post","status-publish","format-standard","has-post-thumbnail","hentry","category-salud","tag-caso-sospechoso","tag-clinica-nueva-cruz-azul","tag-coronavirus","tag-covid-19","tag-negativo","generate-columns","tablet-grid-50","mobile-grid-100","grid-parent","grid-50"],"jetpack_publicize_connections":[],"jetpack_featured_media_url":"https:\/\/www.hoymercedes.com.ar\/principal\/wp-content\/uploads\/2020\/04\/IMG-20200404-WA0069_copy_800x558.jpg","wps_subtitle":"Informe oficial","jetpack_sharing_enabled":true,"_links":{"self":[{"href":"https:\/\/www.hoymercedes.com.ar\/principal\/wp-json\/wp\/v2\/posts\/109525","targetHints":{"allow":["GET"]}}],"collection":[{"href":"https:\/\/www.hoymercedes.com.ar\/principal\/wp-json\/wp\/v2\/posts"}],"about":[{"href":"https:\/\/www.hoymercedes.com.ar\/principal\/wp-json\/wp\/v2\/types\/post"}],"author":[{"embeddable":true,"href":"https:\/\/www.hoymercedes.com.ar\/principal\/wp-json\/wp\/v2\/users\/1"}],"replies":[{"embeddable":true,"href":"https:\/\/www.hoymercedes.com.ar\/principal\/wp-json\/wp\/v2\/comments?post=109525"}],"version-history":[{"count":0,"href":"https:\/\/www.hoymercedes.com.ar\/principal\/wp-json\/wp\/v2\/posts\/109525\/revisions"}],"wp:featuredmedia":[{"embeddable":true,"href":"https:\/\/www.hoymercedes.com.ar\/principal\/wp-json\/wp\/v2\/media\/108997"}],"wp:attachment":[{"href":"https:\/\/www.hoymercedes.com.ar\/principal\/wp-json\/wp\/v2\/media?parent=109525"}],"wp:term":[{"taxonomy":"category","embeddable":true,"href":"https:\/\/www.hoymercedes.com.ar\/principal\/wp-json\/wp\/v2\/categories?post=109525"},{"taxonomy":"post_tag","embeddable":true,"href":"https:\/\/www.hoymercedes.com.ar\/principal\/wp-json\/wp\/v2\/tags?post=109525"}],"curies":[{"name":"wp","href":"https:\/\/api.w.org\/{rel}","templated":true}]}}