{"id":10953,"date":"2012-02-15T15:43:05","date_gmt":"2012-02-15T15:43:05","guid":{"rendered":"http:\/\/www.hoymercedes.com.ar\/principal\/?p=10953"},"modified":"2012-02-15T12:47:42","modified_gmt":"2012-02-15T12:47:42","slug":"importante-numero-de-temas-trato-el-hcd-y-juro-andres-en-lugar-de-perazzo","status":"publish","type":"post","link":"https:\/\/www.hoymercedes.com.ar\/principal\/2012\/02\/15\/importante-numero-de-temas-trato-el-hcd-y-juro-andres-en-lugar-de-perazzo\/","title":{"rendered":"Importante n\u00famero de temas trat\u00f3 el HCD y Jur\u00f3 Andr\u00e9s en lugar de Perazzo"},"content":{"rendered":"<p><a href=\"https:\/\/www.hoymercedes.com.ar\/principal\/wp-content\/uploads\/2012\/02\/Bloque-FrenteMercedinoParaLaVictoria.jpg\"><img loading=\"lazy\" decoding=\"async\" data-attachment-id=\"10957\" data-permalink=\"https:\/\/www.hoymercedes.com.ar\/principal\/2012\/02\/15\/importante-numero-de-temas-trato-el-hcd-y-juro-andres-en-lugar-de-perazzo\/bloque-frentemercedinoparalavictoria\/#main\" data-orig-file=\"https:\/\/www.hoymercedes.com.ar\/principal\/wp-content\/uploads\/2012\/02\/Bloque-FrenteMercedinoParaLaVictoria.jpg\" data-orig-size=\"612,281\" data-comments-opened=\"1\" data-image-meta=\"{&quot;aperture&quot;:&quot;2.8&quot;,&quot;credit&quot;:&quot;&quot;,&quot;camera&quot;:&quot;COOLPIX L10&quot;,&quot;caption&quot;:&quot;&quot;,&quot;created_timestamp&quot;:&quot;1329028700&quot;,&quot;copyright&quot;:&quot;Copyright 2006&quot;,&quot;focal_length&quot;:&quot;6.2&quot;,&quot;iso&quot;:&quot;200&quot;,&quot;shutter_speed&quot;:&quot;0.016666666666667&quot;,&quot;title&quot;:&quot;&quot;}\" data-image-title=\"Bloque-FrenteMercedinoParaLaVictoria\" data-image-description=\"\" data-image-caption=\"\" data-large-file=\"https:\/\/www.hoymercedes.com.ar\/principal\/wp-content\/uploads\/2012\/02\/Bloque-FrenteMercedinoParaLaVictoria.jpg\" class=\"aligncenter size-full wp-image-10957\" title=\"Bloque-FrenteMercedinoParaLaVictoria\" src=\"https:\/\/www.hoymercedes.com.ar\/principal\/wp-content\/uploads\/2012\/02\/Bloque-FrenteMercedinoParaLaVictoria.jpg\" alt=\"\" width=\"612\" height=\"281\" \/><\/a><\/p>\n<p>Durante la Sesi\u00f3n Extraordinaria efectuada por la ma\u00f1ana prest\u00f3 su juramento como integrante del Cuerpo Juan Mart\u00edn Andr\u00e9s en reemplazo de Pablo Perazzo en el MMPV. Se aprob\u00f3 la adquisici\u00f3n de dos nuevas camionetas Kangoo para Desarrollo Social y Producci\u00f3n, y el \u00e1rea de Control Urbano. Marcado enojo del Concejal Juan Pablo L\u00f3pez Baggio con el oficialismo por un pedido de informes<\/p>\n<p>Tras el receso acostumbrado en el mes de enero, ayer volvi\u00f3 a sesionar en Honorable Concejo Deliberante en forma extraordinaria con la presencia de la totalidad de sus integrantes quienes debieron abordar una importante cantidad de proyectos presentados por los diferentes bloques predominando los denominados pedidos de informes, es decir los Proyectos de Resoluci\u00f3n.<\/p>\n<p>En el Orden del D\u00eda oficialmente confeccionado por la Secretar\u00eda del HCD figuraban 62 proyectos presentados a los que debieron ser sumados otros cinco tratados directamente en el recinto tras aprobarse el ingreso de los mismos al orden del d\u00eda pre establecido.<\/p>\n<p>Entre las propuestas aprobadas ayer por el cuerpo Legislativo figura la instalaci\u00f3n del busto del ex presidente N\u00e9stor Kirchner que en la actualidad se encuentra en el interior del Palacio Municipal en la intersecci\u00f3n de Avenidas 1 y de Los Inmigrantes, tema que se aprob\u00f3 por mayor\u00eda con la abstenci\u00f3n del bloque de Uni\u00f3n Pro y el voto negativo de los restantes integrantes de los bloques opositores.<\/p>\n<p>En todos los caso de abstenciones y votos negativos se dej\u00f3 en claro que no se opon\u00edan por ser la figura de N\u00e9stor Kirchner sino porque en nuestra ciudad no se contaban con bustos en homenaje y recuerdo de presidentes de la talla de Hip\u00f3lito Irigoyen, Juan Domingo Per\u00f3n y Ra\u00fal Alfons\u00edn, seg\u00fan lo manifestado por Juan Carlos Ben\u00edtez, lista de nombre que aumento m\u00e1s tarde Jos\u00e9 Cestari agregando los de Frondissi y Arturo Illia, para luego sostener \u201cel kirchnerismo es aun un movimiento pol\u00edtico en gesti\u00f3n ya que lo hecho por el ex presidente N\u00e9stor Kirchner tiene su continuidad en la actualidad en su esposa la Presidente Cristina Fern\u00e1ndez.<\/p>\n<p>En otro orden de temas, por unanimidad el concejo resolvi\u00f3 dar v\u00eda libre al Departamento Ejecutivo para la adquisici\u00f3n de los veh\u00edculos utilitarios Kangoo que ser\u00e1 afectados a las tareas que se realizan en el \u00e1rea de desarrollo social y producci\u00f3n y en Control Urbano.<\/p>\n<p>La sesi\u00f3n se hab\u00eda desarrollado pr\u00e1cticamente hasta el final en un clima de intercambio de ideas pero sin posiciones cerradas pero sin embargo con el tratamiento de la ultima propuesta, un pedido para tratar sobre tablas efectuado por el bloque del Frente Mercedino para la Victoria para que el Departamento Ejecutivo eleve un informe relacionado con los trabajadores jornalizados que se desempe\u00f1an en dependencias municipales, pedido que result\u00f3 rechazado por los integrantes del oficialismo, es decir el Frente para la Victoria provocando el casi anunciado enojo de los ediles del frente mercedino cuyo m\u00e1ximo referente en las bancas, el concejal Juan pablo L\u00f3pez Baggio pidi\u00f3 la reconsideraci\u00f3n de la votaci\u00f3n efectuada sosteniendo entre otros t\u00e9rminos \u201cac\u00e1 hay una clara animosidad de no acompa\u00f1ar estos proyectos que presentamos.<\/p>\n<p>Soy muy celoso de las redacciones y m\u00e1s aun en este pedido de informes que tiene que ver con el personal jornalizado que es personal de esta municipalidad que est\u00e1 trabajando, prestando servicios en la comuna en condiciones que son desde el punto de vista laboral y de cualquier principio del derecho laboral contrarias y muchas veces con el Ejecutivo amparado por una ley que todos sabemos es muy contraria y perjudicial al trabajador municipal.<\/p>\n<p>Queremos saber determinados datos, es un pedido de informes y nada m\u00e1s, no hace ning\u00fan tipo de evaluaci\u00f3n, no hace ninguna imputaci\u00f3n por eso le pido al bloque de concejales del oficialismo que nos acompa\u00f1e porque ello hace que la actual gesti\u00f3n de gobierno sea aun m\u00e1s transparente ante toda la comunidad de Mercedes\u201d.<\/p>\n<p>El presidente del HCD, Ingeniero Marcelo Denapole aclar\u00f3 que no se trataba del rechazo del proyecto sino de la negativa a dar el tratamiento sobre tablas ya que la propuesta en definitiva se iba a girar para su tratamiento final en las comisiones y al poner nuevamente en votaci\u00f3n ahora ya no el pedido de tablas sino la reconsideraci\u00f3n de lo votado anteriormente se produjo el mismo resultado, es decir el rechazo de parte del oficialismo.<\/p>\n<p>Debemos recordar que al dar inicio la sesi\u00f3n de ayer el titular del HCD Marcelo Den\u00e1pole le tomo juramento como nuevo concejal a Juan Mart\u00edn Andr\u00e9s qui\u00e9n asumi\u00f3 en reemplazo del contador Pablo Perazzo quien solicitara licencia tras haber sido convocado para ocupar un cargo dentro del \u00e1rea Ejecutiva del Gobierno Nacional.<\/p>\n","protected":false},"excerpt":{"rendered":"<p>Durante la Sesi\u00f3n Extraordinaria efectuada por la ma\u00f1ana prest\u00f3 su juramento como integrante del Cuerpo Juan Mart\u00edn Andr\u00e9s en reemplazo &#8230; <a title=\"Importante n\u00famero de temas trat\u00f3 el HCD y Jur\u00f3 Andr\u00e9s en lugar de Perazzo\" class=\"read-more\" href=\"https:\/\/www.hoymercedes.com.ar\/principal\/2012\/02\/15\/importante-numero-de-temas-trato-el-hcd-y-juro-andres-en-lugar-de-perazzo\/\" aria-label=\"Leer m\u00e1s sobre Importante n\u00famero de temas trat\u00f3 el HCD y Jur\u00f3 Andr\u00e9s en lugar de Perazzo\">Leer m\u00e1s<\/a><\/p>\n","protected":false},"author":1,"featured_media":0,"comment_status":"open","ping_status":"open","sticky":false,"template":"","format":"standard","meta":{"_monsterinsights_skip_tracking":false,"_monsterinsights_sitenote_active":false,"_monsterinsights_sitenote_note":"","_monsterinsights_sitenote_category":0,"jetpack_post_was_ever_published":false,"_jetpack_newsletter_access":"","_jetpack_dont_email_post_to_subs":false,"_jetpack_newsletter_tier_id":0,"_jetpack_memberships_contains_paywalled_content":false,"_jetpack_memberships_contains_paid_content":false,"footnotes":"","jetpack_publicize_message":"","jetpack_publicize_feature_enabled":true,"jetpack_social_post_already_shared":false,"jetpack_social_options":{"image_generator_settings":{"template":"highway","default_image_id":0,"font":"","enabled":false},"version":2},"_wpas_customize_per_network":false},"categories":[5],"tags":[45,1876,1877],"class_list":["post-10953","post","type-post","status-publish","format-standard","hentry","category-politica","tag-concejo-deliberante-mercedes","tag-juan-andres","tag-perazzo","generate-columns","tablet-grid-50","mobile-grid-100","grid-parent","grid-50"],"jetpack_publicize_connections":[],"jetpack_featured_media_url":"","wps_subtitle":"","jetpack_sharing_enabled":true,"_links":{"self":[{"href":"https:\/\/www.hoymercedes.com.ar\/principal\/wp-json\/wp\/v2\/posts\/10953","targetHints":{"allow":["GET"]}}],"collection":[{"href":"https:\/\/www.hoymercedes.com.ar\/principal\/wp-json\/wp\/v2\/posts"}],"about":[{"href":"https:\/\/www.hoymercedes.com.ar\/principal\/wp-json\/wp\/v2\/types\/post"}],"author":[{"embeddable":true,"href":"https:\/\/www.hoymercedes.com.ar\/principal\/wp-json\/wp\/v2\/users\/1"}],"replies":[{"embeddable":true,"href":"https:\/\/www.hoymercedes.com.ar\/principal\/wp-json\/wp\/v2\/comments?post=10953"}],"version-history":[{"count":0,"href":"https:\/\/www.hoymercedes.com.ar\/principal\/wp-json\/wp\/v2\/posts\/10953\/revisions"}],"wp:attachment":[{"href":"https:\/\/www.hoymercedes.com.ar\/principal\/wp-json\/wp\/v2\/media?parent=10953"}],"wp:term":[{"taxonomy":"category","embeddable":true,"href":"https:\/\/www.hoymercedes.com.ar\/principal\/wp-json\/wp\/v2\/categories?post=10953"},{"taxonomy":"post_tag","embeddable":true,"href":"https:\/\/www.hoymercedes.com.ar\/principal\/wp-json\/wp\/v2\/tags?post=10953"}],"curies":[{"name":"wp","href":"https:\/\/api.w.org\/{rel}","templated":true}]}}